{"id":3368,"date":"2024-11-21T15:43:36","date_gmt":"2024-11-21T14:43:36","guid":{"rendered":"https:\/\/dietz-verlag.de\/blog\/?p=3368"},"modified":"2024-11-21T15:43:37","modified_gmt":"2024-11-21T14:43:37","slug":"ist-selbstinszenierung-ein-trend-unserer-gesellschaft","status":"publish","type":"post","link":"https:\/\/dietz-verlag.de\/blog\/ist-selbstinszenierung-ein-trend-unserer-gesellschaft\/","title":{"rendered":"Mit Selbstinszenierung auf der Gewinnerseite?"},"content":{"rendered":"\n<p>Wir alle sind Meister der Verstellung. Das ist gar nicht verwerflich. Schein statt sein ist etwas zutiefst Menschliches. Was aber, wenn das Klima in der offenen Gesellschaft rauer wird? Alle treten gegen alle an. \u00bbSoziale Geschmeidigkeit\u00ab ist das neue Kapital und die Schl\u00fcsseltugend unserer Zeit. Wer dar\u00fcber verf\u00fcgt, feiert Erfolge, wer nicht, wird zum Verlierer. Mit diesen Entwicklungen setzt sich Martin Hecht, Journalist und Politologe, in seinem neuen Buch <a href=\"https:\/\/dietz-verlag.de\/isbn\/9783801206840\/Das-geschmeidige-Ich-Die-Gesellschaft-der-Selbstdarsteller-Martin-Hecht\">&#8222;Das geschmeidige Ich. Die Gesellschaft der Selbstdarsteller&#8220;<\/a> auseinander.<\/p>\n\n\n\n<h2 class=\"wp-block-heading has-medium-font-size\">\u00bbSelbstoptimierung muss heute erg\u00e4nzt werden durch soziale Schl\u00e4ue, durch die richtige Inszenierung. Gefragt ist das Talent zur Geschmeidigkeit.\u00ab<\/h2>\n\n\n\n<p>Hecht analysiert heutige Selbstvermarktungsformen, an denen sich oft individuelle Schicksale entscheiden. Dabei geht es nicht nur darum zu zeigen, wer oder wie man ist, sondern darum, sich handfeste \u00f6konomische Vorteile zu verschaffen. Seine Beobachtungen sind \u00fcberraschend und manchmal bissig. <\/p>\n\n\n\n<h4 class=\"wp-block-heading\">Der Aufstand der Ungeschmeidigen<\/h4>\n\n\n\n<p>Die Menschen, so Hecht, haben \u201esich noch nie so sehr auf sich selbst bezogen wie heute\u201c und empfinden gleichzeitig einen Verlust von Selbstwirksamkeit. Das hat auch politische Folgen. Im letzten Kapitel richtet Martin Hecht seinen Blick auf den \u00bb<strong>Aufstand der Ungeschmeidigen<\/strong>\u00ab, der heute die ganze demokratische Welt in Atem h\u00e4lt.<\/p>\n\n\n\n<h2 class=\"wp-block-heading has-medium-font-size\">Der Autor<\/h2>\n\n\n\n<p><a href=\"https:\/\/dietz-verlag.de\/autor\/2300\/martin-hecht\">Martin Hecht<\/a> wurde 1964 geboren. Er ist promovierter Politikwissenschaftler und lebt als freier Autor und Publizist in Mainz. Hecht hat zahlreiche B\u00fccher ver\u00f6ffentlicht und schreibt unter anderem f\u00fcr Die ZEIT, Gehirn &amp; Geist und DER SPIEGEL. Bei Dietz erschienen: \u201e<a href=\"https:\/\/dietz-verlag.de\/isbn\/9783801205881\/Die-Einsamkeit-des-modernen-Menschen-Wie-das-radikale-Ich-unsere-Demokratie-bedroht-Martin-Hecht\">Die Einsamkeit des modernen Menschen. Wie das radikale Ich unsere Demokratie bedroht<\/a>\u201c. <a href=\"https:\/\/www.martinhecht.net\/\">www.martinhecht.net<\/a><\/p>\n\n\n\n<p><\/p>\n","protected":false},"excerpt":{"rendered":"<p>Wir alle sind Meister der Verstellung. Das ist gar nicht verwerflich. Schein statt sein ist etwas zutiefst Menschliches. Was aber, wenn das Klima in der offenen Gesellschaft rauer wird? Alle treten gegen alle an. \u00bbSoziale Geschmeidigkeit\u00ab ist das neue Kapital und die Schl\u00fcsseltugend unserer Zeit. Wer dar\u00fcber verf\u00fcgt, feiert Erfolge, wer nicht, wird zum Verlierer. [&hellip;]<\/p>\n","protected":false},"author":2,"featured_media":3395,"comment_status":"closed","ping_status":"open","sticky":false,"template":"","format":"standard","meta":{"footnotes":""},"categories":[16],"tags":[65,1507,44,1510,1511,1505,1504,1508,1509,1436,1506],"post_flags":[],"class_list":["post-3368","post","type-post","status-publish","format-standard","has-post-thumbnail","hentry","category-neue-buecher-politik","tag-demokratiegefaehrdung","tag-erfolgsgesellschaft","tag-gesellschaft","tag-inszenierung","tag-martin-hecht","tag-selbstdarstellung","tag-selbstinszenierung","tag-selbstvermarktung","tag-selbstvermarktungsformen","tag-social-media","tag-soziale-geschmeidigkeit"],"acf":[],"yoast_head":"<!-- This site is optimized with the Yoast SEO plugin v27.5 - https:\/\/yoast.com\/product\/yoast-seo-wordpress\/ -->\n<title>Mit Selbstinszenierung auf der Gewinnerseite? - Dietz Verlag Blog<\/title>\n<meta name=\"description\" content=\"Martin Hecht analysiert in seinem Buch \u00bbDas geschmeidige Ich\u00ab Formen, Ausw\u00fcchse und Folgen der Selbstinszenierung in unserer Gesellschaft.\" \/>\n<meta name=\"robots\" content=\"index, follow, max-snippet:-1, max-image-preview:large, max-video-preview:-1\" \/>\n<link rel=\"canonical\" href=\"https:\/\/dietz-verlag.de\/blog\/ist-selbstinszenierung-ein-trend-unserer-gesellschaft\/\" \/>\n<meta property=\"og:locale\" content=\"de_DE\" \/>\n<meta property=\"og:type\" content=\"article\" \/>\n<meta property=\"og:title\" content=\"Mit Selbstinszenierung auf der Gewinnerseite? - Dietz Verlag Blog\" \/>\n<meta property=\"og:description\" content=\"Martin Hecht analysiert in seinem Buch \u00bbDas geschmeidige Ich\u00ab Formen, Ausw\u00fcchse und Folgen der Selbstinszenierung in unserer Gesellschaft.\" \/>\n<meta property=\"og:url\" content=\"https:\/\/dietz-verlag.de\/blog\/ist-selbstinszenierung-ein-trend-unserer-gesellschaft\/\" \/>\n<meta property=\"og:site_name\" content=\"Dietz Verlag Blog\" \/>\n<meta property=\"article:published_time\" content=\"2024-11-21T14:43:36+00:00\" \/>\n<meta property=\"article:modified_time\" content=\"2024-11-21T14:43:37+00:00\" \/>\n<meta property=\"og:image\" content=\"https:\/\/dietz-verlag.de\/blog\/wp-content\/uploads\/2024\/11\/Blog_Hecht_Ich.webp\" \/>\n\t<meta property=\"og:image:width\" content=\"1400\" \/>\n\t<meta property=\"og:image:height\" content=\"700\" \/>\n\t<meta property=\"og:image:type\" content=\"image\/webp\" \/>\n<meta name=\"author\" content=\"Oh\" \/>\n<meta name=\"twitter:card\" content=\"summary_large_image\" \/>\n<meta name=\"twitter:label1\" content=\"Verfasst von\" \/>\n\t<meta name=\"twitter:data1\" content=\"Oh\" \/>\n\t<meta name=\"twitter:label2\" content=\"Gesch\u00e4tzte Lesezeit\" \/>\n\t<meta name=\"twitter:data2\" content=\"1\u00a0Minute\" \/>\n<script type=\"application\/ld+json\" class=\"yoast-schema-graph\">{\"@context\":\"https:\\\/\\\/schema.org\",\"@graph\":[{\"@type\":\"Article\",\"@id\":\"https:\\\/\\\/dietz-verlag.de\\\/blog\\\/ist-selbstinszenierung-ein-trend-unserer-gesellschaft\\\/#article\",\"isPartOf\":{\"@id\":\"https:\\\/\\\/dietz-verlag.de\\\/blog\\\/ist-selbstinszenierung-ein-trend-unserer-gesellschaft\\\/\"},\"author\":{\"name\":\"Oh\",\"@id\":\"https:\\\/\\\/dietz-verlag.de\\\/blog\\\/#\\\/schema\\\/person\\\/7cd2cd668cf616f5c70cd54974dd6de3\"},\"headline\":\"Mit Selbstinszenierung auf der Gewinnerseite?\",\"datePublished\":\"2024-11-21T14:43:36+00:00\",\"dateModified\":\"2024-11-21T14:43:37+00:00\",\"mainEntityOfPage\":{\"@id\":\"https:\\\/\\\/dietz-verlag.de\\\/blog\\\/ist-selbstinszenierung-ein-trend-unserer-gesellschaft\\\/\"},\"wordCount\":257,\"image\":{\"@id\":\"https:\\\/\\\/dietz-verlag.de\\\/blog\\\/ist-selbstinszenierung-ein-trend-unserer-gesellschaft\\\/#primaryimage\"},\"thumbnailUrl\":\"https:\\\/\\\/dietz-verlag.de\\\/blog\\\/wp-content\\\/uploads\\\/2024\\\/11\\\/Blog_Hecht_Ich.webp\",\"keywords\":[\"Demokratiegef\u00e4hrdung\",\"Erfolgsgesellschaft\",\"Gesellschaft\",\"Inszenierung\",\"Martin Hecht\",\"Selbstdarstellung\",\"Selbstinszenierung\",\"Selbstvermarktung\",\"Selbstvermarktungsformen\",\"Social Media\",\"Soziale Geschmeidigkeit\"],\"articleSection\":[\"Neuerscheinungen\"],\"inLanguage\":\"de\"},{\"@type\":\"WebPage\",\"@id\":\"https:\\\/\\\/dietz-verlag.de\\\/blog\\\/ist-selbstinszenierung-ein-trend-unserer-gesellschaft\\\/\",\"url\":\"https:\\\/\\\/dietz-verlag.de\\\/blog\\\/ist-selbstinszenierung-ein-trend-unserer-gesellschaft\\\/\",\"name\":\"Mit Selbstinszenierung auf der Gewinnerseite? - Dietz Verlag Blog\",\"isPartOf\":{\"@id\":\"https:\\\/\\\/dietz-verlag.de\\\/blog\\\/#website\"},\"primaryImageOfPage\":{\"@id\":\"https:\\\/\\\/dietz-verlag.de\\\/blog\\\/ist-selbstinszenierung-ein-trend-unserer-gesellschaft\\\/#primaryimage\"},\"image\":{\"@id\":\"https:\\\/\\\/dietz-verlag.de\\\/blog\\\/ist-selbstinszenierung-ein-trend-unserer-gesellschaft\\\/#primaryimage\"},\"thumbnailUrl\":\"https:\\\/\\\/dietz-verlag.de\\\/blog\\\/wp-content\\\/uploads\\\/2024\\\/11\\\/Blog_Hecht_Ich.webp\",\"datePublished\":\"2024-11-21T14:43:36+00:00\",\"dateModified\":\"2024-11-21T14:43:37+00:00\",\"author\":{\"@id\":\"https:\\\/\\\/dietz-verlag.de\\\/blog\\\/#\\\/schema\\\/person\\\/7cd2cd668cf616f5c70cd54974dd6de3\"},\"description\":\"Martin Hecht analysiert in seinem Buch \u00bbDas geschmeidige Ich\u00ab Formen, Ausw\u00fcchse und Folgen der Selbstinszenierung in unserer Gesellschaft.\",\"breadcrumb\":{\"@id\":\"https:\\\/\\\/dietz-verlag.de\\\/blog\\\/ist-selbstinszenierung-ein-trend-unserer-gesellschaft\\\/#breadcrumb\"},\"inLanguage\":\"de\",\"potentialAction\":[{\"@type\":\"ReadAction\",\"target\":[\"https:\\\/\\\/dietz-verlag.de\\\/blog\\\/ist-selbstinszenierung-ein-trend-unserer-gesellschaft\\\/\"]}]},{\"@type\":\"ImageObject\",\"inLanguage\":\"de\",\"@id\":\"https:\\\/\\\/dietz-verlag.de\\\/blog\\\/ist-selbstinszenierung-ein-trend-unserer-gesellschaft\\\/#primaryimage\",\"url\":\"https:\\\/\\\/dietz-verlag.de\\\/blog\\\/wp-content\\\/uploads\\\/2024\\\/11\\\/Blog_Hecht_Ich.webp\",\"contentUrl\":\"https:\\\/\\\/dietz-verlag.de\\\/blog\\\/wp-content\\\/uploads\\\/2024\\\/11\\\/Blog_Hecht_Ich.webp\",\"width\":1400,\"height\":700,\"caption\":\"Cover des Buches \\\"Das geschmeidige Ich. Die Gesellschaft der Selbstdarsteller\\\" von Martin Hecht.\"},{\"@type\":\"BreadcrumbList\",\"@id\":\"https:\\\/\\\/dietz-verlag.de\\\/blog\\\/ist-selbstinszenierung-ein-trend-unserer-gesellschaft\\\/#breadcrumb\",\"itemListElement\":[{\"@type\":\"ListItem\",\"position\":1,\"name\":\"Startseite\",\"item\":\"https:\\\/\\\/dietz-verlag.de\\\/blog\\\/\"},{\"@type\":\"ListItem\",\"position\":2,\"name\":\"Mit Selbstinszenierung auf der Gewinnerseite?\"}]},{\"@type\":\"WebSite\",\"@id\":\"https:\\\/\\\/dietz-verlag.de\\\/blog\\\/#website\",\"url\":\"https:\\\/\\\/dietz-verlag.de\\\/blog\\\/\",\"name\":\"Dietz Verlag Blog\",\"description\":\"Politik, Gesellschaft und Geschichte\",\"potentialAction\":[{\"@type\":\"SearchAction\",\"target\":{\"@type\":\"EntryPoint\",\"urlTemplate\":\"https:\\\/\\\/dietz-verlag.de\\\/blog\\\/?s={search_term_string}\"},\"query-input\":{\"@type\":\"PropertyValueSpecification\",\"valueRequired\":true,\"valueName\":\"search_term_string\"}}],\"inLanguage\":\"de\"},{\"@type\":\"Person\",\"@id\":\"https:\\\/\\\/dietz-verlag.de\\\/blog\\\/#\\\/schema\\\/person\\\/7cd2cd668cf616f5c70cd54974dd6de3\",\"name\":\"Oh\",\"image\":{\"@type\":\"ImageObject\",\"inLanguage\":\"de\",\"@id\":\"https:\\\/\\\/secure.gravatar.com\\\/avatar\\\/2753eb960a803d4b6c0fc295b07ad7ef2d5937b5e4e3f79504212153daa57c3d?s=96&d=mm&r=g\",\"url\":\"https:\\\/\\\/secure.gravatar.com\\\/avatar\\\/2753eb960a803d4b6c0fc295b07ad7ef2d5937b5e4e3f79504212153daa57c3d?s=96&d=mm&r=g\",\"contentUrl\":\"https:\\\/\\\/secure.gravatar.com\\\/avatar\\\/2753eb960a803d4b6c0fc295b07ad7ef2d5937b5e4e3f79504212153daa57c3d?s=96&d=mm&r=g\",\"caption\":\"Oh\"},\"sameAs\":[\"http:\\\/\\\/dietz-verlag.de\"],\"url\":\"https:\\\/\\\/dietz-verlag.de\\\/blog\\\/author\\\/barbaraoh\\\/\"}]}<\/script>\n<!-- \/ Yoast SEO plugin. -->","yoast_head_json":{"title":"Mit Selbstinszenierung auf der Gewinnerseite? - Dietz Verlag Blog","description":"Martin Hecht analysiert in seinem Buch \u00bbDas geschmeidige Ich\u00ab Formen, Ausw\u00fcchse und Folgen der Selbstinszenierung in unserer Gesellschaft.","robots":{"index":"index","follow":"follow","max-snippet":"max-snippet:-1","max-image-preview":"max-image-preview:large","max-video-preview":"max-video-preview:-1"},"canonical":"https:\/\/dietz-verlag.de\/blog\/ist-selbstinszenierung-ein-trend-unserer-gesellschaft\/","og_locale":"de_DE","og_type":"article","og_title":"Mit Selbstinszenierung auf der Gewinnerseite? - Dietz Verlag Blog","og_description":"Martin Hecht analysiert in seinem Buch \u00bbDas geschmeidige Ich\u00ab Formen, Ausw\u00fcchse und Folgen der Selbstinszenierung in unserer Gesellschaft.","og_url":"https:\/\/dietz-verlag.de\/blog\/ist-selbstinszenierung-ein-trend-unserer-gesellschaft\/","og_site_name":"Dietz Verlag Blog","article_published_time":"2024-11-21T14:43:36+00:00","article_modified_time":"2024-11-21T14:43:37+00:00","og_image":[{"width":1400,"height":700,"url":"https:\/\/dietz-verlag.de\/blog\/wp-content\/uploads\/2024\/11\/Blog_Hecht_Ich.webp","type":"image\/webp"}],"author":"Oh","twitter_card":"summary_large_image","twitter_misc":{"Verfasst von":"Oh","Gesch\u00e4tzte Lesezeit":"1\u00a0Minute"},"schema":{"@context":"https:\/\/schema.org","@graph":[{"@type":"Article","@id":"https:\/\/dietz-verlag.de\/blog\/ist-selbstinszenierung-ein-trend-unserer-gesellschaft\/#article","isPartOf":{"@id":"https:\/\/dietz-verlag.de\/blog\/ist-selbstinszenierung-ein-trend-unserer-gesellschaft\/"},"author":{"name":"Oh","@id":"https:\/\/dietz-verlag.de\/blog\/#\/schema\/person\/7cd2cd668cf616f5c70cd54974dd6de3"},"headline":"Mit Selbstinszenierung auf der Gewinnerseite?","datePublished":"2024-11-21T14:43:36+00:00","dateModified":"2024-11-21T14:43:37+00:00","mainEntityOfPage":{"@id":"https:\/\/dietz-verlag.de\/blog\/ist-selbstinszenierung-ein-trend-unserer-gesellschaft\/"},"wordCount":257,"image":{"@id":"https:\/\/dietz-verlag.de\/blog\/ist-selbstinszenierung-ein-trend-unserer-gesellschaft\/#primaryimage"},"thumbnailUrl":"https:\/\/dietz-verlag.de\/blog\/wp-content\/uploads\/2024\/11\/Blog_Hecht_Ich.webp","keywords":["Demokratiegef\u00e4hrdung","Erfolgsgesellschaft","Gesellschaft","Inszenierung","Martin Hecht","Selbstdarstellung","Selbstinszenierung","Selbstvermarktung","Selbstvermarktungsformen","Social Media","Soziale Geschmeidigkeit"],"articleSection":["Neuerscheinungen"],"inLanguage":"de"},{"@type":"WebPage","@id":"https:\/\/dietz-verlag.de\/blog\/ist-selbstinszenierung-ein-trend-unserer-gesellschaft\/","url":"https:\/\/dietz-verlag.de\/blog\/ist-selbstinszenierung-ein-trend-unserer-gesellschaft\/","name":"Mit Selbstinszenierung auf der Gewinnerseite? - Dietz Verlag Blog","isPartOf":{"@id":"https:\/\/dietz-verlag.de\/blog\/#website"},"primaryImageOfPage":{"@id":"https:\/\/dietz-verlag.de\/blog\/ist-selbstinszenierung-ein-trend-unserer-gesellschaft\/#primaryimage"},"image":{"@id":"https:\/\/dietz-verlag.de\/blog\/ist-selbstinszenierung-ein-trend-unserer-gesellschaft\/#primaryimage"},"thumbnailUrl":"https:\/\/dietz-verlag.de\/blog\/wp-content\/uploads\/2024\/11\/Blog_Hecht_Ich.webp","datePublished":"2024-11-21T14:43:36+00:00","dateModified":"2024-11-21T14:43:37+00:00","author":{"@id":"https:\/\/dietz-verlag.de\/blog\/#\/schema\/person\/7cd2cd668cf616f5c70cd54974dd6de3"},"description":"Martin Hecht analysiert in seinem Buch \u00bbDas geschmeidige Ich\u00ab Formen, Ausw\u00fcchse und Folgen der Selbstinszenierung in unserer Gesellschaft.","breadcrumb":{"@id":"https:\/\/dietz-verlag.de\/blog\/ist-selbstinszenierung-ein-trend-unserer-gesellschaft\/#breadcrumb"},"inLanguage":"de","potentialAction":[{"@type":"ReadAction","target":["https:\/\/dietz-verlag.de\/blog\/ist-selbstinszenierung-ein-trend-unserer-gesellschaft\/"]}]},{"@type":"ImageObject","inLanguage":"de","@id":"https:\/\/dietz-verlag.de\/blog\/ist-selbstinszenierung-ein-trend-unserer-gesellschaft\/#primaryimage","url":"https:\/\/dietz-verlag.de\/blog\/wp-content\/uploads\/2024\/11\/Blog_Hecht_Ich.webp","contentUrl":"https:\/\/dietz-verlag.de\/blog\/wp-content\/uploads\/2024\/11\/Blog_Hecht_Ich.webp","width":1400,"height":700,"caption":"Cover des Buches \"Das geschmeidige Ich. Die Gesellschaft der Selbstdarsteller\" von Martin Hecht."},{"@type":"BreadcrumbList","@id":"https:\/\/dietz-verlag.de\/blog\/ist-selbstinszenierung-ein-trend-unserer-gesellschaft\/#breadcrumb","itemListElement":[{"@type":"ListItem","position":1,"name":"Startseite","item":"https:\/\/dietz-verlag.de\/blog\/"},{"@type":"ListItem","position":2,"name":"Mit Selbstinszenierung auf der Gewinnerseite?"}]},{"@type":"WebSite","@id":"https:\/\/dietz-verlag.de\/blog\/#website","url":"https:\/\/dietz-verlag.de\/blog\/","name":"Dietz Verlag Blog","description":"Politik, Gesellschaft und Geschichte","potentialAction":[{"@type":"SearchAction","target":{"@type":"EntryPoint","urlTemplate":"https:\/\/dietz-verlag.de\/blog\/?s={search_term_string}"},"query-input":{"@type":"PropertyValueSpecification","valueRequired":true,"valueName":"search_term_string"}}],"inLanguage":"de"},{"@type":"Person","@id":"https:\/\/dietz-verlag.de\/blog\/#\/schema\/person\/7cd2cd668cf616f5c70cd54974dd6de3","name":"Oh","image":{"@type":"ImageObject","inLanguage":"de","@id":"https:\/\/secure.gravatar.com\/avatar\/2753eb960a803d4b6c0fc295b07ad7ef2d5937b5e4e3f79504212153daa57c3d?s=96&d=mm&r=g","url":"https:\/\/secure.gravatar.com\/avatar\/2753eb960a803d4b6c0fc295b07ad7ef2d5937b5e4e3f79504212153daa57c3d?s=96&d=mm&r=g","contentUrl":"https:\/\/secure.gravatar.com\/avatar\/2753eb960a803d4b6c0fc295b07ad7ef2d5937b5e4e3f79504212153daa57c3d?s=96&d=mm&r=g","caption":"Oh"},"sameAs":["http:\/\/dietz-verlag.de"],"url":"https:\/\/dietz-verlag.de\/blog\/author\/barbaraoh\/"}]}},"_links":{"self":[{"href":"https:\/\/dietz-verlag.de\/blog\/wp-json\/wp\/v2\/posts\/3368","targetHints":{"allow":["GET"]}}],"collection":[{"href":"https:\/\/dietz-verlag.de\/blog\/wp-json\/wp\/v2\/posts"}],"about":[{"href":"https:\/\/dietz-verlag.de\/blog\/wp-json\/wp\/v2\/types\/post"}],"author":[{"embeddable":true,"href":"https:\/\/dietz-verlag.de\/blog\/wp-json\/wp\/v2\/users\/2"}],"replies":[{"embeddable":true,"href":"https:\/\/dietz-verlag.de\/blog\/wp-json\/wp\/v2\/comments?post=3368"}],"version-history":[{"count":5,"href":"https:\/\/dietz-verlag.de\/blog\/wp-json\/wp\/v2\/posts\/3368\/revisions"}],"predecessor-version":[{"id":3399,"href":"https:\/\/dietz-verlag.de\/blog\/wp-json\/wp\/v2\/posts\/3368\/revisions\/3399"}],"wp:featuredmedia":[{"embeddable":true,"href":"https:\/\/dietz-verlag.de\/blog\/wp-json\/wp\/v2\/media\/3395"}],"wp:attachment":[{"href":"https:\/\/dietz-verlag.de\/blog\/wp-json\/wp\/v2\/media?parent=3368"}],"wp:term":[{"taxonomy":"category","embeddable":true,"href":"https:\/\/dietz-verlag.de\/blog\/wp-json\/wp\/v2\/categories?post=3368"},{"taxonomy":"post_tag","embeddable":true,"href":"https:\/\/dietz-verlag.de\/blog\/wp-json\/wp\/v2\/tags?post=3368"},{"taxonomy":"post_flag","embeddable":true,"href":"https:\/\/dietz-verlag.de\/blog\/wp-json\/wp\/v2\/post_flags?post=3368"}],"curies":[{"name":"wp","href":"https:\/\/api.w.org\/{rel}","templated":true}]}}