{"id":2394,"date":"2022-09-26T13:22:07","date_gmt":"2022-09-26T13:22:07","guid":{"rendered":"https:\/\/dietz-verlag.de\/blog\/?p=2394"},"modified":"2022-09-26T13:22:08","modified_gmt":"2022-09-26T13:22:08","slug":"wahl-in-italien-enrico-berlinguers-biografie-als-buch-der-stunde","status":"publish","type":"post","link":"https:\/\/dietz-verlag.de\/blog\/wahl-in-italien-enrico-berlinguers-biografie-als-buch-der-stunde\/","title":{"rendered":"Wahl in Italien: Enrico Berlinguers Biografie ist das &#8222;Buch der Stunde&#8220;"},"content":{"rendered":"\n<p>Nach der Wahl in Italien ist die Biografie <a href=\"https:\/\/dietz-verlag.de\/isbn\/9783801206284\/Der-eigenartige-Genosse-Enrico-Berlinguer-Kommunist-und-Demokrat-im-Nachkriegseuropa-Chiara-Valentini\">\u00bbDer eigenartige Genosse Enrico Berlinguer. Kommunist und Demokrat im Nachkriegseuropa\u00ab<\/a> von Chiara Valentini das &#8222;Buch der Stunde zur politischen Situation im Italien von heute&#8220; schreibt Claus-J\u00fcrgen G\u00f6pfert in seiner Rezension in der Frankfurter Rundschau.  <\/p>\n\n\n\n<h4 class=\"wp-block-heading\"><strong>Politische Schl\u00fcsselfigur Italiens<\/strong><\/h4>\n\n\n\n<p>\u00bbEs ist das Buch der Stunde zur politischen Situation im Italien von heute, kurz vor der Parlamentswahl am 25. September 2022. Um zu verstehen, woher das heutige, unendlich zersplitterte politische System Italiens kommt, muss man es lesen. Und Valentinis spannende, eher romanhafte Arbeit gibt auf knapp 500 Seiten Hinweise darauf, wie sich eine politische Linke in Italien heute wieder vereinen und an Dynamik gewinnen k\u00f6nnte.\u00ab <a href=\"https:\/\/www.fr.de\/politik\/berlinguers-credo-die-linke-muss-offen-fuer-neue-bewegungen-sein-91793549.html\">Zur Buchbesprechung in der &#8222;Frankfurter Rundschau&#8220;<\/a> <\/p>\n\n\n\n<p><strong>Was w\u00e4re, wenn&#8230;?<\/strong><\/p>\n\n\n\n<p>Auch die langj\u00e4hrige SPIEGEL-Korrespondentin in Italien, Birgit M. Kraatz, schreibt in ihrer Rezension in der S\u00fcddeutschen Zeitung: \u00bbDie Biografie zeigt, wie Italien auch einmal war und wie es heute sein k\u00f6nnte. (&#8230;) Das dicht recherchierte und lebendig geschriebene Buch \u00fcber den legend\u00e4ren KPI-Chef und engagierten Europ\u00e4er aus der Feder der renommierten italienischen Journalistin Chiara Valentini (<em>Espresso, Panorama<\/em>) erz\u00e4hlt sehr detailreich die faszinierende Geschichte eines aristokratischen Kommunisten und charismatischen Demokraten.\u00ab  <a href=\"https:\/\/www.sueddeutsche.de\/politik\/enrico-berlinguer-italien-kommunistische-partei-roter-terror-aldo-moro-chiara-valentini-1.5659206\">Zur Buchbesprechung in der S\u00fcddeutschen Zeitung <\/a> <\/p>\n\n\n\n<h4 class=\"wp-block-heading\"><strong>\u00dcber das Buch<\/strong><\/h4>\n\n\n\n<p><a href=\"https:\/\/dietz-verlag.de\/isbn\/9783801206284\/Der-eigenartige-Genosse-Enrico-Berlinguer-Kommunist-und-Demokrat-im-Nachkriegseuropa-Chiara-Valentini\">Enrico Berlinguer<\/a> ist eine Schl\u00fcsselfigur der politischen Geschichte Italiens. Von 1972 bis 1984 war er Generalsekret\u00e4r der Kommunistischen Partei Italiens, der gr\u00f6\u00dften in einem westlichen Land. Er gilt als Vater des \u00bbEurokommunismus\u00ab. Wie kam es, dass Berlinguer diese neue Konzeption eines demokratischen Kommunismus entwickelte und damit neue Wege ging? Worin liegt Berlinguers Bedeutung heute?<br>Die italienische Journalistin und Schriftstellerin <a href=\"https:\/\/dietz-verlag.de\/autor\/2347\/chiara-valentini\">Chiara Valentini<\/a> zeichnet dazu dicht und fesselnd ein umfassendes, gut dokumentiertes Portr\u00e4t. Sie berichtet \u00fcber bislang unbekannte menschliche und politische Dimensionen und beschreibt die Ideen, Leidenschaften, Fehler und Erfolge dieses gro\u00dfen Europ\u00e4ers.<\/p>\n","protected":false},"excerpt":{"rendered":"<p>Nach der Wahl in Italien ist die Biografie \u00bbDer eigenartige Genosse Enrico Berlinguer. Kommunist und Demokrat im Nachkriegseuropa\u00ab von Chiara Valentini das &#8222;Buch der Stunde zur politischen Situation im Italien von heute&#8220; schreibt Claus-J\u00fcrgen G\u00f6pfert in seiner Rezension in der Frankfurter Rundschau. Politische Schl\u00fcsselfigur Italiens \u00bbEs ist das Buch der Stunde zur politischen Situation im [&hellip;]<\/p>\n","protected":false},"author":2,"featured_media":2135,"comment_status":"closed","ping_status":"open","sticky":false,"template":"","format":"standard","meta":{"footnotes":""},"categories":[5],"tags":[360,41,65,357,101,637,638,642,641,640,643,644,636,286,633,635,639,304],"post_flags":[],"class_list":["post-2394","post","type-post","status-publish","format-standard","has-post-thumbnail","hentry","category-dietz-news-neues-aus-dem-verlag","tag-chiara-valentini","tag-demokratie","tag-demokratiegefaehrdung","tag-enrico-berlinguer","tag-europa","tag-fratelli-ditalia","tag-giorgia-meloni","tag-italien-politiker","tag-italienische-politik","tag-italienische-politiker","tag-italiens-linke","tag-kpi-italien","tag-parlamentswahl-in-italien","tag-politik","tag-politisches-erbe","tag-politisches-system","tag-rechtsbuendnis-italien","tag-rechtsruck"],"acf":[],"yoast_head":"<!-- This site is optimized with the Yoast SEO plugin v27.5 - https:\/\/yoast.com\/product\/yoast-seo-wordpress\/ -->\n<title>Wahl in Italien: Enrico Berlinguers Biografie ist das &quot;Buch der Stunde&quot; - Dietz Verlag Blog<\/title>\n<meta name=\"description\" content=\"Zur Wahl in Italien ist die Biografie \u00fcber Enrico Berlinguer das Buch der Stunde\" \/>\n<meta name=\"robots\" content=\"index, follow, max-snippet:-1, max-image-preview:large, max-video-preview:-1\" \/>\n<link rel=\"canonical\" href=\"https:\/\/dietz-verlag.de\/blog\/wahl-in-italien-enrico-berlinguers-biografie-als-buch-der-stunde\/\" \/>\n<meta property=\"og:locale\" content=\"de_DE\" \/>\n<meta property=\"og:type\" content=\"article\" \/>\n<meta property=\"og:title\" content=\"Wahl in Italien: Enrico Berlinguers Biografie ist das &quot;Buch der Stunde&quot; - Dietz Verlag Blog\" \/>\n<meta property=\"og:description\" content=\"Zur Wahl in Italien ist die Biografie \u00fcber Enrico Berlinguer das Buch der Stunde\" \/>\n<meta property=\"og:url\" content=\"https:\/\/dietz-verlag.de\/blog\/wahl-in-italien-enrico-berlinguers-biografie-als-buch-der-stunde\/\" \/>\n<meta property=\"og:site_name\" content=\"Dietz Verlag Blog\" \/>\n<meta property=\"article:published_time\" content=\"2022-09-26T13:22:07+00:00\" \/>\n<meta property=\"article:modified_time\" content=\"2022-09-26T13:22:08+00:00\" \/>\n<meta property=\"og:image\" content=\"https:\/\/dietz-verlag.de\/blog\/wp-content\/uploads\/2022\/02\/Blog_Berlinguer.webp\" \/>\n\t<meta property=\"og:image:width\" content=\"1867\" \/>\n\t<meta property=\"og:image:height\" content=\"933\" \/>\n\t<meta property=\"og:image:type\" content=\"image\/webp\" \/>\n<meta name=\"author\" content=\"Oh\" \/>\n<meta name=\"twitter:card\" content=\"summary_large_image\" \/>\n<meta name=\"twitter:label1\" content=\"Verfasst von\" \/>\n\t<meta name=\"twitter:data1\" content=\"Oh\" \/>\n\t<meta name=\"twitter:label2\" content=\"Gesch\u00e4tzte Lesezeit\" \/>\n\t<meta name=\"twitter:data2\" content=\"2\u00a0Minuten\" \/>\n<script type=\"application\/ld+json\" class=\"yoast-schema-graph\">{\"@context\":\"https:\\\/\\\/schema.org\",\"@graph\":[{\"@type\":\"Article\",\"@id\":\"https:\\\/\\\/dietz-verlag.de\\\/blog\\\/wahl-in-italien-enrico-berlinguers-biografie-als-buch-der-stunde\\\/#article\",\"isPartOf\":{\"@id\":\"https:\\\/\\\/dietz-verlag.de\\\/blog\\\/wahl-in-italien-enrico-berlinguers-biografie-als-buch-der-stunde\\\/\"},\"author\":{\"name\":\"Oh\",\"@id\":\"https:\\\/\\\/dietz-verlag.de\\\/blog\\\/#\\\/schema\\\/person\\\/7cd2cd668cf616f5c70cd54974dd6de3\"},\"headline\":\"Wahl in Italien: Enrico Berlinguers Biografie ist das &#8222;Buch der Stunde&#8220;\",\"datePublished\":\"2022-09-26T13:22:07+00:00\",\"dateModified\":\"2022-09-26T13:22:08+00:00\",\"mainEntityOfPage\":{\"@id\":\"https:\\\/\\\/dietz-verlag.de\\\/blog\\\/wahl-in-italien-enrico-berlinguers-biografie-als-buch-der-stunde\\\/\"},\"wordCount\":311,\"image\":{\"@id\":\"https:\\\/\\\/dietz-verlag.de\\\/blog\\\/wahl-in-italien-enrico-berlinguers-biografie-als-buch-der-stunde\\\/#primaryimage\"},\"thumbnailUrl\":\"https:\\\/\\\/dietz-verlag.de\\\/blog\\\/wp-content\\\/uploads\\\/2022\\\/02\\\/Blog_Berlinguer.webp\",\"keywords\":[\"Chiara Valentini\",\"Demokratie\",\"Demokratiegef\u00e4hrdung\",\"Enrico Berlinguer\",\"Europa\",\"Fratelli d&#039;Italia\",\"Giorgia Meloni\",\"Italien Politiker\",\"Italienische Politik\",\"Italienische Politiker\",\"Italiens Linke\",\"KPI Italien\",\"Parlamentswahl in Italien\",\"Politik\",\"politisches Erbe\",\"politisches System\",\"Rechtsb\u00fcndnis Italien\",\"Rechtsruck\"],\"articleSection\":[\"Dietz-News\"],\"inLanguage\":\"de\"},{\"@type\":\"WebPage\",\"@id\":\"https:\\\/\\\/dietz-verlag.de\\\/blog\\\/wahl-in-italien-enrico-berlinguers-biografie-als-buch-der-stunde\\\/\",\"url\":\"https:\\\/\\\/dietz-verlag.de\\\/blog\\\/wahl-in-italien-enrico-berlinguers-biografie-als-buch-der-stunde\\\/\",\"name\":\"Wahl in Italien: Enrico Berlinguers Biografie ist das \\\"Buch der Stunde\\\" - Dietz Verlag Blog\",\"isPartOf\":{\"@id\":\"https:\\\/\\\/dietz-verlag.de\\\/blog\\\/#website\"},\"primaryImageOfPage\":{\"@id\":\"https:\\\/\\\/dietz-verlag.de\\\/blog\\\/wahl-in-italien-enrico-berlinguers-biografie-als-buch-der-stunde\\\/#primaryimage\"},\"image\":{\"@id\":\"https:\\\/\\\/dietz-verlag.de\\\/blog\\\/wahl-in-italien-enrico-berlinguers-biografie-als-buch-der-stunde\\\/#primaryimage\"},\"thumbnailUrl\":\"https:\\\/\\\/dietz-verlag.de\\\/blog\\\/wp-content\\\/uploads\\\/2022\\\/02\\\/Blog_Berlinguer.webp\",\"datePublished\":\"2022-09-26T13:22:07+00:00\",\"dateModified\":\"2022-09-26T13:22:08+00:00\",\"author\":{\"@id\":\"https:\\\/\\\/dietz-verlag.de\\\/blog\\\/#\\\/schema\\\/person\\\/7cd2cd668cf616f5c70cd54974dd6de3\"},\"description\":\"Zur Wahl in Italien ist die Biografie \u00fcber Enrico Berlinguer das Buch der Stunde\",\"breadcrumb\":{\"@id\":\"https:\\\/\\\/dietz-verlag.de\\\/blog\\\/wahl-in-italien-enrico-berlinguers-biografie-als-buch-der-stunde\\\/#breadcrumb\"},\"inLanguage\":\"de\",\"potentialAction\":[{\"@type\":\"ReadAction\",\"target\":[\"https:\\\/\\\/dietz-verlag.de\\\/blog\\\/wahl-in-italien-enrico-berlinguers-biografie-als-buch-der-stunde\\\/\"]}]},{\"@type\":\"ImageObject\",\"inLanguage\":\"de\",\"@id\":\"https:\\\/\\\/dietz-verlag.de\\\/blog\\\/wahl-in-italien-enrico-berlinguers-biografie-als-buch-der-stunde\\\/#primaryimage\",\"url\":\"https:\\\/\\\/dietz-verlag.de\\\/blog\\\/wp-content\\\/uploads\\\/2022\\\/02\\\/Blog_Berlinguer.webp\",\"contentUrl\":\"https:\\\/\\\/dietz-verlag.de\\\/blog\\\/wp-content\\\/uploads\\\/2022\\\/02\\\/Blog_Berlinguer.webp\",\"width\":1867,\"height\":933,\"caption\":\"Cover des Buches \\\"Der eigenartige Genosse. Enrico Berlinguer\\\" von Chiara Valentini\"},{\"@type\":\"BreadcrumbList\",\"@id\":\"https:\\\/\\\/dietz-verlag.de\\\/blog\\\/wahl-in-italien-enrico-berlinguers-biografie-als-buch-der-stunde\\\/#breadcrumb\",\"itemListElement\":[{\"@type\":\"ListItem\",\"position\":1,\"name\":\"Startseite\",\"item\":\"https:\\\/\\\/dietz-verlag.de\\\/blog\\\/\"},{\"@type\":\"ListItem\",\"position\":2,\"name\":\"Wahl in Italien: Enrico Berlinguers Biografie ist das &#8222;Buch der Stunde&#8220;\"}]},{\"@type\":\"WebSite\",\"@id\":\"https:\\\/\\\/dietz-verlag.de\\\/blog\\\/#website\",\"url\":\"https:\\\/\\\/dietz-verlag.de\\\/blog\\\/\",\"name\":\"Dietz Verlag Blog\",\"description\":\"Politik, Gesellschaft und Geschichte\",\"potentialAction\":[{\"@type\":\"SearchAction\",\"target\":{\"@type\":\"EntryPoint\",\"urlTemplate\":\"https:\\\/\\\/dietz-verlag.de\\\/blog\\\/?s={search_term_string}\"},\"query-input\":{\"@type\":\"PropertyValueSpecification\",\"valueRequired\":true,\"valueName\":\"search_term_string\"}}],\"inLanguage\":\"de\"},{\"@type\":\"Person\",\"@id\":\"https:\\\/\\\/dietz-verlag.de\\\/blog\\\/#\\\/schema\\\/person\\\/7cd2cd668cf616f5c70cd54974dd6de3\",\"name\":\"Oh\",\"image\":{\"@type\":\"ImageObject\",\"inLanguage\":\"de\",\"@id\":\"https:\\\/\\\/secure.gravatar.com\\\/avatar\\\/2753eb960a803d4b6c0fc295b07ad7ef2d5937b5e4e3f79504212153daa57c3d?s=96&d=mm&r=g\",\"url\":\"https:\\\/\\\/secure.gravatar.com\\\/avatar\\\/2753eb960a803d4b6c0fc295b07ad7ef2d5937b5e4e3f79504212153daa57c3d?s=96&d=mm&r=g\",\"contentUrl\":\"https:\\\/\\\/secure.gravatar.com\\\/avatar\\\/2753eb960a803d4b6c0fc295b07ad7ef2d5937b5e4e3f79504212153daa57c3d?s=96&d=mm&r=g\",\"caption\":\"Oh\"},\"sameAs\":[\"http:\\\/\\\/dietz-verlag.de\"],\"url\":\"https:\\\/\\\/dietz-verlag.de\\\/blog\\\/author\\\/barbaraoh\\\/\"}]}<\/script>\n<!-- \/ Yoast SEO plugin. -->","yoast_head_json":{"title":"Wahl in Italien: Enrico Berlinguers Biografie ist das \"Buch der Stunde\" - Dietz Verlag Blog","description":"Zur Wahl in Italien ist die Biografie \u00fcber Enrico Berlinguer das Buch der Stunde","robots":{"index":"index","follow":"follow","max-snippet":"max-snippet:-1","max-image-preview":"max-image-preview:large","max-video-preview":"max-video-preview:-1"},"canonical":"https:\/\/dietz-verlag.de\/blog\/wahl-in-italien-enrico-berlinguers-biografie-als-buch-der-stunde\/","og_locale":"de_DE","og_type":"article","og_title":"Wahl in Italien: Enrico Berlinguers Biografie ist das \"Buch der Stunde\" - Dietz Verlag Blog","og_description":"Zur Wahl in Italien ist die Biografie \u00fcber Enrico Berlinguer das Buch der Stunde","og_url":"https:\/\/dietz-verlag.de\/blog\/wahl-in-italien-enrico-berlinguers-biografie-als-buch-der-stunde\/","og_site_name":"Dietz Verlag Blog","article_published_time":"2022-09-26T13:22:07+00:00","article_modified_time":"2022-09-26T13:22:08+00:00","og_image":[{"width":1867,"height":933,"url":"https:\/\/dietz-verlag.de\/blog\/wp-content\/uploads\/2022\/02\/Blog_Berlinguer.webp","type":"image\/webp"}],"author":"Oh","twitter_card":"summary_large_image","twitter_misc":{"Verfasst von":"Oh","Gesch\u00e4tzte Lesezeit":"2\u00a0Minuten"},"schema":{"@context":"https:\/\/schema.org","@graph":[{"@type":"Article","@id":"https:\/\/dietz-verlag.de\/blog\/wahl-in-italien-enrico-berlinguers-biografie-als-buch-der-stunde\/#article","isPartOf":{"@id":"https:\/\/dietz-verlag.de\/blog\/wahl-in-italien-enrico-berlinguers-biografie-als-buch-der-stunde\/"},"author":{"name":"Oh","@id":"https:\/\/dietz-verlag.de\/blog\/#\/schema\/person\/7cd2cd668cf616f5c70cd54974dd6de3"},"headline":"Wahl in Italien: Enrico Berlinguers Biografie ist das &#8222;Buch der Stunde&#8220;","datePublished":"2022-09-26T13:22:07+00:00","dateModified":"2022-09-26T13:22:08+00:00","mainEntityOfPage":{"@id":"https:\/\/dietz-verlag.de\/blog\/wahl-in-italien-enrico-berlinguers-biografie-als-buch-der-stunde\/"},"wordCount":311,"image":{"@id":"https:\/\/dietz-verlag.de\/blog\/wahl-in-italien-enrico-berlinguers-biografie-als-buch-der-stunde\/#primaryimage"},"thumbnailUrl":"https:\/\/dietz-verlag.de\/blog\/wp-content\/uploads\/2022\/02\/Blog_Berlinguer.webp","keywords":["Chiara Valentini","Demokratie","Demokratiegef\u00e4hrdung","Enrico Berlinguer","Europa","Fratelli d&#039;Italia","Giorgia Meloni","Italien Politiker","Italienische Politik","Italienische Politiker","Italiens Linke","KPI Italien","Parlamentswahl in Italien","Politik","politisches Erbe","politisches System","Rechtsb\u00fcndnis Italien","Rechtsruck"],"articleSection":["Dietz-News"],"inLanguage":"de"},{"@type":"WebPage","@id":"https:\/\/dietz-verlag.de\/blog\/wahl-in-italien-enrico-berlinguers-biografie-als-buch-der-stunde\/","url":"https:\/\/dietz-verlag.de\/blog\/wahl-in-italien-enrico-berlinguers-biografie-als-buch-der-stunde\/","name":"Wahl in Italien: Enrico Berlinguers Biografie ist das \"Buch der Stunde\" - Dietz Verlag Blog","isPartOf":{"@id":"https:\/\/dietz-verlag.de\/blog\/#website"},"primaryImageOfPage":{"@id":"https:\/\/dietz-verlag.de\/blog\/wahl-in-italien-enrico-berlinguers-biografie-als-buch-der-stunde\/#primaryimage"},"image":{"@id":"https:\/\/dietz-verlag.de\/blog\/wahl-in-italien-enrico-berlinguers-biografie-als-buch-der-stunde\/#primaryimage"},"thumbnailUrl":"https:\/\/dietz-verlag.de\/blog\/wp-content\/uploads\/2022\/02\/Blog_Berlinguer.webp","datePublished":"2022-09-26T13:22:07+00:00","dateModified":"2022-09-26T13:22:08+00:00","author":{"@id":"https:\/\/dietz-verlag.de\/blog\/#\/schema\/person\/7cd2cd668cf616f5c70cd54974dd6de3"},"description":"Zur Wahl in Italien ist die Biografie \u00fcber Enrico Berlinguer das Buch der Stunde","breadcrumb":{"@id":"https:\/\/dietz-verlag.de\/blog\/wahl-in-italien-enrico-berlinguers-biografie-als-buch-der-stunde\/#breadcrumb"},"inLanguage":"de","potentialAction":[{"@type":"ReadAction","target":["https:\/\/dietz-verlag.de\/blog\/wahl-in-italien-enrico-berlinguers-biografie-als-buch-der-stunde\/"]}]},{"@type":"ImageObject","inLanguage":"de","@id":"https:\/\/dietz-verlag.de\/blog\/wahl-in-italien-enrico-berlinguers-biografie-als-buch-der-stunde\/#primaryimage","url":"https:\/\/dietz-verlag.de\/blog\/wp-content\/uploads\/2022\/02\/Blog_Berlinguer.webp","contentUrl":"https:\/\/dietz-verlag.de\/blog\/wp-content\/uploads\/2022\/02\/Blog_Berlinguer.webp","width":1867,"height":933,"caption":"Cover des Buches \"Der eigenartige Genosse. Enrico Berlinguer\" von Chiara Valentini"},{"@type":"BreadcrumbList","@id":"https:\/\/dietz-verlag.de\/blog\/wahl-in-italien-enrico-berlinguers-biografie-als-buch-der-stunde\/#breadcrumb","itemListElement":[{"@type":"ListItem","position":1,"name":"Startseite","item":"https:\/\/dietz-verlag.de\/blog\/"},{"@type":"ListItem","position":2,"name":"Wahl in Italien: Enrico Berlinguers Biografie ist das &#8222;Buch der Stunde&#8220;"}]},{"@type":"WebSite","@id":"https:\/\/dietz-verlag.de\/blog\/#website","url":"https:\/\/dietz-verlag.de\/blog\/","name":"Dietz Verlag Blog","description":"Politik, Gesellschaft und Geschichte","potentialAction":[{"@type":"SearchAction","target":{"@type":"EntryPoint","urlTemplate":"https:\/\/dietz-verlag.de\/blog\/?s={search_term_string}"},"query-input":{"@type":"PropertyValueSpecification","valueRequired":true,"valueName":"search_term_string"}}],"inLanguage":"de"},{"@type":"Person","@id":"https:\/\/dietz-verlag.de\/blog\/#\/schema\/person\/7cd2cd668cf616f5c70cd54974dd6de3","name":"Oh","image":{"@type":"ImageObject","inLanguage":"de","@id":"https:\/\/secure.gravatar.com\/avatar\/2753eb960a803d4b6c0fc295b07ad7ef2d5937b5e4e3f79504212153daa57c3d?s=96&d=mm&r=g","url":"https:\/\/secure.gravatar.com\/avatar\/2753eb960a803d4b6c0fc295b07ad7ef2d5937b5e4e3f79504212153daa57c3d?s=96&d=mm&r=g","contentUrl":"https:\/\/secure.gravatar.com\/avatar\/2753eb960a803d4b6c0fc295b07ad7ef2d5937b5e4e3f79504212153daa57c3d?s=96&d=mm&r=g","caption":"Oh"},"sameAs":["http:\/\/dietz-verlag.de"],"url":"https:\/\/dietz-verlag.de\/blog\/author\/barbaraoh\/"}]}},"_links":{"self":[{"href":"https:\/\/dietz-verlag.de\/blog\/wp-json\/wp\/v2\/posts\/2394","targetHints":{"allow":["GET"]}}],"collection":[{"href":"https:\/\/dietz-verlag.de\/blog\/wp-json\/wp\/v2\/posts"}],"about":[{"href":"https:\/\/dietz-verlag.de\/blog\/wp-json\/wp\/v2\/types\/post"}],"author":[{"embeddable":true,"href":"https:\/\/dietz-verlag.de\/blog\/wp-json\/wp\/v2\/users\/2"}],"replies":[{"embeddable":true,"href":"https:\/\/dietz-verlag.de\/blog\/wp-json\/wp\/v2\/comments?post=2394"}],"version-history":[{"count":6,"href":"https:\/\/dietz-verlag.de\/blog\/wp-json\/wp\/v2\/posts\/2394\/revisions"}],"predecessor-version":[{"id":2400,"href":"https:\/\/dietz-verlag.de\/blog\/wp-json\/wp\/v2\/posts\/2394\/revisions\/2400"}],"wp:featuredmedia":[{"embeddable":true,"href":"https:\/\/dietz-verlag.de\/blog\/wp-json\/wp\/v2\/media\/2135"}],"wp:attachment":[{"href":"https:\/\/dietz-verlag.de\/blog\/wp-json\/wp\/v2\/media?parent=2394"}],"wp:term":[{"taxonomy":"category","embeddable":true,"href":"https:\/\/dietz-verlag.de\/blog\/wp-json\/wp\/v2\/categories?post=2394"},{"taxonomy":"post_tag","embeddable":true,"href":"https:\/\/dietz-verlag.de\/blog\/wp-json\/wp\/v2\/tags?post=2394"},{"taxonomy":"post_flag","embeddable":true,"href":"https:\/\/dietz-verlag.de\/blog\/wp-json\/wp\/v2\/post_flags?post=2394"}],"curies":[{"name":"wp","href":"https:\/\/api.w.org\/{rel}","templated":true}]}}