{"id":2356,"date":"2022-09-02T10:04:26","date_gmt":"2022-09-02T10:04:26","guid":{"rendered":"https:\/\/dietz-verlag.de\/blog\/?p=2356"},"modified":"2022-09-02T10:08:50","modified_gmt":"2022-09-02T10:08:50","slug":"podcast-gespraech-gerhard-stahl-ueber-chinas-politik-und-wirtschaft","status":"publish","type":"post","link":"https:\/\/dietz-verlag.de\/blog\/podcast-gespraech-gerhard-stahl-ueber-chinas-politik-und-wirtschaft\/","title":{"rendered":"Podcast-Gespr\u00e4ch: Gerhard Stahl \u00fcber Chinas Politik und Wirtschaft"},"content":{"rendered":"\n<p>Chinas Politik und Wirtschaft werden die Zukunft der globalisierten Welt stark beeinflussen. Im Podcast-Gespr\u00e4ch mit Gerhard Stahl, \u00d6konom und Autor des Buches <a href=\"https:\/\/dietz-verlag.de\/isbn\/9783801206376\/China-Zukunftsmodell-oder-Albtraum-Europa-zwischen-Partnerschaft-und-Konfrontation-Gerhard-Stahl\">\u00bbChina &#8211; Zukunftsmodell oder Albtraum? Europa zwischen Partnerschaft und Konfrontation\u00ab<\/a>, geht es um die Potenziale und Gefahren, die von der riesigen Volkswirtschaft ausgehen, um den Taiwan-Konflikt, um die gro\u00dfen gesellschaftlichen Unterschiede im Land und wie sich Chinas Handeln aus seiner Geschichte heraus erkl\u00e4ren l\u00e4sst. Die Kernfrage ist: Wie geht die westliche Welt damit um, dass die globalen Spielregeln nicht mehr nur in den USA und Europa gemacht werden? <\/p>\n\n\n\n<h4 class=\"wp-block-heading\">China &#8211; Partner oder Rivale?<\/h4>\n\n\n\n<p>Etwa ein F\u00fcnftel der Weltbev\u00f6lkerung lebt in China. Der Schwerpunkt der Weltwirtschaft, so Stahl, liegt mittlerweile in Asien mit seinen 5 Milliarden EinwohnerInnen. Diese Tatsache hat der Westen aber noch nicht anerkannt. Nicht nur unser Wohlstand h\u00e4ngt vom Handel mit der aufstrebenden Wirtschaftsmacht ab. Globale Probleme, allen voran der Klimawandel, k\u00f6nnen nur mit Chinas Mitarbeit bew\u00e4ltigt werden. Viele sehen in der kommunistischen Volksrepublik vor allem eine Gefahr f\u00fcr die internationale Ordnung, f\u00fcr Frieden und Demokratie. Stahl warnt jedoch davor, China in eine Blockbildung zu treiben, wie es derzeit in den USA geschieht. Europa muss einen eigenen Weg finden, mit China umzugehen. &#8222;Daf\u00fcr m\u00fcssen wir dieses riesige Land mit seiner Geschichte und Politik besser verstehen&#8220;, so Gerhard Stahl.<\/p>\n\n\n\n<h4 class=\"wp-block-heading\">Was wissen wir eigentlich \u00fcber dieses riesige Land?<\/h4>\n\n\n\n<p>Gerhard Stahl beschreibt in seinem Buch die Ver\u00e4nderungen der chinesischen Gesellschaft. Er skizziert das chinesische Geschichtsverst\u00e4ndnis, den wirtschaftlichen und politischen Alltag sowie Vorstellungen chinesischer Gespr\u00e4chspartner \u00fcber das moderne China. Er schildert die innovative Dynamik von Metropolen wie Shenzhen, die als Sonderwirtschaftszonen und damit wirtschaftliche und politische Testfelder eingerichtet wurden. Gleichzeitig bestehen extreme regionale Unterschiede in diesem bev\u00f6lkerungsreichsten Land, die l\u00e4ndliche Armut ist gro\u00df. &#8222;China ist Mittelalter und Hochtechnologieland zugleich&#8220;, so beschreibt Stahl die Widerspr\u00fcche im Land, &#8222;es ist Sozialismus und Marktwirtschaft, es ist weltoffen und nationalistisch.&#8220; Stahl analysiert die aktuellen geopolitischen Konflikte, zum Beispiel um Taiwan, ebenso wie die Menschenrechtsfrage und gibt Empfehlungen f\u00fcr Wirtschaft und Politik. <\/p>\n\n\n\n<h4 class=\"wp-block-heading\"><strong>Der zweite Teil des Gespr\u00e4chs geht am 6. Oktober online.<\/strong><\/h4>\n\n\n\n<p><strong>Der Gespr\u00e4chspartner<\/strong><\/p>\n\n\n\n<p><a href=\"https:\/\/dietz-verlag.de\/autor\/2341\/gerhard-stahl\"><strong>Gerhard Stahl<\/strong><\/a>, geb. 1950, nach Stationen als \u00d6konom in der Grundsatzabteilung des Bundesfinanzministeriums und in verschiedenen europ\u00e4ischen Institutionen, u.\u2009a. als stellvertretender Kabinettschef f\u00fcr den EU-Kommissar f\u00fcr Wirtschaft und W\u00e4hrung, ist er seit 2014 Hochschullehrer an der <a href=\"https:\/\/english.phbs.pku.edu.cn\/\">Peking University HSBC Business School<\/a> in Shenzhen, au\u00dferdem Mitglied und Berater von EDUI, einer chinesischen Umwelt-NGO. Er lebt in Br\u00fcssel, Shenzhen und Berlin.<\/p>\n\n\n\n<h4 class=\"wp-block-heading\">Podcast \u201eDietz &amp; Das\u201c<\/h4>\n\n\n\n<p><a href=\"https:\/\/dietz-verlag.de\/podcast-dietzunddas.htm\">\u00bbDietz &amp; Das\u00ab<\/a> \u2013 so hei\u00dft unser Podcast zu Politik, Gesellschaft und Geschichte. Autor*innen aus dem Dietz-Verlag stellen hier ihre neuen B\u00fccher vor und sprechen \u00fcber politische und gesellschaftliche Themen \u2013 informativ, unterhaltsam, inspirierend. Jeden ersten Freitag im Monat gibt es eine neue Folge: spannende, offene Diskussionen und neue Sichtweisen von unterschiedlichen Expert*innen f\u00fcr alle, die sich eine differenzierte Meinung bilden wollen. \u00bbDietz &amp; Das\u00ab ist auf unserer <a href=\"https:\/\/dietz-verlag.de\/podcast-dietzunddas.htm\">Website<\/a> und auf allen Podcast-Plattformen abrufbar.<\/p>\n\n\n\n<p><\/p>\n","protected":false},"excerpt":{"rendered":"<p>Chinas Politik und Wirtschaft werden die Zukunft der globalisierten Welt stark beeinflussen. Im Podcast-Gespr\u00e4ch mit Gerhard Stahl, \u00d6konom und Autor des Buches \u00bbChina &#8211; Zukunftsmodell oder Albtraum? Europa zwischen Partnerschaft und Konfrontation\u00ab, geht es um die Potenziale und Gefahren, die von der riesigen Volkswirtschaft ausgehen, um den Taiwan-Konflikt, um die gro\u00dfen gesellschaftlichen Unterschiede im Land [&hellip;]<\/p>\n","protected":false},"author":2,"featured_media":2364,"comment_status":"closed","ping_status":"open","sticky":false,"template":"","format":"standard","meta":{"footnotes":""},"categories":[31],"tags":[588,284,598,599,596,600,597,287,578,198,601,101,571,288,583,603,295,35,591,606,589,602,604,592,285,289],"post_flags":[],"class_list":["post-2356","post","type-post","status-publish","format-standard","has-post-thumbnail","hentry","category-podcast-politik-und-gesellschaft","tag-asien","tag-china","tag-china-geschichte","tag-china-gesellschaft","tag-china-kultur","tag-china-und-usa-konflikt","tag-china-wirtschaft","tag-chinesische-wirtschaft","tag-diez-das","tag-eu","tag-eu-und-china","tag-europa","tag-europa-und-china","tag-gerhard-stahl","tag-klimawandel","tag-klimawandel-und-china","tag-kooperation","tag-podcast","tag-shenzhen","tag-social-scoring-in-china","tag-sonderwirtschaftszone","tag-taiwan-konflikt","tag-thukydides-falle","tag-weltwirtschaft","tag-wirtschaft","tag-zukunftsmodell"],"acf":[],"yoast_head":"<!-- This site is optimized with the Yoast SEO plugin v27.5 - https:\/\/yoast.com\/product\/yoast-seo-wordpress\/ -->\n<title>Podcast-Gespr\u00e4ch: Gerhard Stahl \u00fcber Chinas Politik und Wirtschaft - Dietz Verlag Blog<\/title>\n<meta name=\"description\" content=\"Gerhard Stahl im Gespr\u00e4ch \u00fcber Chinas Politik und Wirtschaft und den Umgang des Westens mit dem neuen Global Player.\" \/>\n<meta name=\"robots\" content=\"index, follow, max-snippet:-1, max-image-preview:large, max-video-preview:-1\" \/>\n<link rel=\"canonical\" href=\"https:\/\/dietz-verlag.de\/blog\/podcast-gespraech-gerhard-stahl-ueber-chinas-politik-und-wirtschaft\/\" \/>\n<meta property=\"og:locale\" content=\"de_DE\" \/>\n<meta property=\"og:type\" content=\"article\" \/>\n<meta property=\"og:title\" content=\"Podcast-Gespr\u00e4ch: Gerhard Stahl \u00fcber Chinas Politik und Wirtschaft - Dietz Verlag Blog\" \/>\n<meta property=\"og:description\" content=\"Gerhard Stahl im Gespr\u00e4ch \u00fcber Chinas Politik und Wirtschaft und den Umgang des Westens mit dem neuen Global Player.\" \/>\n<meta property=\"og:url\" content=\"https:\/\/dietz-verlag.de\/blog\/podcast-gespraech-gerhard-stahl-ueber-chinas-politik-und-wirtschaft\/\" \/>\n<meta property=\"og:site_name\" content=\"Dietz Verlag Blog\" \/>\n<meta property=\"article:published_time\" content=\"2022-09-02T10:04:26+00:00\" \/>\n<meta property=\"article:modified_time\" content=\"2022-09-02T10:08:50+00:00\" \/>\n<meta property=\"og:image\" content=\"https:\/\/dietz-verlag.de\/blog\/wp-content\/uploads\/2022\/08\/Podcast_Gerhard_Stahl.jpg\" \/>\n\t<meta property=\"og:image:width\" content=\"1867\" \/>\n\t<meta property=\"og:image:height\" content=\"933\" \/>\n\t<meta property=\"og:image:type\" content=\"image\/jpeg\" \/>\n<meta name=\"author\" content=\"Oh\" \/>\n<meta name=\"twitter:card\" content=\"summary_large_image\" \/>\n<meta name=\"twitter:label1\" content=\"Verfasst von\" \/>\n\t<meta name=\"twitter:data1\" content=\"Oh\" \/>\n\t<meta name=\"twitter:label2\" content=\"Gesch\u00e4tzte Lesezeit\" \/>\n\t<meta name=\"twitter:data2\" content=\"3\u00a0Minuten\" \/>\n<script type=\"application\/ld+json\" class=\"yoast-schema-graph\">{\"@context\":\"https:\\\/\\\/schema.org\",\"@graph\":[{\"@type\":\"Article\",\"@id\":\"https:\\\/\\\/dietz-verlag.de\\\/blog\\\/podcast-gespraech-gerhard-stahl-ueber-chinas-politik-und-wirtschaft\\\/#article\",\"isPartOf\":{\"@id\":\"https:\\\/\\\/dietz-verlag.de\\\/blog\\\/podcast-gespraech-gerhard-stahl-ueber-chinas-politik-und-wirtschaft\\\/\"},\"author\":{\"name\":\"Oh\",\"@id\":\"https:\\\/\\\/dietz-verlag.de\\\/blog\\\/#\\\/schema\\\/person\\\/7cd2cd668cf616f5c70cd54974dd6de3\"},\"headline\":\"Podcast-Gespr\u00e4ch: Gerhard Stahl \u00fcber Chinas Politik und Wirtschaft\",\"datePublished\":\"2022-09-02T10:04:26+00:00\",\"dateModified\":\"2022-09-02T10:08:50+00:00\",\"mainEntityOfPage\":{\"@id\":\"https:\\\/\\\/dietz-verlag.de\\\/blog\\\/podcast-gespraech-gerhard-stahl-ueber-chinas-politik-und-wirtschaft\\\/\"},\"wordCount\":513,\"image\":{\"@id\":\"https:\\\/\\\/dietz-verlag.de\\\/blog\\\/podcast-gespraech-gerhard-stahl-ueber-chinas-politik-und-wirtschaft\\\/#primaryimage\"},\"thumbnailUrl\":\"https:\\\/\\\/dietz-verlag.de\\\/blog\\\/wp-content\\\/uploads\\\/2022\\\/08\\\/Podcast_Gerhard_Stahl.jpg\",\"keywords\":[\"Asien\",\"China\",\"China Geschichte\",\"China Gesellschaft\",\"China Kultur\",\"China und USA Konflikt\",\"China Wirtschaft\",\"chinesische Wirtschaft\",\"Diez &amp; Das\",\"EU\",\"EU und China\",\"Europa\",\"Europa und China\",\"Gerhard Stahl\",\"Klimawandel\",\"Klimawandel und China\",\"Kooperation\",\"Podcast\",\"Shenzhen\",\"Social Scoring in China\",\"Sonderwirtschaftszone\",\"Taiwan-Konflikt\",\"Thukydides-Falle\",\"Weltwirtschaft\",\"wirtschaft\",\"Zukunftsmodell\"],\"articleSection\":[\"Podcast \u00bbDietz &amp; Das\u00ab\"],\"inLanguage\":\"de\"},{\"@type\":\"WebPage\",\"@id\":\"https:\\\/\\\/dietz-verlag.de\\\/blog\\\/podcast-gespraech-gerhard-stahl-ueber-chinas-politik-und-wirtschaft\\\/\",\"url\":\"https:\\\/\\\/dietz-verlag.de\\\/blog\\\/podcast-gespraech-gerhard-stahl-ueber-chinas-politik-und-wirtschaft\\\/\",\"name\":\"Podcast-Gespr\u00e4ch: Gerhard Stahl \u00fcber Chinas Politik und Wirtschaft - Dietz Verlag Blog\",\"isPartOf\":{\"@id\":\"https:\\\/\\\/dietz-verlag.de\\\/blog\\\/#website\"},\"primaryImageOfPage\":{\"@id\":\"https:\\\/\\\/dietz-verlag.de\\\/blog\\\/podcast-gespraech-gerhard-stahl-ueber-chinas-politik-und-wirtschaft\\\/#primaryimage\"},\"image\":{\"@id\":\"https:\\\/\\\/dietz-verlag.de\\\/blog\\\/podcast-gespraech-gerhard-stahl-ueber-chinas-politik-und-wirtschaft\\\/#primaryimage\"},\"thumbnailUrl\":\"https:\\\/\\\/dietz-verlag.de\\\/blog\\\/wp-content\\\/uploads\\\/2022\\\/08\\\/Podcast_Gerhard_Stahl.jpg\",\"datePublished\":\"2022-09-02T10:04:26+00:00\",\"dateModified\":\"2022-09-02T10:08:50+00:00\",\"author\":{\"@id\":\"https:\\\/\\\/dietz-verlag.de\\\/blog\\\/#\\\/schema\\\/person\\\/7cd2cd668cf616f5c70cd54974dd6de3\"},\"description\":\"Gerhard Stahl im Gespr\u00e4ch \u00fcber Chinas Politik und Wirtschaft und den Umgang des Westens mit dem neuen Global Player.\",\"breadcrumb\":{\"@id\":\"https:\\\/\\\/dietz-verlag.de\\\/blog\\\/podcast-gespraech-gerhard-stahl-ueber-chinas-politik-und-wirtschaft\\\/#breadcrumb\"},\"inLanguage\":\"de\",\"potentialAction\":[{\"@type\":\"ReadAction\",\"target\":[\"https:\\\/\\\/dietz-verlag.de\\\/blog\\\/podcast-gespraech-gerhard-stahl-ueber-chinas-politik-und-wirtschaft\\\/\"]}]},{\"@type\":\"ImageObject\",\"inLanguage\":\"de\",\"@id\":\"https:\\\/\\\/dietz-verlag.de\\\/blog\\\/podcast-gespraech-gerhard-stahl-ueber-chinas-politik-und-wirtschaft\\\/#primaryimage\",\"url\":\"https:\\\/\\\/dietz-verlag.de\\\/blog\\\/wp-content\\\/uploads\\\/2022\\\/08\\\/Podcast_Gerhard_Stahl.jpg\",\"contentUrl\":\"https:\\\/\\\/dietz-verlag.de\\\/blog\\\/wp-content\\\/uploads\\\/2022\\\/08\\\/Podcast_Gerhard_Stahl.jpg\",\"width\":1867,\"height\":933,\"caption\":\"Podcast-Gespr\u00e4ch mit Gerhard Stahl \u00fcber sein Buch \\\"China- Zukunftsmodel oder Albtraum?\\\"\"},{\"@type\":\"BreadcrumbList\",\"@id\":\"https:\\\/\\\/dietz-verlag.de\\\/blog\\\/podcast-gespraech-gerhard-stahl-ueber-chinas-politik-und-wirtschaft\\\/#breadcrumb\",\"itemListElement\":[{\"@type\":\"ListItem\",\"position\":1,\"name\":\"Startseite\",\"item\":\"https:\\\/\\\/dietz-verlag.de\\\/blog\\\/\"},{\"@type\":\"ListItem\",\"position\":2,\"name\":\"Podcast-Gespr\u00e4ch: Gerhard Stahl \u00fcber Chinas Politik und Wirtschaft\"}]},{\"@type\":\"WebSite\",\"@id\":\"https:\\\/\\\/dietz-verlag.de\\\/blog\\\/#website\",\"url\":\"https:\\\/\\\/dietz-verlag.de\\\/blog\\\/\",\"name\":\"Dietz Verlag Blog\",\"description\":\"Politik, Gesellschaft und Geschichte\",\"potentialAction\":[{\"@type\":\"SearchAction\",\"target\":{\"@type\":\"EntryPoint\",\"urlTemplate\":\"https:\\\/\\\/dietz-verlag.de\\\/blog\\\/?s={search_term_string}\"},\"query-input\":{\"@type\":\"PropertyValueSpecification\",\"valueRequired\":true,\"valueName\":\"search_term_string\"}}],\"inLanguage\":\"de\"},{\"@type\":\"Person\",\"@id\":\"https:\\\/\\\/dietz-verlag.de\\\/blog\\\/#\\\/schema\\\/person\\\/7cd2cd668cf616f5c70cd54974dd6de3\",\"name\":\"Oh\",\"image\":{\"@type\":\"ImageObject\",\"inLanguage\":\"de\",\"@id\":\"https:\\\/\\\/secure.gravatar.com\\\/avatar\\\/2753eb960a803d4b6c0fc295b07ad7ef2d5937b5e4e3f79504212153daa57c3d?s=96&d=mm&r=g\",\"url\":\"https:\\\/\\\/secure.gravatar.com\\\/avatar\\\/2753eb960a803d4b6c0fc295b07ad7ef2d5937b5e4e3f79504212153daa57c3d?s=96&d=mm&r=g\",\"contentUrl\":\"https:\\\/\\\/secure.gravatar.com\\\/avatar\\\/2753eb960a803d4b6c0fc295b07ad7ef2d5937b5e4e3f79504212153daa57c3d?s=96&d=mm&r=g\",\"caption\":\"Oh\"},\"sameAs\":[\"http:\\\/\\\/dietz-verlag.de\"],\"url\":\"https:\\\/\\\/dietz-verlag.de\\\/blog\\\/author\\\/barbaraoh\\\/\"}]}<\/script>\n<!-- \/ Yoast SEO plugin. -->","yoast_head_json":{"title":"Podcast-Gespr\u00e4ch: Gerhard Stahl \u00fcber Chinas Politik und Wirtschaft - Dietz Verlag Blog","description":"Gerhard Stahl im Gespr\u00e4ch \u00fcber Chinas Politik und Wirtschaft und den Umgang des Westens mit dem neuen Global Player.","robots":{"index":"index","follow":"follow","max-snippet":"max-snippet:-1","max-image-preview":"max-image-preview:large","max-video-preview":"max-video-preview:-1"},"canonical":"https:\/\/dietz-verlag.de\/blog\/podcast-gespraech-gerhard-stahl-ueber-chinas-politik-und-wirtschaft\/","og_locale":"de_DE","og_type":"article","og_title":"Podcast-Gespr\u00e4ch: Gerhard Stahl \u00fcber Chinas Politik und Wirtschaft - Dietz Verlag Blog","og_description":"Gerhard Stahl im Gespr\u00e4ch \u00fcber Chinas Politik und Wirtschaft und den Umgang des Westens mit dem neuen Global Player.","og_url":"https:\/\/dietz-verlag.de\/blog\/podcast-gespraech-gerhard-stahl-ueber-chinas-politik-und-wirtschaft\/","og_site_name":"Dietz Verlag Blog","article_published_time":"2022-09-02T10:04:26+00:00","article_modified_time":"2022-09-02T10:08:50+00:00","og_image":[{"width":1867,"height":933,"url":"https:\/\/dietz-verlag.de\/blog\/wp-content\/uploads\/2022\/08\/Podcast_Gerhard_Stahl.jpg","type":"image\/jpeg"}],"author":"Oh","twitter_card":"summary_large_image","twitter_misc":{"Verfasst von":"Oh","Gesch\u00e4tzte Lesezeit":"3\u00a0Minuten"},"schema":{"@context":"https:\/\/schema.org","@graph":[{"@type":"Article","@id":"https:\/\/dietz-verlag.de\/blog\/podcast-gespraech-gerhard-stahl-ueber-chinas-politik-und-wirtschaft\/#article","isPartOf":{"@id":"https:\/\/dietz-verlag.de\/blog\/podcast-gespraech-gerhard-stahl-ueber-chinas-politik-und-wirtschaft\/"},"author":{"name":"Oh","@id":"https:\/\/dietz-verlag.de\/blog\/#\/schema\/person\/7cd2cd668cf616f5c70cd54974dd6de3"},"headline":"Podcast-Gespr\u00e4ch: Gerhard Stahl \u00fcber Chinas Politik und Wirtschaft","datePublished":"2022-09-02T10:04:26+00:00","dateModified":"2022-09-02T10:08:50+00:00","mainEntityOfPage":{"@id":"https:\/\/dietz-verlag.de\/blog\/podcast-gespraech-gerhard-stahl-ueber-chinas-politik-und-wirtschaft\/"},"wordCount":513,"image":{"@id":"https:\/\/dietz-verlag.de\/blog\/podcast-gespraech-gerhard-stahl-ueber-chinas-politik-und-wirtschaft\/#primaryimage"},"thumbnailUrl":"https:\/\/dietz-verlag.de\/blog\/wp-content\/uploads\/2022\/08\/Podcast_Gerhard_Stahl.jpg","keywords":["Asien","China","China Geschichte","China Gesellschaft","China Kultur","China und USA Konflikt","China Wirtschaft","chinesische Wirtschaft","Diez &amp; Das","EU","EU und China","Europa","Europa und China","Gerhard Stahl","Klimawandel","Klimawandel und China","Kooperation","Podcast","Shenzhen","Social Scoring in China","Sonderwirtschaftszone","Taiwan-Konflikt","Thukydides-Falle","Weltwirtschaft","wirtschaft","Zukunftsmodell"],"articleSection":["Podcast \u00bbDietz &amp; Das\u00ab"],"inLanguage":"de"},{"@type":"WebPage","@id":"https:\/\/dietz-verlag.de\/blog\/podcast-gespraech-gerhard-stahl-ueber-chinas-politik-und-wirtschaft\/","url":"https:\/\/dietz-verlag.de\/blog\/podcast-gespraech-gerhard-stahl-ueber-chinas-politik-und-wirtschaft\/","name":"Podcast-Gespr\u00e4ch: Gerhard Stahl \u00fcber Chinas Politik und Wirtschaft - Dietz Verlag Blog","isPartOf":{"@id":"https:\/\/dietz-verlag.de\/blog\/#website"},"primaryImageOfPage":{"@id":"https:\/\/dietz-verlag.de\/blog\/podcast-gespraech-gerhard-stahl-ueber-chinas-politik-und-wirtschaft\/#primaryimage"},"image":{"@id":"https:\/\/dietz-verlag.de\/blog\/podcast-gespraech-gerhard-stahl-ueber-chinas-politik-und-wirtschaft\/#primaryimage"},"thumbnailUrl":"https:\/\/dietz-verlag.de\/blog\/wp-content\/uploads\/2022\/08\/Podcast_Gerhard_Stahl.jpg","datePublished":"2022-09-02T10:04:26+00:00","dateModified":"2022-09-02T10:08:50+00:00","author":{"@id":"https:\/\/dietz-verlag.de\/blog\/#\/schema\/person\/7cd2cd668cf616f5c70cd54974dd6de3"},"description":"Gerhard Stahl im Gespr\u00e4ch \u00fcber Chinas Politik und Wirtschaft und den Umgang des Westens mit dem neuen Global Player.","breadcrumb":{"@id":"https:\/\/dietz-verlag.de\/blog\/podcast-gespraech-gerhard-stahl-ueber-chinas-politik-und-wirtschaft\/#breadcrumb"},"inLanguage":"de","potentialAction":[{"@type":"ReadAction","target":["https:\/\/dietz-verlag.de\/blog\/podcast-gespraech-gerhard-stahl-ueber-chinas-politik-und-wirtschaft\/"]}]},{"@type":"ImageObject","inLanguage":"de","@id":"https:\/\/dietz-verlag.de\/blog\/podcast-gespraech-gerhard-stahl-ueber-chinas-politik-und-wirtschaft\/#primaryimage","url":"https:\/\/dietz-verlag.de\/blog\/wp-content\/uploads\/2022\/08\/Podcast_Gerhard_Stahl.jpg","contentUrl":"https:\/\/dietz-verlag.de\/blog\/wp-content\/uploads\/2022\/08\/Podcast_Gerhard_Stahl.jpg","width":1867,"height":933,"caption":"Podcast-Gespr\u00e4ch mit Gerhard Stahl \u00fcber sein Buch \"China- Zukunftsmodel oder Albtraum?\""},{"@type":"BreadcrumbList","@id":"https:\/\/dietz-verlag.de\/blog\/podcast-gespraech-gerhard-stahl-ueber-chinas-politik-und-wirtschaft\/#breadcrumb","itemListElement":[{"@type":"ListItem","position":1,"name":"Startseite","item":"https:\/\/dietz-verlag.de\/blog\/"},{"@type":"ListItem","position":2,"name":"Podcast-Gespr\u00e4ch: Gerhard Stahl \u00fcber Chinas Politik und Wirtschaft"}]},{"@type":"WebSite","@id":"https:\/\/dietz-verlag.de\/blog\/#website","url":"https:\/\/dietz-verlag.de\/blog\/","name":"Dietz Verlag Blog","description":"Politik, Gesellschaft und Geschichte","potentialAction":[{"@type":"SearchAction","target":{"@type":"EntryPoint","urlTemplate":"https:\/\/dietz-verlag.de\/blog\/?s={search_term_string}"},"query-input":{"@type":"PropertyValueSpecification","valueRequired":true,"valueName":"search_term_string"}}],"inLanguage":"de"},{"@type":"Person","@id":"https:\/\/dietz-verlag.de\/blog\/#\/schema\/person\/7cd2cd668cf616f5c70cd54974dd6de3","name":"Oh","image":{"@type":"ImageObject","inLanguage":"de","@id":"https:\/\/secure.gravatar.com\/avatar\/2753eb960a803d4b6c0fc295b07ad7ef2d5937b5e4e3f79504212153daa57c3d?s=96&d=mm&r=g","url":"https:\/\/secure.gravatar.com\/avatar\/2753eb960a803d4b6c0fc295b07ad7ef2d5937b5e4e3f79504212153daa57c3d?s=96&d=mm&r=g","contentUrl":"https:\/\/secure.gravatar.com\/avatar\/2753eb960a803d4b6c0fc295b07ad7ef2d5937b5e4e3f79504212153daa57c3d?s=96&d=mm&r=g","caption":"Oh"},"sameAs":["http:\/\/dietz-verlag.de"],"url":"https:\/\/dietz-verlag.de\/blog\/author\/barbaraoh\/"}]}},"_links":{"self":[{"href":"https:\/\/dietz-verlag.de\/blog\/wp-json\/wp\/v2\/posts\/2356","targetHints":{"allow":["GET"]}}],"collection":[{"href":"https:\/\/dietz-verlag.de\/blog\/wp-json\/wp\/v2\/posts"}],"about":[{"href":"https:\/\/dietz-verlag.de\/blog\/wp-json\/wp\/v2\/types\/post"}],"author":[{"embeddable":true,"href":"https:\/\/dietz-verlag.de\/blog\/wp-json\/wp\/v2\/users\/2"}],"replies":[{"embeddable":true,"href":"https:\/\/dietz-verlag.de\/blog\/wp-json\/wp\/v2\/comments?post=2356"}],"version-history":[{"count":9,"href":"https:\/\/dietz-verlag.de\/blog\/wp-json\/wp\/v2\/posts\/2356\/revisions"}],"predecessor-version":[{"id":2391,"href":"https:\/\/dietz-verlag.de\/blog\/wp-json\/wp\/v2\/posts\/2356\/revisions\/2391"}],"wp:featuredmedia":[{"embeddable":true,"href":"https:\/\/dietz-verlag.de\/blog\/wp-json\/wp\/v2\/media\/2364"}],"wp:attachment":[{"href":"https:\/\/dietz-verlag.de\/blog\/wp-json\/wp\/v2\/media?parent=2356"}],"wp:term":[{"taxonomy":"category","embeddable":true,"href":"https:\/\/dietz-verlag.de\/blog\/wp-json\/wp\/v2\/categories?post=2356"},{"taxonomy":"post_tag","embeddable":true,"href":"https:\/\/dietz-verlag.de\/blog\/wp-json\/wp\/v2\/tags?post=2356"},{"taxonomy":"post_flag","embeddable":true,"href":"https:\/\/dietz-verlag.de\/blog\/wp-json\/wp\/v2\/post_flags?post=2356"}],"curies":[{"name":"wp","href":"https:\/\/api.w.org\/{rel}","templated":true}]}}