{"id":2331,"date":"2022-09-26T13:43:14","date_gmt":"2022-09-26T13:43:14","guid":{"rendered":"https:\/\/dietz-verlag.de\/blog\/?p=2331"},"modified":"2022-09-26T13:43:15","modified_gmt":"2022-09-26T13:43:15","slug":"von-kutschen-zu-autos-hans-haselbach-und-veronika-meyer-ueber-verkehrsrevolutionen-in-paris-1790-und-2040","status":"publish","type":"post","link":"https:\/\/dietz-verlag.de\/blog\/von-kutschen-zu-autos-hans-haselbach-und-veronika-meyer-ueber-verkehrsrevolutionen-in-paris-1790-und-2040\/","title":{"rendered":"Von Kutschen zu Autos &#8211; Hans Haselbach und Veronika Meyer \u00fcber Verkehrsrevolutionen in Paris 1790 und 2040"},"content":{"rendered":"\n<p>In Deutschland gibt es rund <a href=\"https:\/\/www.kba.de\/DE\/Presse\/Pressemitteilungen\/2021\/Fahrzeugbestand\/fahrzeugbestand_node.html\" target=\"_blank\" rel=\"noreferrer noopener\">77 Millionen zugelassene Autos <\/a>&#8211; eine gro\u00dfe Menge, wie sich bei zahllosen Staus auf Autobahnen und einem Mangel an Parkpl\u00e4tzen in Innenst\u00e4dten zeigt. Dazu kommen etwa <a href=\"https:\/\/www.destatis.de\/DE\/Presse\/Pressemitteilungen\/2021\/02\/PD21_084_46.html\" target=\"_blank\" rel=\"noreferrer noopener\">2.800 Verkehrstote pro Jahr<\/a>. Deswegen, und auch nicht zuletzt durch die schlechte Klimabilanz der PKW, wird mehr und mehr der Schrei nach weniger Autos, Verkehrsalternativen und autofreien Innenst\u00e4dten lauter. Eine \u00e4hnliche Idee gab es bereits Ende des 18. Jahrhunderts, was in dem neuen Buch &#8222;<a href=\"https:\/\/dietz-verlag.de\/isbn\/9783801206420\/Verbietet-die-Kutschen-Pariser-Verkehrsrevolutionen-1790-2040-Anonymus-von-Paris\" target=\"_blank\" rel=\"noreferrer noopener\">Verbietet die Kutschen! Pariser Verkehrsrevolutionen 1790\/2040<\/a>&#8222;, herausgegeben von Hans Haselbach und Veronika Meyer, Raum findet. <\/p>\n\n\n\n<h4 class=\"wp-block-heading\">Eine Petition gegen das Chaos<\/h4>\n\n\n\n<p>Zu dieser Zeit litt Paris unter einem unvorstellbaren Verkehrschaos: r\u00fccksichtslos rasende Kutscher in gro\u00dfer Zahl, von Pferden erschlagene oder von Kutschen \u00fcberrollte Fu\u00dfg\u00e4nger, zahllos Unf\u00e4lle und rund 300 Verkehrstote pro Jahr. Was, wenn man die Kutschen verbieten w\u00fcrde? Ein unbekannter B\u00fcrger, nennen wir ihn Anonymus von Paris, schlug 1790 mit einer Petition genau das vor. L\u00e4sst sich seine Idee ins 21. Jahrhundert \u00fcbertragen?<\/p>\n\n\n\n<h4 class=\"wp-block-heading\">Radikale Verkehrsberuhigung<\/h4>\n\n\n\n<p>Die Pariser Petition wurde gedruckt, doch ihr weiteres Schicksal ist unbekannt. Nun erscheint die Trouvaille erstmals in deutscher \u00dcbersetzung. Vermutlich verschwand sie wieder, ohne dass ihr Anliegen je ernsthaft gepr\u00fcft wurde. Man nahm in Paris weiterhin Verletzte und Tote in Kauf. Seit Mitte des 20. Jahrhunderts leiden auch viele moderne St\u00e4dte unter wachsenden Verkehrslawinen. Wer aber will heute schon f\u00fcr eine radikale Verkehrsberuhigung k\u00e4mpfen? Hans Haselbach und Veronika Meyer wagen einen originellen Ausblick vom Jahr 1790 auf das Jahr 2040. Faksimile &#8211; erstmals mit deutscher \u00dcbersetzung!<\/p>\n","protected":false},"excerpt":{"rendered":"<p>In Deutschland gibt es rund 77 Millionen zugelassene Autos &#8211; eine gro\u00dfe Menge, wie sich bei zahllosen Staus auf Autobahnen und einem Mangel an Parkpl\u00e4tzen in Innenst\u00e4dten zeigt. Dazu kommen etwa 2.800 Verkehrstote pro Jahr. Deswegen, und auch nicht zuletzt durch die schlechte Klimabilanz der PKW, wird mehr und mehr der Schrei nach weniger Autos, [&hellip;]<\/p>\n","protected":false},"author":2,"featured_media":2318,"comment_status":"closed","ping_status":"open","sticky":false,"template":"","format":"standard","meta":{"footnotes":""},"categories":[16,1],"tags":[647,564,648,563,562,566,649,567,565,561],"post_flags":[],"class_list":["post-2331","post","type-post","status-publish","format-standard","has-post-thumbnail","hentry","category-neue-buecher-politik","category-unkategorisiert","tag-autorfreie-innenstaedte","tag-autos","tag-faksimile-von-1790","tag-kutschen","tag-paris","tag-petition","tag-verkehr-in-innenstaedten","tag-verkehrsberuhigung","tag-verkehrschaos","tag-verkehrsrevolution"],"acf":[],"yoast_head":"<!-- This site is optimized with the Yoast SEO plugin v27.5 - https:\/\/yoast.com\/product\/yoast-seo-wordpress\/ -->\n<title>Von Kutschen zu Autos - Hans Haselbach und Veronika Meyer \u00fcber Verkehrsrevolutionen in Paris 1790 und 2040 - Dietz Verlag Blog<\/title>\n<meta name=\"description\" content=\"Verkehrsrevolutionen: Das Buch &quot;Verbietet die Kutschen&quot; bietet erstmals eine deutsche \u00dcbersetzung einer Petition von 1790, die das Verbot von Kutschen in Paris forderte.\" \/>\n<meta name=\"robots\" content=\"index, follow, max-snippet:-1, max-image-preview:large, max-video-preview:-1\" \/>\n<link rel=\"canonical\" href=\"https:\/\/dietz-verlag.de\/blog\/von-kutschen-zu-autos-hans-haselbach-und-veronika-meyer-ueber-verkehrsrevolutionen-in-paris-1790-und-2040\/\" \/>\n<meta property=\"og:locale\" content=\"de_DE\" \/>\n<meta property=\"og:type\" content=\"article\" \/>\n<meta property=\"og:title\" content=\"Von Kutschen zu Autos - Hans Haselbach und Veronika Meyer \u00fcber Verkehrsrevolutionen in Paris 1790 und 2040 - Dietz Verlag Blog\" \/>\n<meta property=\"og:description\" content=\"Verkehrsrevolutionen: Das Buch &quot;Verbietet die Kutschen&quot; bietet erstmals eine deutsche \u00dcbersetzung einer Petition von 1790, die das Verbot von Kutschen in Paris forderte.\" \/>\n<meta property=\"og:url\" content=\"https:\/\/dietz-verlag.de\/blog\/von-kutschen-zu-autos-hans-haselbach-und-veronika-meyer-ueber-verkehrsrevolutionen-in-paris-1790-und-2040\/\" \/>\n<meta property=\"og:site_name\" content=\"Dietz Verlag Blog\" \/>\n<meta property=\"article:published_time\" content=\"2022-09-26T13:43:14+00:00\" \/>\n<meta property=\"article:modified_time\" content=\"2022-09-26T13:43:15+00:00\" \/>\n<meta property=\"og:image\" content=\"https:\/\/dietz-verlag.de\/blog\/wp-content\/uploads\/2022\/06\/Blog_Kutschen.jpg\" \/>\n\t<meta property=\"og:image:width\" content=\"1867\" \/>\n\t<meta property=\"og:image:height\" content=\"933\" \/>\n\t<meta property=\"og:image:type\" content=\"image\/jpeg\" \/>\n<meta name=\"author\" content=\"Oh\" \/>\n<meta name=\"twitter:card\" content=\"summary_large_image\" \/>\n<meta name=\"twitter:label1\" content=\"Verfasst von\" \/>\n\t<meta name=\"twitter:data1\" content=\"Oh\" \/>\n\t<meta name=\"twitter:label2\" content=\"Gesch\u00e4tzte Lesezeit\" \/>\n\t<meta name=\"twitter:data2\" content=\"2\u00a0Minuten\" \/>\n<script type=\"application\/ld+json\" class=\"yoast-schema-graph\">{\"@context\":\"https:\\\/\\\/schema.org\",\"@graph\":[{\"@type\":\"Article\",\"@id\":\"https:\\\/\\\/dietz-verlag.de\\\/blog\\\/von-kutschen-zu-autos-hans-haselbach-und-veronika-meyer-ueber-verkehrsrevolutionen-in-paris-1790-und-2040\\\/#article\",\"isPartOf\":{\"@id\":\"https:\\\/\\\/dietz-verlag.de\\\/blog\\\/von-kutschen-zu-autos-hans-haselbach-und-veronika-meyer-ueber-verkehrsrevolutionen-in-paris-1790-und-2040\\\/\"},\"author\":{\"name\":\"Oh\",\"@id\":\"https:\\\/\\\/dietz-verlag.de\\\/blog\\\/#\\\/schema\\\/person\\\/7cd2cd668cf616f5c70cd54974dd6de3\"},\"headline\":\"Von Kutschen zu Autos &#8211; Hans Haselbach und Veronika Meyer \u00fcber Verkehrsrevolutionen in Paris 1790 und 2040\",\"datePublished\":\"2022-09-26T13:43:14+00:00\",\"dateModified\":\"2022-09-26T13:43:15+00:00\",\"mainEntityOfPage\":{\"@id\":\"https:\\\/\\\/dietz-verlag.de\\\/blog\\\/von-kutschen-zu-autos-hans-haselbach-und-veronika-meyer-ueber-verkehrsrevolutionen-in-paris-1790-und-2040\\\/\"},\"wordCount\":267,\"image\":{\"@id\":\"https:\\\/\\\/dietz-verlag.de\\\/blog\\\/von-kutschen-zu-autos-hans-haselbach-und-veronika-meyer-ueber-verkehrsrevolutionen-in-paris-1790-und-2040\\\/#primaryimage\"},\"thumbnailUrl\":\"https:\\\/\\\/dietz-verlag.de\\\/blog\\\/wp-content\\\/uploads\\\/2022\\\/06\\\/Blog_Kutschen.jpg\",\"keywords\":[\"Autorfreie Innenst\u00e4dte\",\"Autos\",\"Faksimile von 1790\",\"Kutschen\",\"Paris\",\"Petition\",\"Verkehr in Innenst\u00e4dten\",\"Verkehrsberuhigung\",\"Verkehrschaos\",\"Verkehrsrevolution\"],\"articleSection\":[\"Neuerscheinungen\",\"Unkategorisiert\"],\"inLanguage\":\"de\"},{\"@type\":\"WebPage\",\"@id\":\"https:\\\/\\\/dietz-verlag.de\\\/blog\\\/von-kutschen-zu-autos-hans-haselbach-und-veronika-meyer-ueber-verkehrsrevolutionen-in-paris-1790-und-2040\\\/\",\"url\":\"https:\\\/\\\/dietz-verlag.de\\\/blog\\\/von-kutschen-zu-autos-hans-haselbach-und-veronika-meyer-ueber-verkehrsrevolutionen-in-paris-1790-und-2040\\\/\",\"name\":\"Von Kutschen zu Autos - Hans Haselbach und Veronika Meyer \u00fcber Verkehrsrevolutionen in Paris 1790 und 2040 - Dietz Verlag Blog\",\"isPartOf\":{\"@id\":\"https:\\\/\\\/dietz-verlag.de\\\/blog\\\/#website\"},\"primaryImageOfPage\":{\"@id\":\"https:\\\/\\\/dietz-verlag.de\\\/blog\\\/von-kutschen-zu-autos-hans-haselbach-und-veronika-meyer-ueber-verkehrsrevolutionen-in-paris-1790-und-2040\\\/#primaryimage\"},\"image\":{\"@id\":\"https:\\\/\\\/dietz-verlag.de\\\/blog\\\/von-kutschen-zu-autos-hans-haselbach-und-veronika-meyer-ueber-verkehrsrevolutionen-in-paris-1790-und-2040\\\/#primaryimage\"},\"thumbnailUrl\":\"https:\\\/\\\/dietz-verlag.de\\\/blog\\\/wp-content\\\/uploads\\\/2022\\\/06\\\/Blog_Kutschen.jpg\",\"datePublished\":\"2022-09-26T13:43:14+00:00\",\"dateModified\":\"2022-09-26T13:43:15+00:00\",\"author\":{\"@id\":\"https:\\\/\\\/dietz-verlag.de\\\/blog\\\/#\\\/schema\\\/person\\\/7cd2cd668cf616f5c70cd54974dd6de3\"},\"description\":\"Verkehrsrevolutionen: Das Buch \\\"Verbietet die Kutschen\\\" bietet erstmals eine deutsche \u00dcbersetzung einer Petition von 1790, die das Verbot von Kutschen in Paris forderte.\",\"breadcrumb\":{\"@id\":\"https:\\\/\\\/dietz-verlag.de\\\/blog\\\/von-kutschen-zu-autos-hans-haselbach-und-veronika-meyer-ueber-verkehrsrevolutionen-in-paris-1790-und-2040\\\/#breadcrumb\"},\"inLanguage\":\"de\",\"potentialAction\":[{\"@type\":\"ReadAction\",\"target\":[\"https:\\\/\\\/dietz-verlag.de\\\/blog\\\/von-kutschen-zu-autos-hans-haselbach-und-veronika-meyer-ueber-verkehrsrevolutionen-in-paris-1790-und-2040\\\/\"]}]},{\"@type\":\"ImageObject\",\"inLanguage\":\"de\",\"@id\":\"https:\\\/\\\/dietz-verlag.de\\\/blog\\\/von-kutschen-zu-autos-hans-haselbach-und-veronika-meyer-ueber-verkehrsrevolutionen-in-paris-1790-und-2040\\\/#primaryimage\",\"url\":\"https:\\\/\\\/dietz-verlag.de\\\/blog\\\/wp-content\\\/uploads\\\/2022\\\/06\\\/Blog_Kutschen.jpg\",\"contentUrl\":\"https:\\\/\\\/dietz-verlag.de\\\/blog\\\/wp-content\\\/uploads\\\/2022\\\/06\\\/Blog_Kutschen.jpg\",\"width\":1867,\"height\":933,\"caption\":\"Cover des Buches \\\"Verbietet die Kutschen!\\\"\"},{\"@type\":\"BreadcrumbList\",\"@id\":\"https:\\\/\\\/dietz-verlag.de\\\/blog\\\/von-kutschen-zu-autos-hans-haselbach-und-veronika-meyer-ueber-verkehrsrevolutionen-in-paris-1790-und-2040\\\/#breadcrumb\",\"itemListElement\":[{\"@type\":\"ListItem\",\"position\":1,\"name\":\"Startseite\",\"item\":\"https:\\\/\\\/dietz-verlag.de\\\/blog\\\/\"},{\"@type\":\"ListItem\",\"position\":2,\"name\":\"Von Kutschen zu Autos &#8211; Hans Haselbach und Veronika Meyer \u00fcber Verkehrsrevolutionen in Paris 1790 und 2040\"}]},{\"@type\":\"WebSite\",\"@id\":\"https:\\\/\\\/dietz-verlag.de\\\/blog\\\/#website\",\"url\":\"https:\\\/\\\/dietz-verlag.de\\\/blog\\\/\",\"name\":\"Dietz Verlag Blog\",\"description\":\"Politik, Gesellschaft und Geschichte\",\"potentialAction\":[{\"@type\":\"SearchAction\",\"target\":{\"@type\":\"EntryPoint\",\"urlTemplate\":\"https:\\\/\\\/dietz-verlag.de\\\/blog\\\/?s={search_term_string}\"},\"query-input\":{\"@type\":\"PropertyValueSpecification\",\"valueRequired\":true,\"valueName\":\"search_term_string\"}}],\"inLanguage\":\"de\"},{\"@type\":\"Person\",\"@id\":\"https:\\\/\\\/dietz-verlag.de\\\/blog\\\/#\\\/schema\\\/person\\\/7cd2cd668cf616f5c70cd54974dd6de3\",\"name\":\"Oh\",\"image\":{\"@type\":\"ImageObject\",\"inLanguage\":\"de\",\"@id\":\"https:\\\/\\\/secure.gravatar.com\\\/avatar\\\/2753eb960a803d4b6c0fc295b07ad7ef2d5937b5e4e3f79504212153daa57c3d?s=96&d=mm&r=g\",\"url\":\"https:\\\/\\\/secure.gravatar.com\\\/avatar\\\/2753eb960a803d4b6c0fc295b07ad7ef2d5937b5e4e3f79504212153daa57c3d?s=96&d=mm&r=g\",\"contentUrl\":\"https:\\\/\\\/secure.gravatar.com\\\/avatar\\\/2753eb960a803d4b6c0fc295b07ad7ef2d5937b5e4e3f79504212153daa57c3d?s=96&d=mm&r=g\",\"caption\":\"Oh\"},\"sameAs\":[\"http:\\\/\\\/dietz-verlag.de\"],\"url\":\"https:\\\/\\\/dietz-verlag.de\\\/blog\\\/author\\\/barbaraoh\\\/\"}]}<\/script>\n<!-- \/ Yoast SEO plugin. -->","yoast_head_json":{"title":"Von Kutschen zu Autos - Hans Haselbach und Veronika Meyer \u00fcber Verkehrsrevolutionen in Paris 1790 und 2040 - Dietz Verlag Blog","description":"Verkehrsrevolutionen: Das Buch \"Verbietet die Kutschen\" bietet erstmals eine deutsche \u00dcbersetzung einer Petition von 1790, die das Verbot von Kutschen in Paris forderte.","robots":{"index":"index","follow":"follow","max-snippet":"max-snippet:-1","max-image-preview":"max-image-preview:large","max-video-preview":"max-video-preview:-1"},"canonical":"https:\/\/dietz-verlag.de\/blog\/von-kutschen-zu-autos-hans-haselbach-und-veronika-meyer-ueber-verkehrsrevolutionen-in-paris-1790-und-2040\/","og_locale":"de_DE","og_type":"article","og_title":"Von Kutschen zu Autos - Hans Haselbach und Veronika Meyer \u00fcber Verkehrsrevolutionen in Paris 1790 und 2040 - Dietz Verlag Blog","og_description":"Verkehrsrevolutionen: Das Buch \"Verbietet die Kutschen\" bietet erstmals eine deutsche \u00dcbersetzung einer Petition von 1790, die das Verbot von Kutschen in Paris forderte.","og_url":"https:\/\/dietz-verlag.de\/blog\/von-kutschen-zu-autos-hans-haselbach-und-veronika-meyer-ueber-verkehrsrevolutionen-in-paris-1790-und-2040\/","og_site_name":"Dietz Verlag Blog","article_published_time":"2022-09-26T13:43:14+00:00","article_modified_time":"2022-09-26T13:43:15+00:00","og_image":[{"width":1867,"height":933,"url":"https:\/\/dietz-verlag.de\/blog\/wp-content\/uploads\/2022\/06\/Blog_Kutschen.jpg","type":"image\/jpeg"}],"author":"Oh","twitter_card":"summary_large_image","twitter_misc":{"Verfasst von":"Oh","Gesch\u00e4tzte Lesezeit":"2\u00a0Minuten"},"schema":{"@context":"https:\/\/schema.org","@graph":[{"@type":"Article","@id":"https:\/\/dietz-verlag.de\/blog\/von-kutschen-zu-autos-hans-haselbach-und-veronika-meyer-ueber-verkehrsrevolutionen-in-paris-1790-und-2040\/#article","isPartOf":{"@id":"https:\/\/dietz-verlag.de\/blog\/von-kutschen-zu-autos-hans-haselbach-und-veronika-meyer-ueber-verkehrsrevolutionen-in-paris-1790-und-2040\/"},"author":{"name":"Oh","@id":"https:\/\/dietz-verlag.de\/blog\/#\/schema\/person\/7cd2cd668cf616f5c70cd54974dd6de3"},"headline":"Von Kutschen zu Autos &#8211; Hans Haselbach und Veronika Meyer \u00fcber Verkehrsrevolutionen in Paris 1790 und 2040","datePublished":"2022-09-26T13:43:14+00:00","dateModified":"2022-09-26T13:43:15+00:00","mainEntityOfPage":{"@id":"https:\/\/dietz-verlag.de\/blog\/von-kutschen-zu-autos-hans-haselbach-und-veronika-meyer-ueber-verkehrsrevolutionen-in-paris-1790-und-2040\/"},"wordCount":267,"image":{"@id":"https:\/\/dietz-verlag.de\/blog\/von-kutschen-zu-autos-hans-haselbach-und-veronika-meyer-ueber-verkehrsrevolutionen-in-paris-1790-und-2040\/#primaryimage"},"thumbnailUrl":"https:\/\/dietz-verlag.de\/blog\/wp-content\/uploads\/2022\/06\/Blog_Kutschen.jpg","keywords":["Autorfreie Innenst\u00e4dte","Autos","Faksimile von 1790","Kutschen","Paris","Petition","Verkehr in Innenst\u00e4dten","Verkehrsberuhigung","Verkehrschaos","Verkehrsrevolution"],"articleSection":["Neuerscheinungen","Unkategorisiert"],"inLanguage":"de"},{"@type":"WebPage","@id":"https:\/\/dietz-verlag.de\/blog\/von-kutschen-zu-autos-hans-haselbach-und-veronika-meyer-ueber-verkehrsrevolutionen-in-paris-1790-und-2040\/","url":"https:\/\/dietz-verlag.de\/blog\/von-kutschen-zu-autos-hans-haselbach-und-veronika-meyer-ueber-verkehrsrevolutionen-in-paris-1790-und-2040\/","name":"Von Kutschen zu Autos - Hans Haselbach und Veronika Meyer \u00fcber Verkehrsrevolutionen in Paris 1790 und 2040 - Dietz Verlag Blog","isPartOf":{"@id":"https:\/\/dietz-verlag.de\/blog\/#website"},"primaryImageOfPage":{"@id":"https:\/\/dietz-verlag.de\/blog\/von-kutschen-zu-autos-hans-haselbach-und-veronika-meyer-ueber-verkehrsrevolutionen-in-paris-1790-und-2040\/#primaryimage"},"image":{"@id":"https:\/\/dietz-verlag.de\/blog\/von-kutschen-zu-autos-hans-haselbach-und-veronika-meyer-ueber-verkehrsrevolutionen-in-paris-1790-und-2040\/#primaryimage"},"thumbnailUrl":"https:\/\/dietz-verlag.de\/blog\/wp-content\/uploads\/2022\/06\/Blog_Kutschen.jpg","datePublished":"2022-09-26T13:43:14+00:00","dateModified":"2022-09-26T13:43:15+00:00","author":{"@id":"https:\/\/dietz-verlag.de\/blog\/#\/schema\/person\/7cd2cd668cf616f5c70cd54974dd6de3"},"description":"Verkehrsrevolutionen: Das Buch \"Verbietet die Kutschen\" bietet erstmals eine deutsche \u00dcbersetzung einer Petition von 1790, die das Verbot von Kutschen in Paris forderte.","breadcrumb":{"@id":"https:\/\/dietz-verlag.de\/blog\/von-kutschen-zu-autos-hans-haselbach-und-veronika-meyer-ueber-verkehrsrevolutionen-in-paris-1790-und-2040\/#breadcrumb"},"inLanguage":"de","potentialAction":[{"@type":"ReadAction","target":["https:\/\/dietz-verlag.de\/blog\/von-kutschen-zu-autos-hans-haselbach-und-veronika-meyer-ueber-verkehrsrevolutionen-in-paris-1790-und-2040\/"]}]},{"@type":"ImageObject","inLanguage":"de","@id":"https:\/\/dietz-verlag.de\/blog\/von-kutschen-zu-autos-hans-haselbach-und-veronika-meyer-ueber-verkehrsrevolutionen-in-paris-1790-und-2040\/#primaryimage","url":"https:\/\/dietz-verlag.de\/blog\/wp-content\/uploads\/2022\/06\/Blog_Kutschen.jpg","contentUrl":"https:\/\/dietz-verlag.de\/blog\/wp-content\/uploads\/2022\/06\/Blog_Kutschen.jpg","width":1867,"height":933,"caption":"Cover des Buches \"Verbietet die Kutschen!\""},{"@type":"BreadcrumbList","@id":"https:\/\/dietz-verlag.de\/blog\/von-kutschen-zu-autos-hans-haselbach-und-veronika-meyer-ueber-verkehrsrevolutionen-in-paris-1790-und-2040\/#breadcrumb","itemListElement":[{"@type":"ListItem","position":1,"name":"Startseite","item":"https:\/\/dietz-verlag.de\/blog\/"},{"@type":"ListItem","position":2,"name":"Von Kutschen zu Autos &#8211; Hans Haselbach und Veronika Meyer \u00fcber Verkehrsrevolutionen in Paris 1790 und 2040"}]},{"@type":"WebSite","@id":"https:\/\/dietz-verlag.de\/blog\/#website","url":"https:\/\/dietz-verlag.de\/blog\/","name":"Dietz Verlag Blog","description":"Politik, Gesellschaft und Geschichte","potentialAction":[{"@type":"SearchAction","target":{"@type":"EntryPoint","urlTemplate":"https:\/\/dietz-verlag.de\/blog\/?s={search_term_string}"},"query-input":{"@type":"PropertyValueSpecification","valueRequired":true,"valueName":"search_term_string"}}],"inLanguage":"de"},{"@type":"Person","@id":"https:\/\/dietz-verlag.de\/blog\/#\/schema\/person\/7cd2cd668cf616f5c70cd54974dd6de3","name":"Oh","image":{"@type":"ImageObject","inLanguage":"de","@id":"https:\/\/secure.gravatar.com\/avatar\/2753eb960a803d4b6c0fc295b07ad7ef2d5937b5e4e3f79504212153daa57c3d?s=96&d=mm&r=g","url":"https:\/\/secure.gravatar.com\/avatar\/2753eb960a803d4b6c0fc295b07ad7ef2d5937b5e4e3f79504212153daa57c3d?s=96&d=mm&r=g","contentUrl":"https:\/\/secure.gravatar.com\/avatar\/2753eb960a803d4b6c0fc295b07ad7ef2d5937b5e4e3f79504212153daa57c3d?s=96&d=mm&r=g","caption":"Oh"},"sameAs":["http:\/\/dietz-verlag.de"],"url":"https:\/\/dietz-verlag.de\/blog\/author\/barbaraoh\/"}]}},"_links":{"self":[{"href":"https:\/\/dietz-verlag.de\/blog\/wp-json\/wp\/v2\/posts\/2331","targetHints":{"allow":["GET"]}}],"collection":[{"href":"https:\/\/dietz-verlag.de\/blog\/wp-json\/wp\/v2\/posts"}],"about":[{"href":"https:\/\/dietz-verlag.de\/blog\/wp-json\/wp\/v2\/types\/post"}],"author":[{"embeddable":true,"href":"https:\/\/dietz-verlag.de\/blog\/wp-json\/wp\/v2\/users\/2"}],"replies":[{"embeddable":true,"href":"https:\/\/dietz-verlag.de\/blog\/wp-json\/wp\/v2\/comments?post=2331"}],"version-history":[{"count":2,"href":"https:\/\/dietz-verlag.de\/blog\/wp-json\/wp\/v2\/posts\/2331\/revisions"}],"predecessor-version":[{"id":2404,"href":"https:\/\/dietz-verlag.de\/blog\/wp-json\/wp\/v2\/posts\/2331\/revisions\/2404"}],"wp:featuredmedia":[{"embeddable":true,"href":"https:\/\/dietz-verlag.de\/blog\/wp-json\/wp\/v2\/media\/2318"}],"wp:attachment":[{"href":"https:\/\/dietz-verlag.de\/blog\/wp-json\/wp\/v2\/media?parent=2331"}],"wp:term":[{"taxonomy":"category","embeddable":true,"href":"https:\/\/dietz-verlag.de\/blog\/wp-json\/wp\/v2\/categories?post=2331"},{"taxonomy":"post_tag","embeddable":true,"href":"https:\/\/dietz-verlag.de\/blog\/wp-json\/wp\/v2\/tags?post=2331"},{"taxonomy":"post_flag","embeddable":true,"href":"https:\/\/dietz-verlag.de\/blog\/wp-json\/wp\/v2\/post_flags?post=2331"}],"curies":[{"name":"wp","href":"https:\/\/api.w.org\/{rel}","templated":true}]}}