{"id":2286,"date":"2022-06-07T07:28:47","date_gmt":"2022-06-07T07:28:47","guid":{"rendered":"https:\/\/dietz-verlag.de\/blog\/?p=2286"},"modified":"2022-06-07T07:37:02","modified_gmt":"2022-06-07T07:37:02","slug":"podcast-gespraech-matthias-pfeffer-und-jan-philipp-albrecht-ueber-kuenstliche-intelligenz-demokratie-und-digitalgesetze","status":"publish","type":"post","link":"https:\/\/dietz-verlag.de\/blog\/podcast-gespraech-matthias-pfeffer-und-jan-philipp-albrecht-ueber-kuenstliche-intelligenz-demokratie-und-digitalgesetze\/","title":{"rendered":"Podcast-Gespr\u00e4ch: Matthias Pfeffer und Jan Philipp Albrecht \u00fcber k\u00fcnstliche Intelligenz, Demokratie und Digitalgesetze"},"content":{"rendered":"\n<p>\u00bbIntelligente\u00ab Maschinen umgeben uns \u00fcberall. Doch was macht digitale Technik mit uns, was macht k\u00fcnstliche Intelligenz (KI) mit unserer Vernunft? Verstehen wir, wie sie uns dient, aber auch beherrscht? Nein! Die heute erschienene Folge im Podcast \u00bb<a href=\"http:\/\/dietz-verlag.de\/podcast-dietzunddas.htm\" target=\"_blank\" rel=\"noreferrer noopener\">Dietz &amp; Das<\/a>\u00ab besch\u00e4ftigt sich genau mit jenen Fragen &#8211; es geht um k\u00fcnstliche Intelligenz, Demokratie und Digitalisierung. <a href=\"https:\/\/www.pfeffermedia.de\/startseite\/%C3%BCber-mich\" target=\"_blank\" rel=\"noreferrer noopener\">Matthias Pfeffer<\/a>, freier TV-Journalist, Philosoph und Autor des Buches \u00bb<a href=\"https:\/\/dietz-verlag.de\/isbn\/9783801206178\/Menschliches-Denken-und-Kuenstliche-Intelligenz-Eine-Aufforderung-Matthias-Pfeffer\" target=\"_blank\" rel=\"noreferrer noopener\">Menschliches Denken und k\u00fcnstliche Intelligenz. Eine Aufforderung<\/a>\u00ab, spricht darin mit <a href=\"http:\/\/janalbrecht.eu\" target=\"_blank\" rel=\"noreferrer noopener\">Jan Philipp Albrecht<\/a>, Minister f\u00fcr Energiewende, Landwirtschaft, Umwelt, Natur und Digitalisierung in Schleswig-Holstein. <\/p>\n\n\n\n<h4 class=\"wp-block-heading\">K\u00fcnstliche Intelligenz, Deep-Fake-Technologien und Digitalgesetze<\/h4>\n\n\n\n<p>Die beiden diskutieren \u00fcber Gesetze zum Einsatz von KI und zur Regulierung von Internet-Plattformen. Warum sind sie wichtig f\u00fcr unsere Demokratie und das Vertrauen in unsere Beh\u00f6rden? Und m\u00fcsste die Politik nicht schneller handeln? \u00bbWir m\u00fcssen in der Demokratie wieder in die Vorlage kommen, in die Gestaltung des \u00f6ffentlichen Raums, der f\u00fcr uns alle essentiell ist, wenn wir auch in Zukunft freie Entscheidungen treffen wollen\u00ab, so Pfeffer. Denn die mediale \u00d6ffentlichkeit ist mittlerweile stark von KI gelenkt, Pfeffer spricht von einer &#8222;automatisierten \u00d6ffentlichkeit&#8220;, getrieben von Algorithmen, die von den Digitalkonzernen nicht offengelegt werden. <\/p>\n\n\n\n<h4 class=\"wp-block-heading\">Die Uhr tickt<\/h4>\n\n\n\n<p>Wenn wir uns diesen be\u00e4ngstigenden Fragen nicht aktiv stellen, kann es irgendwann zu sp\u00e4t daf\u00fcr sein. Eine freiheitliche Demokratie, die hier passiv bleibt, l\u00e4uft Gefahr, eines Tages von der Macht digitaler Konzerne und ihrer intelligenten k\u00fcnstlichen Helfershelfer \u00fcbernommen zu werden. Dagegen hilft nur kritisches Denken. Daher ist das Gespr\u00e4ch eine Einladung, dar\u00fcber und \u00fcber die Verf\u00fchrungskraft intelligenter Technologien nachzudenken. Und eine Aufforderung, k\u00fcnstliche Intelligenz nicht ohne menschliches Denken einzusetzen.<\/p>\n\n\n\n<h4 class=\"wp-block-heading\">Die Gespr\u00e4chspartner<\/h4>\n\n\n\n<p><strong><a href=\"https:\/\/dietz-verlag.de\/autor\/2280\/matthias-pfeffer\" target=\"_blank\" rel=\"noreferrer noopener\">Matthias Pfeffer<\/a><\/strong>, geb. 1961, freier TV-Journalist, Produzent und Philosoph, war 20 Jahre lang Gesch\u00e4ftsf\u00fchrer und Chefredakteur von FOCUS TV, hat zahllose TV-Formate entwickelt und produziert. Er hat sich viele Jahre mit KI befasst und dar\u00fcber geschrieben. Sein letztes Buch \u00bb<a href=\"https:\/\/dietz-verlag.de\/isbn\/9783801205652\/Prinzip-Mensch-Macht-Freiheit-und-Demokratie-im-Zeitalter-der-Kuenstlichen-Intelligenz-Paul-Nemitz-Matthias-Pfeffer\" target=\"_blank\" rel=\"noreferrer noopener\">Prinzip Mensch\u00ab <\/a>(mit Paul Nemitz) schaffte es auf die Shortlist \u00bbDas Politische Buch\u00ab der Friedrich-Ebert-Stiftung. Pfeffer lebt in Berlin und in M\u00fcnchen.<\/p>\n\n\n\n<p><strong><a href=\"https:\/\/www.janalbrecht.eu\/\" target=\"_blank\" rel=\"noreferrer noopener\">Jan Philipp Albrecht<\/a>, <\/strong>geb 1982, ist Minister f\u00fcr Energiewende, Landwirtschaft, Umwelt, Natur und Digitalisierung in Schleswig-Holstein. Er arbeitete unter anderem bei dem Europ\u00e4ischen Parlament und am Walter-Hallstein-Institut f\u00fcr Europ\u00e4isches Verfassungsrecht der Humboldt-Universit\u00e4t Berlin. Albrecht ist ab Juni 2022 <a href=\"https:\/\/www.boell.de\/de\/person\/jan-philipp-albrecht\" target=\"_blank\" rel=\"noreferrer noopener\">Stiftungsvorstand der Heinrich-B\u00f6ll-Stiftung<\/a>.<\/p>\n\n\n\n<h4 class=\"wp-block-heading\">Podcast \u00bbDietz &amp; Das\u00ab<\/h4>\n\n\n\n<p>\u00bb<a href=\"https:\/\/dietz-verlag.de\/podcast-dietzunddas.htm\" target=\"_blank\" rel=\"noreferrer noopener\">Dietz &amp; Das<\/a>\u00ab \u2013 so hei\u00dft unser Podcast zu Politik, Gesellschaft und Geschichte. Autor*innen aus dem Dietz-Verlag stellen hier ihre neuen B\u00fccher vor und sprechen \u00fcber politische und gesellschaftliche Themen \u2013 informativ, unterhaltsam, inspirierend. Jeden ersten Freitag im Monat gibt es eine neue Folge: spannende, offene Diskussionen und neue Sichtweisen von unterschiedlichen Expert*innen f\u00fcr alle, die sich eine differenzierte Meinung bilden wollen. \u00bbDietz &amp; Das\u00ab ist auf unserer&nbsp;<a href=\"https:\/\/dietz-verlag.de\/podcast-dietzunddas.htm\" target=\"_blank\" rel=\"noreferrer noopener\">Website<\/a>&nbsp;und auf allen Podcast-Plattformen abrufbar.<\/p>\n","protected":false},"excerpt":{"rendered":"<p>\u00bbIntelligente\u00ab Maschinen umgeben uns \u00fcberall. Doch was macht digitale Technik mit uns, was macht k\u00fcnstliche Intelligenz (KI) mit unserer Vernunft? Verstehen wir, wie sie uns dient, aber auch beherrscht? Nein! Die heute erschienene Folge im Podcast \u00bbDietz &amp; Das\u00ab besch\u00e4ftigt sich genau mit jenen Fragen &#8211; es geht um k\u00fcnstliche Intelligenz, Demokratie und Digitalisierung. Matthias [&hellip;]<\/p>\n","protected":false},"author":2,"featured_media":2300,"comment_status":"closed","ping_status":"open","sticky":false,"template":"","format":"standard","meta":{"footnotes":""},"categories":[31],"tags":[273,524,522,531,65,523,534,538,527,528,540,532,530,535,529,539,533,525,526],"post_flags":[],"class_list":["post-2286","post","type-post","status-publish","format-standard","has-post-thumbnail","hentry","category-podcast-politik-und-gesellschaft","tag-algorithmen","tag-ampel-koalitionsvertrag","tag-chatbots","tag-deep-fake-technologien","tag-demokratiegefaehrdung","tag-digital-service-act","tag-digitalgesetz","tag-digitalkonzerne","tag-elon-musik","tag-facebook","tag-google","tag-internet-plattformen","tag-kuenstliche-intelligenz","tag-kuenstliche-intelligenz-in-behoerden","tag-medien-und-demokratie","tag-meta","tag-regulierung","tag-robert-habeck","tag-twitter"],"acf":[],"yoast_head":"<!-- This site is optimized with the Yoast SEO plugin v27.5 - https:\/\/yoast.com\/product\/yoast-seo-wordpress\/ -->\n<title>Podcast-Gespr\u00e4ch: Matthias Pfeffer und Jan Philipp Albrecht \u00fcber k\u00fcnstliche Intelligenz, Demokratie und Digitalgesetze - Dietz Verlag Blog<\/title>\n<meta name=\"description\" content=\"Pfeffer und Albrecht sprechen \u00fcber k\u00fcnstliche Intelligenz, Demokratie und den Einsatz von Gesetzen zur Regulierung der &quot;Superintelligenzen&quot;.\" \/>\n<meta name=\"robots\" content=\"index, follow, max-snippet:-1, max-image-preview:large, max-video-preview:-1\" \/>\n<link rel=\"canonical\" href=\"https:\/\/dietz-verlag.de\/blog\/podcast-gespraech-matthias-pfeffer-und-jan-philipp-albrecht-ueber-kuenstliche-intelligenz-demokratie-und-digitalgesetze\/\" \/>\n<meta property=\"og:locale\" content=\"de_DE\" \/>\n<meta property=\"og:type\" content=\"article\" \/>\n<meta property=\"og:title\" content=\"Podcast-Gespr\u00e4ch: Matthias Pfeffer und Jan Philipp Albrecht \u00fcber k\u00fcnstliche Intelligenz, Demokratie und Digitalgesetze - Dietz Verlag Blog\" \/>\n<meta property=\"og:description\" content=\"Pfeffer und Albrecht sprechen \u00fcber k\u00fcnstliche Intelligenz, Demokratie und den Einsatz von Gesetzen zur Regulierung der &quot;Superintelligenzen&quot;.\" \/>\n<meta property=\"og:url\" content=\"https:\/\/dietz-verlag.de\/blog\/podcast-gespraech-matthias-pfeffer-und-jan-philipp-albrecht-ueber-kuenstliche-intelligenz-demokratie-und-digitalgesetze\/\" \/>\n<meta property=\"og:site_name\" content=\"Dietz Verlag Blog\" \/>\n<meta property=\"article:published_time\" content=\"2022-06-07T07:28:47+00:00\" \/>\n<meta property=\"article:modified_time\" content=\"2022-06-07T07:37:02+00:00\" \/>\n<meta property=\"og:image\" content=\"https:\/\/dietz-verlag.de\/blog\/wp-content\/uploads\/2022\/06\/Podcast-Pfeffer-Albrecht.webp\" \/>\n\t<meta property=\"og:image:width\" content=\"1867\" \/>\n\t<meta property=\"og:image:height\" content=\"933\" \/>\n\t<meta property=\"og:image:type\" content=\"image\/webp\" \/>\n<meta name=\"author\" content=\"Oh\" \/>\n<meta name=\"twitter:card\" content=\"summary_large_image\" \/>\n<meta name=\"twitter:label1\" content=\"Verfasst von\" \/>\n\t<meta name=\"twitter:data1\" content=\"Oh\" \/>\n\t<meta name=\"twitter:label2\" content=\"Gesch\u00e4tzte Lesezeit\" \/>\n\t<meta name=\"twitter:data2\" content=\"2\u00a0Minuten\" \/>\n<script type=\"application\/ld+json\" class=\"yoast-schema-graph\">{\"@context\":\"https:\\\/\\\/schema.org\",\"@graph\":[{\"@type\":\"Article\",\"@id\":\"https:\\\/\\\/dietz-verlag.de\\\/blog\\\/podcast-gespraech-matthias-pfeffer-und-jan-philipp-albrecht-ueber-kuenstliche-intelligenz-demokratie-und-digitalgesetze\\\/#article\",\"isPartOf\":{\"@id\":\"https:\\\/\\\/dietz-verlag.de\\\/blog\\\/podcast-gespraech-matthias-pfeffer-und-jan-philipp-albrecht-ueber-kuenstliche-intelligenz-demokratie-und-digitalgesetze\\\/\"},\"author\":{\"name\":\"Oh\",\"@id\":\"https:\\\/\\\/dietz-verlag.de\\\/blog\\\/#\\\/schema\\\/person\\\/7cd2cd668cf616f5c70cd54974dd6de3\"},\"headline\":\"Podcast-Gespr\u00e4ch: Matthias Pfeffer und Jan Philipp Albrecht \u00fcber k\u00fcnstliche Intelligenz, Demokratie und Digitalgesetze\",\"datePublished\":\"2022-06-07T07:28:47+00:00\",\"dateModified\":\"2022-06-07T07:37:02+00:00\",\"mainEntityOfPage\":{\"@id\":\"https:\\\/\\\/dietz-verlag.de\\\/blog\\\/podcast-gespraech-matthias-pfeffer-und-jan-philipp-albrecht-ueber-kuenstliche-intelligenz-demokratie-und-digitalgesetze\\\/\"},\"wordCount\":485,\"image\":{\"@id\":\"https:\\\/\\\/dietz-verlag.de\\\/blog\\\/podcast-gespraech-matthias-pfeffer-und-jan-philipp-albrecht-ueber-kuenstliche-intelligenz-demokratie-und-digitalgesetze\\\/#primaryimage\"},\"thumbnailUrl\":\"https:\\\/\\\/dietz-verlag.de\\\/blog\\\/wp-content\\\/uploads\\\/2022\\\/06\\\/Podcast-Pfeffer-Albrecht.webp\",\"keywords\":[\"Algorithmen\",\"Ampel-Koalitionsvertrag\",\"Chatbots\",\"Deep-Fake-Technologien\",\"Demokratiegef\u00e4hrdung\",\"Digital Service Act\",\"Digitalgesetz\",\"Digitalkonzerne\",\"Elon Musik\",\"Facebook\",\"Google\",\"Internet-Plattformen\",\"K\u00fcnstliche Intelligenz\",\"K\u00fcnstliche Intelligenz in Beh\u00f6rden\",\"Medien und Demokratie\",\"Meta\",\"Regulierung\",\"Robert Habeck\",\"Twitter\"],\"articleSection\":[\"Podcast \u00bbDietz &amp; Das\u00ab\"],\"inLanguage\":\"de\"},{\"@type\":\"WebPage\",\"@id\":\"https:\\\/\\\/dietz-verlag.de\\\/blog\\\/podcast-gespraech-matthias-pfeffer-und-jan-philipp-albrecht-ueber-kuenstliche-intelligenz-demokratie-und-digitalgesetze\\\/\",\"url\":\"https:\\\/\\\/dietz-verlag.de\\\/blog\\\/podcast-gespraech-matthias-pfeffer-und-jan-philipp-albrecht-ueber-kuenstliche-intelligenz-demokratie-und-digitalgesetze\\\/\",\"name\":\"Podcast-Gespr\u00e4ch: Matthias Pfeffer und Jan Philipp Albrecht \u00fcber k\u00fcnstliche Intelligenz, Demokratie und Digitalgesetze - Dietz Verlag Blog\",\"isPartOf\":{\"@id\":\"https:\\\/\\\/dietz-verlag.de\\\/blog\\\/#website\"},\"primaryImageOfPage\":{\"@id\":\"https:\\\/\\\/dietz-verlag.de\\\/blog\\\/podcast-gespraech-matthias-pfeffer-und-jan-philipp-albrecht-ueber-kuenstliche-intelligenz-demokratie-und-digitalgesetze\\\/#primaryimage\"},\"image\":{\"@id\":\"https:\\\/\\\/dietz-verlag.de\\\/blog\\\/podcast-gespraech-matthias-pfeffer-und-jan-philipp-albrecht-ueber-kuenstliche-intelligenz-demokratie-und-digitalgesetze\\\/#primaryimage\"},\"thumbnailUrl\":\"https:\\\/\\\/dietz-verlag.de\\\/blog\\\/wp-content\\\/uploads\\\/2022\\\/06\\\/Podcast-Pfeffer-Albrecht.webp\",\"datePublished\":\"2022-06-07T07:28:47+00:00\",\"dateModified\":\"2022-06-07T07:37:02+00:00\",\"author\":{\"@id\":\"https:\\\/\\\/dietz-verlag.de\\\/blog\\\/#\\\/schema\\\/person\\\/7cd2cd668cf616f5c70cd54974dd6de3\"},\"description\":\"Pfeffer und Albrecht sprechen \u00fcber k\u00fcnstliche Intelligenz, Demokratie und den Einsatz von Gesetzen zur Regulierung der \\\"Superintelligenzen\\\".\",\"breadcrumb\":{\"@id\":\"https:\\\/\\\/dietz-verlag.de\\\/blog\\\/podcast-gespraech-matthias-pfeffer-und-jan-philipp-albrecht-ueber-kuenstliche-intelligenz-demokratie-und-digitalgesetze\\\/#breadcrumb\"},\"inLanguage\":\"de\",\"potentialAction\":[{\"@type\":\"ReadAction\",\"target\":[\"https:\\\/\\\/dietz-verlag.de\\\/blog\\\/podcast-gespraech-matthias-pfeffer-und-jan-philipp-albrecht-ueber-kuenstliche-intelligenz-demokratie-und-digitalgesetze\\\/\"]}]},{\"@type\":\"ImageObject\",\"inLanguage\":\"de\",\"@id\":\"https:\\\/\\\/dietz-verlag.de\\\/blog\\\/podcast-gespraech-matthias-pfeffer-und-jan-philipp-albrecht-ueber-kuenstliche-intelligenz-demokratie-und-digitalgesetze\\\/#primaryimage\",\"url\":\"https:\\\/\\\/dietz-verlag.de\\\/blog\\\/wp-content\\\/uploads\\\/2022\\\/06\\\/Podcast-Pfeffer-Albrecht.webp\",\"contentUrl\":\"https:\\\/\\\/dietz-verlag.de\\\/blog\\\/wp-content\\\/uploads\\\/2022\\\/06\\\/Podcast-Pfeffer-Albrecht.webp\",\"width\":1867,\"height\":933,\"caption\":\"Podcast-Gespr\u00e4ch Matthias Pfeffer und Jan Philipp Albrecht \u00fcber K\u00fcnstliche Intelligenz und Demokratie\"},{\"@type\":\"BreadcrumbList\",\"@id\":\"https:\\\/\\\/dietz-verlag.de\\\/blog\\\/podcast-gespraech-matthias-pfeffer-und-jan-philipp-albrecht-ueber-kuenstliche-intelligenz-demokratie-und-digitalgesetze\\\/#breadcrumb\",\"itemListElement\":[{\"@type\":\"ListItem\",\"position\":1,\"name\":\"Startseite\",\"item\":\"https:\\\/\\\/dietz-verlag.de\\\/blog\\\/\"},{\"@type\":\"ListItem\",\"position\":2,\"name\":\"Podcast-Gespr\u00e4ch: Matthias Pfeffer und Jan Philipp Albrecht \u00fcber k\u00fcnstliche Intelligenz, Demokratie und Digitalgesetze\"}]},{\"@type\":\"WebSite\",\"@id\":\"https:\\\/\\\/dietz-verlag.de\\\/blog\\\/#website\",\"url\":\"https:\\\/\\\/dietz-verlag.de\\\/blog\\\/\",\"name\":\"Dietz Verlag Blog\",\"description\":\"Politik, Gesellschaft und Geschichte\",\"potentialAction\":[{\"@type\":\"SearchAction\",\"target\":{\"@type\":\"EntryPoint\",\"urlTemplate\":\"https:\\\/\\\/dietz-verlag.de\\\/blog\\\/?s={search_term_string}\"},\"query-input\":{\"@type\":\"PropertyValueSpecification\",\"valueRequired\":true,\"valueName\":\"search_term_string\"}}],\"inLanguage\":\"de\"},{\"@type\":\"Person\",\"@id\":\"https:\\\/\\\/dietz-verlag.de\\\/blog\\\/#\\\/schema\\\/person\\\/7cd2cd668cf616f5c70cd54974dd6de3\",\"name\":\"Oh\",\"image\":{\"@type\":\"ImageObject\",\"inLanguage\":\"de\",\"@id\":\"https:\\\/\\\/secure.gravatar.com\\\/avatar\\\/2753eb960a803d4b6c0fc295b07ad7ef2d5937b5e4e3f79504212153daa57c3d?s=96&d=mm&r=g\",\"url\":\"https:\\\/\\\/secure.gravatar.com\\\/avatar\\\/2753eb960a803d4b6c0fc295b07ad7ef2d5937b5e4e3f79504212153daa57c3d?s=96&d=mm&r=g\",\"contentUrl\":\"https:\\\/\\\/secure.gravatar.com\\\/avatar\\\/2753eb960a803d4b6c0fc295b07ad7ef2d5937b5e4e3f79504212153daa57c3d?s=96&d=mm&r=g\",\"caption\":\"Oh\"},\"sameAs\":[\"http:\\\/\\\/dietz-verlag.de\"],\"url\":\"https:\\\/\\\/dietz-verlag.de\\\/blog\\\/author\\\/barbaraoh\\\/\"}]}<\/script>\n<!-- \/ Yoast SEO plugin. -->","yoast_head_json":{"title":"Podcast-Gespr\u00e4ch: Matthias Pfeffer und Jan Philipp Albrecht \u00fcber k\u00fcnstliche Intelligenz, Demokratie und Digitalgesetze - Dietz Verlag Blog","description":"Pfeffer und Albrecht sprechen \u00fcber k\u00fcnstliche Intelligenz, Demokratie und den Einsatz von Gesetzen zur Regulierung der \"Superintelligenzen\".","robots":{"index":"index","follow":"follow","max-snippet":"max-snippet:-1","max-image-preview":"max-image-preview:large","max-video-preview":"max-video-preview:-1"},"canonical":"https:\/\/dietz-verlag.de\/blog\/podcast-gespraech-matthias-pfeffer-und-jan-philipp-albrecht-ueber-kuenstliche-intelligenz-demokratie-und-digitalgesetze\/","og_locale":"de_DE","og_type":"article","og_title":"Podcast-Gespr\u00e4ch: Matthias Pfeffer und Jan Philipp Albrecht \u00fcber k\u00fcnstliche Intelligenz, Demokratie und Digitalgesetze - Dietz Verlag Blog","og_description":"Pfeffer und Albrecht sprechen \u00fcber k\u00fcnstliche Intelligenz, Demokratie und den Einsatz von Gesetzen zur Regulierung der \"Superintelligenzen\".","og_url":"https:\/\/dietz-verlag.de\/blog\/podcast-gespraech-matthias-pfeffer-und-jan-philipp-albrecht-ueber-kuenstliche-intelligenz-demokratie-und-digitalgesetze\/","og_site_name":"Dietz Verlag Blog","article_published_time":"2022-06-07T07:28:47+00:00","article_modified_time":"2022-06-07T07:37:02+00:00","og_image":[{"width":1867,"height":933,"url":"https:\/\/dietz-verlag.de\/blog\/wp-content\/uploads\/2022\/06\/Podcast-Pfeffer-Albrecht.webp","type":"image\/webp"}],"author":"Oh","twitter_card":"summary_large_image","twitter_misc":{"Verfasst von":"Oh","Gesch\u00e4tzte Lesezeit":"2\u00a0Minuten"},"schema":{"@context":"https:\/\/schema.org","@graph":[{"@type":"Article","@id":"https:\/\/dietz-verlag.de\/blog\/podcast-gespraech-matthias-pfeffer-und-jan-philipp-albrecht-ueber-kuenstliche-intelligenz-demokratie-und-digitalgesetze\/#article","isPartOf":{"@id":"https:\/\/dietz-verlag.de\/blog\/podcast-gespraech-matthias-pfeffer-und-jan-philipp-albrecht-ueber-kuenstliche-intelligenz-demokratie-und-digitalgesetze\/"},"author":{"name":"Oh","@id":"https:\/\/dietz-verlag.de\/blog\/#\/schema\/person\/7cd2cd668cf616f5c70cd54974dd6de3"},"headline":"Podcast-Gespr\u00e4ch: Matthias Pfeffer und Jan Philipp Albrecht \u00fcber k\u00fcnstliche Intelligenz, Demokratie und Digitalgesetze","datePublished":"2022-06-07T07:28:47+00:00","dateModified":"2022-06-07T07:37:02+00:00","mainEntityOfPage":{"@id":"https:\/\/dietz-verlag.de\/blog\/podcast-gespraech-matthias-pfeffer-und-jan-philipp-albrecht-ueber-kuenstliche-intelligenz-demokratie-und-digitalgesetze\/"},"wordCount":485,"image":{"@id":"https:\/\/dietz-verlag.de\/blog\/podcast-gespraech-matthias-pfeffer-und-jan-philipp-albrecht-ueber-kuenstliche-intelligenz-demokratie-und-digitalgesetze\/#primaryimage"},"thumbnailUrl":"https:\/\/dietz-verlag.de\/blog\/wp-content\/uploads\/2022\/06\/Podcast-Pfeffer-Albrecht.webp","keywords":["Algorithmen","Ampel-Koalitionsvertrag","Chatbots","Deep-Fake-Technologien","Demokratiegef\u00e4hrdung","Digital Service Act","Digitalgesetz","Digitalkonzerne","Elon Musik","Facebook","Google","Internet-Plattformen","K\u00fcnstliche Intelligenz","K\u00fcnstliche Intelligenz in Beh\u00f6rden","Medien und Demokratie","Meta","Regulierung","Robert Habeck","Twitter"],"articleSection":["Podcast \u00bbDietz &amp; Das\u00ab"],"inLanguage":"de"},{"@type":"WebPage","@id":"https:\/\/dietz-verlag.de\/blog\/podcast-gespraech-matthias-pfeffer-und-jan-philipp-albrecht-ueber-kuenstliche-intelligenz-demokratie-und-digitalgesetze\/","url":"https:\/\/dietz-verlag.de\/blog\/podcast-gespraech-matthias-pfeffer-und-jan-philipp-albrecht-ueber-kuenstliche-intelligenz-demokratie-und-digitalgesetze\/","name":"Podcast-Gespr\u00e4ch: Matthias Pfeffer und Jan Philipp Albrecht \u00fcber k\u00fcnstliche Intelligenz, Demokratie und Digitalgesetze - Dietz Verlag Blog","isPartOf":{"@id":"https:\/\/dietz-verlag.de\/blog\/#website"},"primaryImageOfPage":{"@id":"https:\/\/dietz-verlag.de\/blog\/podcast-gespraech-matthias-pfeffer-und-jan-philipp-albrecht-ueber-kuenstliche-intelligenz-demokratie-und-digitalgesetze\/#primaryimage"},"image":{"@id":"https:\/\/dietz-verlag.de\/blog\/podcast-gespraech-matthias-pfeffer-und-jan-philipp-albrecht-ueber-kuenstliche-intelligenz-demokratie-und-digitalgesetze\/#primaryimage"},"thumbnailUrl":"https:\/\/dietz-verlag.de\/blog\/wp-content\/uploads\/2022\/06\/Podcast-Pfeffer-Albrecht.webp","datePublished":"2022-06-07T07:28:47+00:00","dateModified":"2022-06-07T07:37:02+00:00","author":{"@id":"https:\/\/dietz-verlag.de\/blog\/#\/schema\/person\/7cd2cd668cf616f5c70cd54974dd6de3"},"description":"Pfeffer und Albrecht sprechen \u00fcber k\u00fcnstliche Intelligenz, Demokratie und den Einsatz von Gesetzen zur Regulierung der \"Superintelligenzen\".","breadcrumb":{"@id":"https:\/\/dietz-verlag.de\/blog\/podcast-gespraech-matthias-pfeffer-und-jan-philipp-albrecht-ueber-kuenstliche-intelligenz-demokratie-und-digitalgesetze\/#breadcrumb"},"inLanguage":"de","potentialAction":[{"@type":"ReadAction","target":["https:\/\/dietz-verlag.de\/blog\/podcast-gespraech-matthias-pfeffer-und-jan-philipp-albrecht-ueber-kuenstliche-intelligenz-demokratie-und-digitalgesetze\/"]}]},{"@type":"ImageObject","inLanguage":"de","@id":"https:\/\/dietz-verlag.de\/blog\/podcast-gespraech-matthias-pfeffer-und-jan-philipp-albrecht-ueber-kuenstliche-intelligenz-demokratie-und-digitalgesetze\/#primaryimage","url":"https:\/\/dietz-verlag.de\/blog\/wp-content\/uploads\/2022\/06\/Podcast-Pfeffer-Albrecht.webp","contentUrl":"https:\/\/dietz-verlag.de\/blog\/wp-content\/uploads\/2022\/06\/Podcast-Pfeffer-Albrecht.webp","width":1867,"height":933,"caption":"Podcast-Gespr\u00e4ch Matthias Pfeffer und Jan Philipp Albrecht \u00fcber K\u00fcnstliche Intelligenz und Demokratie"},{"@type":"BreadcrumbList","@id":"https:\/\/dietz-verlag.de\/blog\/podcast-gespraech-matthias-pfeffer-und-jan-philipp-albrecht-ueber-kuenstliche-intelligenz-demokratie-und-digitalgesetze\/#breadcrumb","itemListElement":[{"@type":"ListItem","position":1,"name":"Startseite","item":"https:\/\/dietz-verlag.de\/blog\/"},{"@type":"ListItem","position":2,"name":"Podcast-Gespr\u00e4ch: Matthias Pfeffer und Jan Philipp Albrecht \u00fcber k\u00fcnstliche Intelligenz, Demokratie und Digitalgesetze"}]},{"@type":"WebSite","@id":"https:\/\/dietz-verlag.de\/blog\/#website","url":"https:\/\/dietz-verlag.de\/blog\/","name":"Dietz Verlag Blog","description":"Politik, Gesellschaft und Geschichte","potentialAction":[{"@type":"SearchAction","target":{"@type":"EntryPoint","urlTemplate":"https:\/\/dietz-verlag.de\/blog\/?s={search_term_string}"},"query-input":{"@type":"PropertyValueSpecification","valueRequired":true,"valueName":"search_term_string"}}],"inLanguage":"de"},{"@type":"Person","@id":"https:\/\/dietz-verlag.de\/blog\/#\/schema\/person\/7cd2cd668cf616f5c70cd54974dd6de3","name":"Oh","image":{"@type":"ImageObject","inLanguage":"de","@id":"https:\/\/secure.gravatar.com\/avatar\/2753eb960a803d4b6c0fc295b07ad7ef2d5937b5e4e3f79504212153daa57c3d?s=96&d=mm&r=g","url":"https:\/\/secure.gravatar.com\/avatar\/2753eb960a803d4b6c0fc295b07ad7ef2d5937b5e4e3f79504212153daa57c3d?s=96&d=mm&r=g","contentUrl":"https:\/\/secure.gravatar.com\/avatar\/2753eb960a803d4b6c0fc295b07ad7ef2d5937b5e4e3f79504212153daa57c3d?s=96&d=mm&r=g","caption":"Oh"},"sameAs":["http:\/\/dietz-verlag.de"],"url":"https:\/\/dietz-verlag.de\/blog\/author\/barbaraoh\/"}]}},"_links":{"self":[{"href":"https:\/\/dietz-verlag.de\/blog\/wp-json\/wp\/v2\/posts\/2286","targetHints":{"allow":["GET"]}}],"collection":[{"href":"https:\/\/dietz-verlag.de\/blog\/wp-json\/wp\/v2\/posts"}],"about":[{"href":"https:\/\/dietz-verlag.de\/blog\/wp-json\/wp\/v2\/types\/post"}],"author":[{"embeddable":true,"href":"https:\/\/dietz-verlag.de\/blog\/wp-json\/wp\/v2\/users\/2"}],"replies":[{"embeddable":true,"href":"https:\/\/dietz-verlag.de\/blog\/wp-json\/wp\/v2\/comments?post=2286"}],"version-history":[{"count":10,"href":"https:\/\/dietz-verlag.de\/blog\/wp-json\/wp\/v2\/posts\/2286\/revisions"}],"predecessor-version":[{"id":2304,"href":"https:\/\/dietz-verlag.de\/blog\/wp-json\/wp\/v2\/posts\/2286\/revisions\/2304"}],"wp:featuredmedia":[{"embeddable":true,"href":"https:\/\/dietz-verlag.de\/blog\/wp-json\/wp\/v2\/media\/2300"}],"wp:attachment":[{"href":"https:\/\/dietz-verlag.de\/blog\/wp-json\/wp\/v2\/media?parent=2286"}],"wp:term":[{"taxonomy":"category","embeddable":true,"href":"https:\/\/dietz-verlag.de\/blog\/wp-json\/wp\/v2\/categories?post=2286"},{"taxonomy":"post_tag","embeddable":true,"href":"https:\/\/dietz-verlag.de\/blog\/wp-json\/wp\/v2\/tags?post=2286"},{"taxonomy":"post_flag","embeddable":true,"href":"https:\/\/dietz-verlag.de\/blog\/wp-json\/wp\/v2\/post_flags?post=2286"}],"curies":[{"name":"wp","href":"https:\/\/api.w.org\/{rel}","templated":true}]}}