{"id":2238,"date":"2022-05-09T06:59:31","date_gmt":"2022-05-09T06:59:31","guid":{"rendered":"https:\/\/dietz-verlag.de\/blog\/?p=2238"},"modified":"2022-05-09T06:59:33","modified_gmt":"2022-05-09T06:59:33","slug":"podcast-gespraech-der-ukraine-krieg-und-die-deutsche-aussenpolitik","status":"publish","type":"post","link":"https:\/\/dietz-verlag.de\/blog\/podcast-gespraech-der-ukraine-krieg-und-die-deutsche-aussenpolitik\/","title":{"rendered":"Podcast-Gespr\u00e4ch: Der Ukraine-Krieg und die deutsche Au\u00dfenpolitik"},"content":{"rendered":"\n<p>In dieser Podcast-Folge geht es um den Ukraine-Krieg und die deutsche Au\u00dfenpolitik. Wann h\u00e4tte der Westen die Hinwendung Putins zu einer neo-imperialen Politik erkennen k\u00f6nnen? Warum ist dies nicht geschehen? Welche L\u00f6sungsans\u00e4tze sind jetzt denkbar? Welche Rolle kann die Diplomatie spielen? Wie k\u00f6nnte eine neue Sicherheitsarchitektur in Europa aussehen? <\/p>\n\n\n\n<p>Dar\u00fcber diskutieren Uwe Optenh\u00f6gel, Herausgeber des Buches \u201e<a href=\"https:\/\/dietz-verlag.de\/isbn\/9783801204976\/Strategische-Autonomie-und-die-Verteidigung-Europas-Auf-dem-Weg-zur-Europaeischen-Armee\" target=\"_blank\" rel=\"noreferrer noopener\">Strategische Autonomie und die Verteidigung Europas<\/a>\u201c, und Volker Stanzel, ehemaliger Diplomat und Politischer Direktor des Ausw\u00e4rtigen Amtes. Sein Buch \u201e<a href=\"https:\/\/dietz-verlag.de\/isbn\/9783801205546\/Die-ratlose-Aussenpolitik-und-warum-sie-den-Rueckhalt-der-Gesellschaft-braucht-Volker-Stanzel\" target=\"_blank\" rel=\"noreferrer noopener\">Die ratlose Au\u00dfenpolitik<\/a>\u201c ist bereits 2019 erschienen.<\/p>\n\n\n\n<p><\/p>\n\n\n\n<h4 class=\"wp-block-heading\">Die Autoren<\/h4>\n\n\n\n<p><strong>Volker Stanzel<\/strong> war Botschafter in Peking und Tokio und u.a. Politischer Direktor des Ausw\u00e4rtigen Amtes. Seit Ende 2015 forscht, unterrichtet und publiziert er zu Fragen der modernen Diplomatie als Senior Distinguished Fellow in der Forschungsgruppe Asien der <a href=\"https:\/\/www.swp-berlin.org\/wissenschaftler-in\/volker-stanzel\/\" target=\"_blank\" rel=\"noreferrer noopener\">Stiftung Wissenschaft und Politik<\/a>.<\/p>\n\n\n\n<p><strong>Uwe Optenh\u00f6gel<\/strong> ist Vize-Pr\u00e4sident der <a href=\"https:\/\/www.feps-europe.eu\/\" target=\"_blank\" rel=\"noreferrer noopener\">Foundation for European Progressive Studies (FEPS)<\/a> und arbeitet als freiberuflicher Politik- und Organisationsberater. Zuvor war er u.a. als Direktor des Europa-B\u00fcros der FES in Br\u00fcssel t\u00e4tig und leitete die Abteilung Internationaler Dialog in Berlin.<\/p>\n\n\n\n<h4 class=\"wp-block-heading\">Podcast &#8222;Dietz &amp; Das&#8220;<\/h4>\n\n\n\n<p>\u00bb<a href=\"https:\/\/dietz-verlag.de\/podcast-dietzunddas.htm\" target=\"_blank\" rel=\"noreferrer noopener\">Dietz &amp; Das<\/a>\u00ab \u2013 so hei\u00dft unser Podcast zu Politik, Gesellschaft und Geschichte. Autor*innen aus dem Dietz-Verlag stellen hier ihre neuen B\u00fccher vor und sprechen \u00fcber politische und gesellschaftliche Themen \u2013 informativ, unterhaltsam, inspirierend. Jeden ersten Freitag im Monat gibt es eine neue Folge: spannende, offene Diskussionen und neue Sichtweisen von unterschiedlichen Expert*innen f\u00fcr alle, die sich eine differenzierte Meinung bilden wollen. \u00bbDietz &amp; Das\u00ab ist auf unserer&nbsp;<a href=\"https:\/\/dietz-verlag.de\/podcast-dietzunddas.htm\" target=\"_blank\" rel=\"noreferrer noopener\">Website<\/a>&nbsp;und auf allen Podcast-Plattformen abrufbar.<\/p>\n","protected":false},"excerpt":{"rendered":"<p>In dieser Podcast-Folge geht es um den Ukraine-Krieg und die deutsche Au\u00dfenpolitik. Wann h\u00e4tte der Westen die Hinwendung Putins zu einer neo-imperialen Politik erkennen k\u00f6nnen? Warum ist dies nicht geschehen? Welche L\u00f6sungsans\u00e4tze sind jetzt denkbar? Welche Rolle kann die Diplomatie spielen? Wie k\u00f6nnte eine neue Sicherheitsarchitektur in Europa aussehen? Dar\u00fcber diskutieren Uwe Optenh\u00f6gel, Herausgeber des [&hellip;]<\/p>\n","protected":false},"author":2,"featured_media":2242,"comment_status":"closed","ping_status":"open","sticky":false,"template":"","format":"standard","meta":{"footnotes":""},"categories":[31],"tags":[434,435,423,426,424,428,425,420,184,427,421,430,431,433,373,432,422],"post_flags":[],"class_list":["post-2238","post","type-post","status-publish","format-standard","has-post-thumbnail","hentry","category-podcast-politik-und-gesellschaft","tag-aussenpolitik-aktuell","tag-aussenpolitik-deutschland","tag-deutsche-aussenpolitik","tag-diplomatie","tag-europaeische-aussenpolitik","tag-europaeischer-konvent","tag-habermas","tag-krieg-in-der-ukraine","tag-putin","tag-putin-neo-imperialismus","tag-russlands-angriff","tag-sicherheitsarchitektur-europas","tag-sicherheitsarchitektur-welt","tag-ukraine-konflikt","tag-ukraine-krieg","tag-ukraine-krieg-aktuell","tag-zeitenwende"],"acf":[],"yoast_head":"<!-- This site is optimized with the Yoast SEO plugin v27.5 - https:\/\/yoast.com\/product\/yoast-seo-wordpress\/ -->\n<title>Podcast-Gespr\u00e4ch: Der Ukraine-Krieg und die deutsche Au\u00dfenpolitik - Dietz Verlag Blog<\/title>\n<meta name=\"description\" content=\"Der Ukraine-Krieg und die deutsche Au\u00dfenpolitik: Podcast-Gespr\u00e4ch mit Uwe Optenh\u00f6gel und Volker Stanzel\" \/>\n<meta name=\"robots\" content=\"index, follow, max-snippet:-1, max-image-preview:large, max-video-preview:-1\" \/>\n<link rel=\"canonical\" href=\"https:\/\/dietz-verlag.de\/blog\/podcast-gespraech-der-ukraine-krieg-und-die-deutsche-aussenpolitik\/\" \/>\n<meta property=\"og:locale\" content=\"de_DE\" \/>\n<meta property=\"og:type\" content=\"article\" \/>\n<meta property=\"og:title\" content=\"Podcast-Gespr\u00e4ch: Der Ukraine-Krieg und die deutsche Au\u00dfenpolitik - Dietz Verlag Blog\" \/>\n<meta property=\"og:description\" content=\"Der Ukraine-Krieg und die deutsche Au\u00dfenpolitik: Podcast-Gespr\u00e4ch mit Uwe Optenh\u00f6gel und Volker Stanzel\" \/>\n<meta property=\"og:url\" content=\"https:\/\/dietz-verlag.de\/blog\/podcast-gespraech-der-ukraine-krieg-und-die-deutsche-aussenpolitik\/\" \/>\n<meta property=\"og:site_name\" content=\"Dietz Verlag Blog\" \/>\n<meta property=\"article:published_time\" content=\"2022-05-09T06:59:31+00:00\" \/>\n<meta property=\"article:modified_time\" content=\"2022-05-09T06:59:33+00:00\" \/>\n<meta property=\"og:image\" content=\"https:\/\/dietz-verlag.de\/blog\/wp-content\/uploads\/2022\/05\/Podcast-Stanzel.webp\" \/>\n\t<meta property=\"og:image:width\" content=\"1867\" \/>\n\t<meta property=\"og:image:height\" content=\"933\" \/>\n\t<meta property=\"og:image:type\" content=\"image\/webp\" \/>\n<meta name=\"author\" content=\"Oh\" \/>\n<meta name=\"twitter:card\" content=\"summary_large_image\" \/>\n<meta name=\"twitter:label1\" content=\"Verfasst von\" \/>\n\t<meta name=\"twitter:data1\" content=\"Oh\" \/>\n\t<meta name=\"twitter:label2\" content=\"Gesch\u00e4tzte Lesezeit\" \/>\n\t<meta name=\"twitter:data2\" content=\"2\u00a0Minuten\" \/>\n<script type=\"application\/ld+json\" class=\"yoast-schema-graph\">{\"@context\":\"https:\\\/\\\/schema.org\",\"@graph\":[{\"@type\":\"Article\",\"@id\":\"https:\\\/\\\/dietz-verlag.de\\\/blog\\\/podcast-gespraech-der-ukraine-krieg-und-die-deutsche-aussenpolitik\\\/#article\",\"isPartOf\":{\"@id\":\"https:\\\/\\\/dietz-verlag.de\\\/blog\\\/podcast-gespraech-der-ukraine-krieg-und-die-deutsche-aussenpolitik\\\/\"},\"author\":{\"name\":\"Oh\",\"@id\":\"https:\\\/\\\/dietz-verlag.de\\\/blog\\\/#\\\/schema\\\/person\\\/7cd2cd668cf616f5c70cd54974dd6de3\"},\"headline\":\"Podcast-Gespr\u00e4ch: Der Ukraine-Krieg und die deutsche Au\u00dfenpolitik\",\"datePublished\":\"2022-05-09T06:59:31+00:00\",\"dateModified\":\"2022-05-09T06:59:33+00:00\",\"mainEntityOfPage\":{\"@id\":\"https:\\\/\\\/dietz-verlag.de\\\/blog\\\/podcast-gespraech-der-ukraine-krieg-und-die-deutsche-aussenpolitik\\\/\"},\"wordCount\":272,\"image\":{\"@id\":\"https:\\\/\\\/dietz-verlag.de\\\/blog\\\/podcast-gespraech-der-ukraine-krieg-und-die-deutsche-aussenpolitik\\\/#primaryimage\"},\"thumbnailUrl\":\"https:\\\/\\\/dietz-verlag.de\\\/blog\\\/wp-content\\\/uploads\\\/2022\\\/05\\\/Podcast-Stanzel.webp\",\"keywords\":[\"au\u00dfenpolitik aktuell\",\"Au\u00dfenpolitik Deutschland\",\"Deutsche Au\u00dfenpolitik\",\"Diplomatie\",\"Europ\u00e4ische Au\u00dfenpolitik\",\"Europ\u00e4ischer Konvent\",\"Habermas\",\"Krieg in der Ukraine\",\"Putin\",\"Putin Neo-Imperialismus\",\"Russlands Angriff\",\"Sicherheitsarchitektur Europas\",\"Sicherheitsarchitektur Welt\",\"Ukraine Konflikt\",\"Ukraine-Krieg\",\"Ukraine-Krieg aktuell\",\"Zeitenwende\"],\"articleSection\":[\"Podcast \u00bbDietz &amp; Das\u00ab\"],\"inLanguage\":\"de\"},{\"@type\":\"WebPage\",\"@id\":\"https:\\\/\\\/dietz-verlag.de\\\/blog\\\/podcast-gespraech-der-ukraine-krieg-und-die-deutsche-aussenpolitik\\\/\",\"url\":\"https:\\\/\\\/dietz-verlag.de\\\/blog\\\/podcast-gespraech-der-ukraine-krieg-und-die-deutsche-aussenpolitik\\\/\",\"name\":\"Podcast-Gespr\u00e4ch: Der Ukraine-Krieg und die deutsche Au\u00dfenpolitik - Dietz Verlag Blog\",\"isPartOf\":{\"@id\":\"https:\\\/\\\/dietz-verlag.de\\\/blog\\\/#website\"},\"primaryImageOfPage\":{\"@id\":\"https:\\\/\\\/dietz-verlag.de\\\/blog\\\/podcast-gespraech-der-ukraine-krieg-und-die-deutsche-aussenpolitik\\\/#primaryimage\"},\"image\":{\"@id\":\"https:\\\/\\\/dietz-verlag.de\\\/blog\\\/podcast-gespraech-der-ukraine-krieg-und-die-deutsche-aussenpolitik\\\/#primaryimage\"},\"thumbnailUrl\":\"https:\\\/\\\/dietz-verlag.de\\\/blog\\\/wp-content\\\/uploads\\\/2022\\\/05\\\/Podcast-Stanzel.webp\",\"datePublished\":\"2022-05-09T06:59:31+00:00\",\"dateModified\":\"2022-05-09T06:59:33+00:00\",\"author\":{\"@id\":\"https:\\\/\\\/dietz-verlag.de\\\/blog\\\/#\\\/schema\\\/person\\\/7cd2cd668cf616f5c70cd54974dd6de3\"},\"description\":\"Der Ukraine-Krieg und die deutsche Au\u00dfenpolitik: Podcast-Gespr\u00e4ch mit Uwe Optenh\u00f6gel und Volker Stanzel\",\"breadcrumb\":{\"@id\":\"https:\\\/\\\/dietz-verlag.de\\\/blog\\\/podcast-gespraech-der-ukraine-krieg-und-die-deutsche-aussenpolitik\\\/#breadcrumb\"},\"inLanguage\":\"de\",\"potentialAction\":[{\"@type\":\"ReadAction\",\"target\":[\"https:\\\/\\\/dietz-verlag.de\\\/blog\\\/podcast-gespraech-der-ukraine-krieg-und-die-deutsche-aussenpolitik\\\/\"]}]},{\"@type\":\"ImageObject\",\"inLanguage\":\"de\",\"@id\":\"https:\\\/\\\/dietz-verlag.de\\\/blog\\\/podcast-gespraech-der-ukraine-krieg-und-die-deutsche-aussenpolitik\\\/#primaryimage\",\"url\":\"https:\\\/\\\/dietz-verlag.de\\\/blog\\\/wp-content\\\/uploads\\\/2022\\\/05\\\/Podcast-Stanzel.webp\",\"contentUrl\":\"https:\\\/\\\/dietz-verlag.de\\\/blog\\\/wp-content\\\/uploads\\\/2022\\\/05\\\/Podcast-Stanzel.webp\",\"width\":1867,\"height\":933,\"caption\":\"Podcast zum Buch \\\"Die ratlose Au\u00dfenpolitik\\\" von Volker Stanzel\"},{\"@type\":\"BreadcrumbList\",\"@id\":\"https:\\\/\\\/dietz-verlag.de\\\/blog\\\/podcast-gespraech-der-ukraine-krieg-und-die-deutsche-aussenpolitik\\\/#breadcrumb\",\"itemListElement\":[{\"@type\":\"ListItem\",\"position\":1,\"name\":\"Startseite\",\"item\":\"https:\\\/\\\/dietz-verlag.de\\\/blog\\\/\"},{\"@type\":\"ListItem\",\"position\":2,\"name\":\"Podcast-Gespr\u00e4ch: Der Ukraine-Krieg und die deutsche Au\u00dfenpolitik\"}]},{\"@type\":\"WebSite\",\"@id\":\"https:\\\/\\\/dietz-verlag.de\\\/blog\\\/#website\",\"url\":\"https:\\\/\\\/dietz-verlag.de\\\/blog\\\/\",\"name\":\"Dietz Verlag Blog\",\"description\":\"Politik, Gesellschaft und Geschichte\",\"potentialAction\":[{\"@type\":\"SearchAction\",\"target\":{\"@type\":\"EntryPoint\",\"urlTemplate\":\"https:\\\/\\\/dietz-verlag.de\\\/blog\\\/?s={search_term_string}\"},\"query-input\":{\"@type\":\"PropertyValueSpecification\",\"valueRequired\":true,\"valueName\":\"search_term_string\"}}],\"inLanguage\":\"de\"},{\"@type\":\"Person\",\"@id\":\"https:\\\/\\\/dietz-verlag.de\\\/blog\\\/#\\\/schema\\\/person\\\/7cd2cd668cf616f5c70cd54974dd6de3\",\"name\":\"Oh\",\"image\":{\"@type\":\"ImageObject\",\"inLanguage\":\"de\",\"@id\":\"https:\\\/\\\/secure.gravatar.com\\\/avatar\\\/2753eb960a803d4b6c0fc295b07ad7ef2d5937b5e4e3f79504212153daa57c3d?s=96&d=mm&r=g\",\"url\":\"https:\\\/\\\/secure.gravatar.com\\\/avatar\\\/2753eb960a803d4b6c0fc295b07ad7ef2d5937b5e4e3f79504212153daa57c3d?s=96&d=mm&r=g\",\"contentUrl\":\"https:\\\/\\\/secure.gravatar.com\\\/avatar\\\/2753eb960a803d4b6c0fc295b07ad7ef2d5937b5e4e3f79504212153daa57c3d?s=96&d=mm&r=g\",\"caption\":\"Oh\"},\"sameAs\":[\"http:\\\/\\\/dietz-verlag.de\"],\"url\":\"https:\\\/\\\/dietz-verlag.de\\\/blog\\\/author\\\/barbaraoh\\\/\"}]}<\/script>\n<!-- \/ Yoast SEO plugin. -->","yoast_head_json":{"title":"Podcast-Gespr\u00e4ch: Der Ukraine-Krieg und die deutsche Au\u00dfenpolitik - Dietz Verlag Blog","description":"Der Ukraine-Krieg und die deutsche Au\u00dfenpolitik: Podcast-Gespr\u00e4ch mit Uwe Optenh\u00f6gel und Volker Stanzel","robots":{"index":"index","follow":"follow","max-snippet":"max-snippet:-1","max-image-preview":"max-image-preview:large","max-video-preview":"max-video-preview:-1"},"canonical":"https:\/\/dietz-verlag.de\/blog\/podcast-gespraech-der-ukraine-krieg-und-die-deutsche-aussenpolitik\/","og_locale":"de_DE","og_type":"article","og_title":"Podcast-Gespr\u00e4ch: Der Ukraine-Krieg und die deutsche Au\u00dfenpolitik - Dietz Verlag Blog","og_description":"Der Ukraine-Krieg und die deutsche Au\u00dfenpolitik: Podcast-Gespr\u00e4ch mit Uwe Optenh\u00f6gel und Volker Stanzel","og_url":"https:\/\/dietz-verlag.de\/blog\/podcast-gespraech-der-ukraine-krieg-und-die-deutsche-aussenpolitik\/","og_site_name":"Dietz Verlag Blog","article_published_time":"2022-05-09T06:59:31+00:00","article_modified_time":"2022-05-09T06:59:33+00:00","og_image":[{"width":1867,"height":933,"url":"https:\/\/dietz-verlag.de\/blog\/wp-content\/uploads\/2022\/05\/Podcast-Stanzel.webp","type":"image\/webp"}],"author":"Oh","twitter_card":"summary_large_image","twitter_misc":{"Verfasst von":"Oh","Gesch\u00e4tzte Lesezeit":"2\u00a0Minuten"},"schema":{"@context":"https:\/\/schema.org","@graph":[{"@type":"Article","@id":"https:\/\/dietz-verlag.de\/blog\/podcast-gespraech-der-ukraine-krieg-und-die-deutsche-aussenpolitik\/#article","isPartOf":{"@id":"https:\/\/dietz-verlag.de\/blog\/podcast-gespraech-der-ukraine-krieg-und-die-deutsche-aussenpolitik\/"},"author":{"name":"Oh","@id":"https:\/\/dietz-verlag.de\/blog\/#\/schema\/person\/7cd2cd668cf616f5c70cd54974dd6de3"},"headline":"Podcast-Gespr\u00e4ch: Der Ukraine-Krieg und die deutsche Au\u00dfenpolitik","datePublished":"2022-05-09T06:59:31+00:00","dateModified":"2022-05-09T06:59:33+00:00","mainEntityOfPage":{"@id":"https:\/\/dietz-verlag.de\/blog\/podcast-gespraech-der-ukraine-krieg-und-die-deutsche-aussenpolitik\/"},"wordCount":272,"image":{"@id":"https:\/\/dietz-verlag.de\/blog\/podcast-gespraech-der-ukraine-krieg-und-die-deutsche-aussenpolitik\/#primaryimage"},"thumbnailUrl":"https:\/\/dietz-verlag.de\/blog\/wp-content\/uploads\/2022\/05\/Podcast-Stanzel.webp","keywords":["au\u00dfenpolitik aktuell","Au\u00dfenpolitik Deutschland","Deutsche Au\u00dfenpolitik","Diplomatie","Europ\u00e4ische Au\u00dfenpolitik","Europ\u00e4ischer Konvent","Habermas","Krieg in der Ukraine","Putin","Putin Neo-Imperialismus","Russlands Angriff","Sicherheitsarchitektur Europas","Sicherheitsarchitektur Welt","Ukraine Konflikt","Ukraine-Krieg","Ukraine-Krieg aktuell","Zeitenwende"],"articleSection":["Podcast \u00bbDietz &amp; Das\u00ab"],"inLanguage":"de"},{"@type":"WebPage","@id":"https:\/\/dietz-verlag.de\/blog\/podcast-gespraech-der-ukraine-krieg-und-die-deutsche-aussenpolitik\/","url":"https:\/\/dietz-verlag.de\/blog\/podcast-gespraech-der-ukraine-krieg-und-die-deutsche-aussenpolitik\/","name":"Podcast-Gespr\u00e4ch: Der Ukraine-Krieg und die deutsche Au\u00dfenpolitik - Dietz Verlag Blog","isPartOf":{"@id":"https:\/\/dietz-verlag.de\/blog\/#website"},"primaryImageOfPage":{"@id":"https:\/\/dietz-verlag.de\/blog\/podcast-gespraech-der-ukraine-krieg-und-die-deutsche-aussenpolitik\/#primaryimage"},"image":{"@id":"https:\/\/dietz-verlag.de\/blog\/podcast-gespraech-der-ukraine-krieg-und-die-deutsche-aussenpolitik\/#primaryimage"},"thumbnailUrl":"https:\/\/dietz-verlag.de\/blog\/wp-content\/uploads\/2022\/05\/Podcast-Stanzel.webp","datePublished":"2022-05-09T06:59:31+00:00","dateModified":"2022-05-09T06:59:33+00:00","author":{"@id":"https:\/\/dietz-verlag.de\/blog\/#\/schema\/person\/7cd2cd668cf616f5c70cd54974dd6de3"},"description":"Der Ukraine-Krieg und die deutsche Au\u00dfenpolitik: Podcast-Gespr\u00e4ch mit Uwe Optenh\u00f6gel und Volker Stanzel","breadcrumb":{"@id":"https:\/\/dietz-verlag.de\/blog\/podcast-gespraech-der-ukraine-krieg-und-die-deutsche-aussenpolitik\/#breadcrumb"},"inLanguage":"de","potentialAction":[{"@type":"ReadAction","target":["https:\/\/dietz-verlag.de\/blog\/podcast-gespraech-der-ukraine-krieg-und-die-deutsche-aussenpolitik\/"]}]},{"@type":"ImageObject","inLanguage":"de","@id":"https:\/\/dietz-verlag.de\/blog\/podcast-gespraech-der-ukraine-krieg-und-die-deutsche-aussenpolitik\/#primaryimage","url":"https:\/\/dietz-verlag.de\/blog\/wp-content\/uploads\/2022\/05\/Podcast-Stanzel.webp","contentUrl":"https:\/\/dietz-verlag.de\/blog\/wp-content\/uploads\/2022\/05\/Podcast-Stanzel.webp","width":1867,"height":933,"caption":"Podcast zum Buch \"Die ratlose Au\u00dfenpolitik\" von Volker Stanzel"},{"@type":"BreadcrumbList","@id":"https:\/\/dietz-verlag.de\/blog\/podcast-gespraech-der-ukraine-krieg-und-die-deutsche-aussenpolitik\/#breadcrumb","itemListElement":[{"@type":"ListItem","position":1,"name":"Startseite","item":"https:\/\/dietz-verlag.de\/blog\/"},{"@type":"ListItem","position":2,"name":"Podcast-Gespr\u00e4ch: Der Ukraine-Krieg und die deutsche Au\u00dfenpolitik"}]},{"@type":"WebSite","@id":"https:\/\/dietz-verlag.de\/blog\/#website","url":"https:\/\/dietz-verlag.de\/blog\/","name":"Dietz Verlag Blog","description":"Politik, Gesellschaft und Geschichte","potentialAction":[{"@type":"SearchAction","target":{"@type":"EntryPoint","urlTemplate":"https:\/\/dietz-verlag.de\/blog\/?s={search_term_string}"},"query-input":{"@type":"PropertyValueSpecification","valueRequired":true,"valueName":"search_term_string"}}],"inLanguage":"de"},{"@type":"Person","@id":"https:\/\/dietz-verlag.de\/blog\/#\/schema\/person\/7cd2cd668cf616f5c70cd54974dd6de3","name":"Oh","image":{"@type":"ImageObject","inLanguage":"de","@id":"https:\/\/secure.gravatar.com\/avatar\/2753eb960a803d4b6c0fc295b07ad7ef2d5937b5e4e3f79504212153daa57c3d?s=96&d=mm&r=g","url":"https:\/\/secure.gravatar.com\/avatar\/2753eb960a803d4b6c0fc295b07ad7ef2d5937b5e4e3f79504212153daa57c3d?s=96&d=mm&r=g","contentUrl":"https:\/\/secure.gravatar.com\/avatar\/2753eb960a803d4b6c0fc295b07ad7ef2d5937b5e4e3f79504212153daa57c3d?s=96&d=mm&r=g","caption":"Oh"},"sameAs":["http:\/\/dietz-verlag.de"],"url":"https:\/\/dietz-verlag.de\/blog\/author\/barbaraoh\/"}]}},"_links":{"self":[{"href":"https:\/\/dietz-verlag.de\/blog\/wp-json\/wp\/v2\/posts\/2238","targetHints":{"allow":["GET"]}}],"collection":[{"href":"https:\/\/dietz-verlag.de\/blog\/wp-json\/wp\/v2\/posts"}],"about":[{"href":"https:\/\/dietz-verlag.de\/blog\/wp-json\/wp\/v2\/types\/post"}],"author":[{"embeddable":true,"href":"https:\/\/dietz-verlag.de\/blog\/wp-json\/wp\/v2\/users\/2"}],"replies":[{"embeddable":true,"href":"https:\/\/dietz-verlag.de\/blog\/wp-json\/wp\/v2\/comments?post=2238"}],"version-history":[{"count":6,"href":"https:\/\/dietz-verlag.de\/blog\/wp-json\/wp\/v2\/posts\/2238\/revisions"}],"predecessor-version":[{"id":2245,"href":"https:\/\/dietz-verlag.de\/blog\/wp-json\/wp\/v2\/posts\/2238\/revisions\/2245"}],"wp:featuredmedia":[{"embeddable":true,"href":"https:\/\/dietz-verlag.de\/blog\/wp-json\/wp\/v2\/media\/2242"}],"wp:attachment":[{"href":"https:\/\/dietz-verlag.de\/blog\/wp-json\/wp\/v2\/media?parent=2238"}],"wp:term":[{"taxonomy":"category","embeddable":true,"href":"https:\/\/dietz-verlag.de\/blog\/wp-json\/wp\/v2\/categories?post=2238"},{"taxonomy":"post_tag","embeddable":true,"href":"https:\/\/dietz-verlag.de\/blog\/wp-json\/wp\/v2\/tags?post=2238"},{"taxonomy":"post_flag","embeddable":true,"href":"https:\/\/dietz-verlag.de\/blog\/wp-json\/wp\/v2\/post_flags?post=2238"}],"curies":[{"name":"wp","href":"https:\/\/api.w.org\/{rel}","templated":true}]}}