{"id":2227,"date":"2022-04-27T10:03:08","date_gmt":"2022-04-27T10:03:08","guid":{"rendered":"https:\/\/dietz-verlag.de\/blog\/?p=2227"},"modified":"2022-04-28T13:29:50","modified_gmt":"2022-04-28T13:29:50","slug":"heinrich-august-winkler-mythen-ueber-europa","status":"publish","type":"post","link":"https:\/\/dietz-verlag.de\/blog\/heinrich-august-winkler-mythen-ueber-europa\/","title":{"rendered":"\u00bb7 Mythen \u00fcber Europa\u00ab: Heinrich August Winkler rezensiert Ren\u00e9 Cuperus&#8216; Buch in der ZEIT"},"content":{"rendered":"\n<p>Europa ist mit Mythen beladen &#8211; mit sieben von ihnen r\u00e4umt der niederl\u00e4ndische Politologe Ren\u00e9 Cuperus in seinem Buch \u00bb<a href=\"https:\/\/dietz-verlag.de\/isbn\/9783801205744\" target=\"_blank\" rel=\"noreferrer noopener\">7 Mythen \u00fcber Europa<\/a>\u00ab auf. \u00bbDie deutsche Politik t\u00e4te gut daran, sich mit den Thesen von Cuperus intensiv auseinanderzusetzen\u00ab, schreibt der Historiker Heinrich August Winkler in <a href=\"https:\/\/www.zeit.de\/2022\/17\/rene-cuperus-7-mythen-europa\" target=\"_blank\" rel=\"noreferrer noopener\">seiner Rezension in \u00bbDie ZEIT\u00ab<\/a>.<\/p>\n\n\n\n<h4 class=\"wp-block-heading\">Mythos Europa: St\u00e4rken und Schw\u00e4chen<\/h4>\n\n\n\n<p>Will die Mehrheit der Europ\u00e4er wirklich eine \u00bbimmer engere Union\u00ab? Sind die Nationalstaaten bedeutungslos geworden? Scheitert Europa am Euro? Sind wirklich alle Mitgliedstaaten gleich? Wird die Europ\u00e4ische Kleinstaaterei \u00fcberleben? Cuperus&#8216; Buch liefert eine realistische Einsch\u00e4tzung der St\u00e4rken und Schw\u00e4chen der EU und fordert: Die europ\u00e4ische Zusammenarbeit muss neu gestaltet werden! Es kommt auf die richtige Balance zwischen der EU und ihren nationalen Demokratien an &#8211; die Ukraine-Krise zeigt dies einmal mehr. <\/p>\n\n\n\n<h4 class=\"wp-block-heading\">Ein Buch zur Zeit: Leseempfehlung <\/h4>\n\n\n\n<p>Heinrich August Winkler empfiehlt Cuperus&#8216; \u00bb7 Mythen \u00fcber Europa\u00ab zum besseren Verst\u00e4ndnis der Lage Europas seit dem Angriff Russlands auf die Ukraine:<\/p>\n\n\n\n<blockquote class=\"wp-block-quote is-layout-flow wp-block-quote-is-layout-flow\"><p>Angesichts des russischen Krieges gegen die Ukraine wirkt die Europ\u00e4ische Union auf den ersten Blick heute einiger als zuvor. Ihre inneren Widerspr\u00fcche und Probleme bestehen aber nach wie vor, und nichts deutet darauf hin, dass sie durch den Krieg verschwinden werden. Die deutsche Politik ist deshalb gut beraten, wenn sie mit ihren Selbstt\u00e4uschungen auf dem Feld der Europapolitik ebenso kritisch ins Gericht geht wie mit ihren Illusionen in Sachen Russland und \u00e4u\u00dfere Sicherheit ganz allgemein. Die Lekt\u00fcre von Cuperus k\u00f6nnte hierbei hilfreich sein. Sein Buch hat durch den Ukraine-Krieg jedenfalls nichts von seiner Aktualit\u00e4t verloren.&nbsp;<\/p><cite>Heinrich August Winkler in <a href=\"https:\/\/www.zeit.de\/2022\/17\/rene-cuperus-7-mythen-europa\" target=\"_blank\" rel=\"noreferrer noopener\">\u00bbDie ZEIT\u00ab vom 24.04.2022<\/a><\/cite><\/blockquote>\n\n\n\n<h4 class=\"wp-block-heading\">Mit den Mythen aufr\u00e4umen<\/h4>\n\n\n\n<p>Cuperus kommt in seinem Buch zu einem klaren Fazit: <span style=\"font-size: revert; color: initial;\">\u00bb<\/span>Wir m\u00fcssen [&#8230;] mit Mythen vorsichtig sein. Mit Mythen \u00fcber hundertprozentige Souver\u00e4nit\u00e4t. Mit Mythen \u00fcber einen eu\u00adrop\u00e4ischen Superstaat. Mit Mythen \u00fcber das Verschwinden des Na\u00adtionalstaats. Mit Mythen \u00fcber europ\u00e4ische Einheit und mit Mythen \u00fcber nationale Einheit.\u00ab Und, so f\u00fcgt Heinrich August Winkler an, auch mit den \u00bbIllusionen in Sachen Russland\u00ab m\u00fcssen wir brechen. \u00bb7 Mythen \u00fcber Europa\u00ab ist ein Buch, das dabei helfen kann, sich in Europa neu zu positionieren.<\/p>\n\n\n\n<h4 class=\"wp-block-heading\">Der Autor<\/h4>\n\n\n\n<p><a href=\"https:\/\/dietz-verlag.de\/autor\/2286\/rene-cuperus\" target=\"_blank\" rel=\"noreferrer noopener\">Ren\u00e9 Cuperus<\/a>, geb. 1960, Dr. Senior Associate Fellow im niederl\u00e4ndischen Think Tank \u00bb<a href=\"https:\/\/www.clingendael.org\/\" target=\"_blank\" rel=\"noreferrer noopener\">Clingendael<\/a>\u00ab, Research Fellow am \u00bb<a href=\"https:\/\/duitslandinstituut.nl\/de\/das-institut\" target=\"_blank\" rel=\"noreferrer noopener\">Duitsland Instituut<\/a>\u00ab der Universit\u00e4t Amsterdam. Politischer Kolumnist f\u00fcr den Nachrichtensender RTLZ.<\/p>\n","protected":false},"excerpt":{"rendered":"<p>Europa ist mit Mythen beladen &#8211; mit sieben von ihnen r\u00e4umt der niederl\u00e4ndische Politologe Ren\u00e9 Cuperus in seinem Buch \u00bb7 Mythen \u00fcber Europa\u00ab auf. \u00bbDie deutsche Politik t\u00e4te gut daran, sich mit den Thesen von Cuperus intensiv auseinanderzusetzen\u00ab, schreibt der Historiker Heinrich August Winkler in seiner Rezension in \u00bbDie ZEIT\u00ab. Mythos Europa: St\u00e4rken und Schw\u00e4chen [&hellip;]<\/p>\n","protected":false},"author":2,"featured_media":2221,"comment_status":"closed","ping_status":"open","sticky":false,"template":"","format":"standard","meta":{"footnotes":""},"categories":[5],"tags":[410,414,198,416,129,419,411,418,417,409,373,413,412,191],"post_flags":[],"class_list":["post-2227","post","type-post","status-publish","format-standard","has-post-thumbnail","hentry","category-dietz-news-neues-aus-dem-verlag","tag-7-mythen-ueber-europa","tag-die-zeit","tag-eu","tag-europa-in-der-krise","tag-europaeische-union","tag-gegner-der-eu","tag-heinrich-august-winkler","tag-nationalismus-in-der-eu","tag-nationalstaaten-in-der-eu","tag-rene-cuperus","tag-ukraine-krieg","tag-ukraine-krise","tag-ukriane","tag-zukunft-europas"],"acf":[],"yoast_head":"<!-- This site is optimized with the Yoast SEO plugin v27.5 - https:\/\/yoast.com\/product\/yoast-seo-wordpress\/ -->\n<title>\u00bb7 Mythen \u00fcber Europa\u00ab: Heinrich August Winkler rezensiert Ren\u00e9 Cuperus&#039; Buch in der ZEIT - Dietz Verlag Blog<\/title>\n<meta name=\"description\" content=\"Heinrich August Winkler rezensiert Ren\u00e9 Cuperus&#039; Buch \u00bb7 Mythen \u00fcber Europa\u00ab in Die Zeit und empfiehlt es als Buch zur Gegenwart.\" \/>\n<meta name=\"robots\" content=\"index, follow, max-snippet:-1, max-image-preview:large, max-video-preview:-1\" \/>\n<link rel=\"canonical\" href=\"https:\/\/dietz-verlag.de\/blog\/heinrich-august-winkler-mythen-ueber-europa\/\" \/>\n<meta property=\"og:locale\" content=\"de_DE\" \/>\n<meta property=\"og:type\" content=\"article\" \/>\n<meta property=\"og:title\" content=\"\u00bb7 Mythen \u00fcber Europa\u00ab: Heinrich August Winkler rezensiert Ren\u00e9 Cuperus&#039; Buch in der ZEIT - Dietz Verlag Blog\" \/>\n<meta property=\"og:description\" content=\"Heinrich August Winkler rezensiert Ren\u00e9 Cuperus&#039; Buch \u00bb7 Mythen \u00fcber Europa\u00ab in Die Zeit und empfiehlt es als Buch zur Gegenwart.\" \/>\n<meta property=\"og:url\" content=\"https:\/\/dietz-verlag.de\/blog\/heinrich-august-winkler-mythen-ueber-europa\/\" \/>\n<meta property=\"og:site_name\" content=\"Dietz Verlag Blog\" \/>\n<meta property=\"article:published_time\" content=\"2022-04-27T10:03:08+00:00\" \/>\n<meta property=\"article:modified_time\" content=\"2022-04-28T13:29:50+00:00\" \/>\n<meta property=\"og:image\" content=\"https:\/\/dietz-verlag.de\/blog\/wp-content\/uploads\/2022\/04\/Blog_Cuperus.jpg\" \/>\n\t<meta property=\"og:image:width\" content=\"1867\" \/>\n\t<meta property=\"og:image:height\" content=\"933\" \/>\n\t<meta property=\"og:image:type\" content=\"image\/jpeg\" \/>\n<meta name=\"author\" content=\"Oh\" \/>\n<meta name=\"twitter:card\" content=\"summary_large_image\" \/>\n<meta name=\"twitter:label1\" content=\"Verfasst von\" \/>\n\t<meta name=\"twitter:data1\" content=\"Oh\" \/>\n\t<meta name=\"twitter:label2\" content=\"Gesch\u00e4tzte Lesezeit\" \/>\n\t<meta name=\"twitter:data2\" content=\"2\u00a0Minuten\" \/>\n<script type=\"application\/ld+json\" class=\"yoast-schema-graph\">{\"@context\":\"https:\\\/\\\/schema.org\",\"@graph\":[{\"@type\":\"Article\",\"@id\":\"https:\\\/\\\/dietz-verlag.de\\\/blog\\\/heinrich-august-winkler-mythen-ueber-europa\\\/#article\",\"isPartOf\":{\"@id\":\"https:\\\/\\\/dietz-verlag.de\\\/blog\\\/heinrich-august-winkler-mythen-ueber-europa\\\/\"},\"author\":{\"name\":\"Oh\",\"@id\":\"https:\\\/\\\/dietz-verlag.de\\\/blog\\\/#\\\/schema\\\/person\\\/7cd2cd668cf616f5c70cd54974dd6de3\"},\"headline\":\"\u00bb7 Mythen \u00fcber Europa\u00ab: Heinrich August Winkler rezensiert Ren\u00e9 Cuperus&#8216; Buch in der ZEIT\",\"datePublished\":\"2022-04-27T10:03:08+00:00\",\"dateModified\":\"2022-04-28T13:29:50+00:00\",\"mainEntityOfPage\":{\"@id\":\"https:\\\/\\\/dietz-verlag.de\\\/blog\\\/heinrich-august-winkler-mythen-ueber-europa\\\/\"},\"wordCount\":408,\"image\":{\"@id\":\"https:\\\/\\\/dietz-verlag.de\\\/blog\\\/heinrich-august-winkler-mythen-ueber-europa\\\/#primaryimage\"},\"thumbnailUrl\":\"https:\\\/\\\/dietz-verlag.de\\\/blog\\\/wp-content\\\/uploads\\\/2022\\\/04\\\/Blog_Cuperus.jpg\",\"keywords\":[\"7 Mythen \u00fcber Europa\",\"Die Zeit\",\"EU\",\"Europa in der Krise\",\"Europ\u00e4ische Union\",\"Gegner der EU\",\"Heinrich August Winkler\",\"Nationalismus in der EU\",\"Nationalstaaten in der EU\",\"Ren\u00e9 Cuperus\",\"Ukraine-Krieg\",\"Ukraine-Krise\",\"Ukriane\",\"Zukunft Europas\"],\"articleSection\":[\"Dietz-News\"],\"inLanguage\":\"de\"},{\"@type\":\"WebPage\",\"@id\":\"https:\\\/\\\/dietz-verlag.de\\\/blog\\\/heinrich-august-winkler-mythen-ueber-europa\\\/\",\"url\":\"https:\\\/\\\/dietz-verlag.de\\\/blog\\\/heinrich-august-winkler-mythen-ueber-europa\\\/\",\"name\":\"\u00bb7 Mythen \u00fcber Europa\u00ab: Heinrich August Winkler rezensiert Ren\u00e9 Cuperus' Buch in der ZEIT - Dietz Verlag Blog\",\"isPartOf\":{\"@id\":\"https:\\\/\\\/dietz-verlag.de\\\/blog\\\/#website\"},\"primaryImageOfPage\":{\"@id\":\"https:\\\/\\\/dietz-verlag.de\\\/blog\\\/heinrich-august-winkler-mythen-ueber-europa\\\/#primaryimage\"},\"image\":{\"@id\":\"https:\\\/\\\/dietz-verlag.de\\\/blog\\\/heinrich-august-winkler-mythen-ueber-europa\\\/#primaryimage\"},\"thumbnailUrl\":\"https:\\\/\\\/dietz-verlag.de\\\/blog\\\/wp-content\\\/uploads\\\/2022\\\/04\\\/Blog_Cuperus.jpg\",\"datePublished\":\"2022-04-27T10:03:08+00:00\",\"dateModified\":\"2022-04-28T13:29:50+00:00\",\"author\":{\"@id\":\"https:\\\/\\\/dietz-verlag.de\\\/blog\\\/#\\\/schema\\\/person\\\/7cd2cd668cf616f5c70cd54974dd6de3\"},\"description\":\"Heinrich August Winkler rezensiert Ren\u00e9 Cuperus' Buch \u00bb7 Mythen \u00fcber Europa\u00ab in Die Zeit und empfiehlt es als Buch zur Gegenwart.\",\"breadcrumb\":{\"@id\":\"https:\\\/\\\/dietz-verlag.de\\\/blog\\\/heinrich-august-winkler-mythen-ueber-europa\\\/#breadcrumb\"},\"inLanguage\":\"de\",\"potentialAction\":[{\"@type\":\"ReadAction\",\"target\":[\"https:\\\/\\\/dietz-verlag.de\\\/blog\\\/heinrich-august-winkler-mythen-ueber-europa\\\/\"]}]},{\"@type\":\"ImageObject\",\"inLanguage\":\"de\",\"@id\":\"https:\\\/\\\/dietz-verlag.de\\\/blog\\\/heinrich-august-winkler-mythen-ueber-europa\\\/#primaryimage\",\"url\":\"https:\\\/\\\/dietz-verlag.de\\\/blog\\\/wp-content\\\/uploads\\\/2022\\\/04\\\/Blog_Cuperus.jpg\",\"contentUrl\":\"https:\\\/\\\/dietz-verlag.de\\\/blog\\\/wp-content\\\/uploads\\\/2022\\\/04\\\/Blog_Cuperus.jpg\",\"width\":1867,\"height\":933},{\"@type\":\"BreadcrumbList\",\"@id\":\"https:\\\/\\\/dietz-verlag.de\\\/blog\\\/heinrich-august-winkler-mythen-ueber-europa\\\/#breadcrumb\",\"itemListElement\":[{\"@type\":\"ListItem\",\"position\":1,\"name\":\"Startseite\",\"item\":\"https:\\\/\\\/dietz-verlag.de\\\/blog\\\/\"},{\"@type\":\"ListItem\",\"position\":2,\"name\":\"\u00bb7 Mythen \u00fcber Europa\u00ab: Heinrich August Winkler rezensiert Ren\u00e9 Cuperus&#8216; Buch in der ZEIT\"}]},{\"@type\":\"WebSite\",\"@id\":\"https:\\\/\\\/dietz-verlag.de\\\/blog\\\/#website\",\"url\":\"https:\\\/\\\/dietz-verlag.de\\\/blog\\\/\",\"name\":\"Dietz Verlag Blog\",\"description\":\"Politik, Gesellschaft und Geschichte\",\"potentialAction\":[{\"@type\":\"SearchAction\",\"target\":{\"@type\":\"EntryPoint\",\"urlTemplate\":\"https:\\\/\\\/dietz-verlag.de\\\/blog\\\/?s={search_term_string}\"},\"query-input\":{\"@type\":\"PropertyValueSpecification\",\"valueRequired\":true,\"valueName\":\"search_term_string\"}}],\"inLanguage\":\"de\"},{\"@type\":\"Person\",\"@id\":\"https:\\\/\\\/dietz-verlag.de\\\/blog\\\/#\\\/schema\\\/person\\\/7cd2cd668cf616f5c70cd54974dd6de3\",\"name\":\"Oh\",\"image\":{\"@type\":\"ImageObject\",\"inLanguage\":\"de\",\"@id\":\"https:\\\/\\\/secure.gravatar.com\\\/avatar\\\/2753eb960a803d4b6c0fc295b07ad7ef2d5937b5e4e3f79504212153daa57c3d?s=96&d=mm&r=g\",\"url\":\"https:\\\/\\\/secure.gravatar.com\\\/avatar\\\/2753eb960a803d4b6c0fc295b07ad7ef2d5937b5e4e3f79504212153daa57c3d?s=96&d=mm&r=g\",\"contentUrl\":\"https:\\\/\\\/secure.gravatar.com\\\/avatar\\\/2753eb960a803d4b6c0fc295b07ad7ef2d5937b5e4e3f79504212153daa57c3d?s=96&d=mm&r=g\",\"caption\":\"Oh\"},\"sameAs\":[\"http:\\\/\\\/dietz-verlag.de\"],\"url\":\"https:\\\/\\\/dietz-verlag.de\\\/blog\\\/author\\\/barbaraoh\\\/\"}]}<\/script>\n<!-- \/ Yoast SEO plugin. -->","yoast_head_json":{"title":"\u00bb7 Mythen \u00fcber Europa\u00ab: Heinrich August Winkler rezensiert Ren\u00e9 Cuperus' Buch in der ZEIT - Dietz Verlag Blog","description":"Heinrich August Winkler rezensiert Ren\u00e9 Cuperus' Buch \u00bb7 Mythen \u00fcber Europa\u00ab in Die Zeit und empfiehlt es als Buch zur Gegenwart.","robots":{"index":"index","follow":"follow","max-snippet":"max-snippet:-1","max-image-preview":"max-image-preview:large","max-video-preview":"max-video-preview:-1"},"canonical":"https:\/\/dietz-verlag.de\/blog\/heinrich-august-winkler-mythen-ueber-europa\/","og_locale":"de_DE","og_type":"article","og_title":"\u00bb7 Mythen \u00fcber Europa\u00ab: Heinrich August Winkler rezensiert Ren\u00e9 Cuperus' Buch in der ZEIT - Dietz Verlag Blog","og_description":"Heinrich August Winkler rezensiert Ren\u00e9 Cuperus' Buch \u00bb7 Mythen \u00fcber Europa\u00ab in Die Zeit und empfiehlt es als Buch zur Gegenwart.","og_url":"https:\/\/dietz-verlag.de\/blog\/heinrich-august-winkler-mythen-ueber-europa\/","og_site_name":"Dietz Verlag Blog","article_published_time":"2022-04-27T10:03:08+00:00","article_modified_time":"2022-04-28T13:29:50+00:00","og_image":[{"width":1867,"height":933,"url":"https:\/\/dietz-verlag.de\/blog\/wp-content\/uploads\/2022\/04\/Blog_Cuperus.jpg","type":"image\/jpeg"}],"author":"Oh","twitter_card":"summary_large_image","twitter_misc":{"Verfasst von":"Oh","Gesch\u00e4tzte Lesezeit":"2\u00a0Minuten"},"schema":{"@context":"https:\/\/schema.org","@graph":[{"@type":"Article","@id":"https:\/\/dietz-verlag.de\/blog\/heinrich-august-winkler-mythen-ueber-europa\/#article","isPartOf":{"@id":"https:\/\/dietz-verlag.de\/blog\/heinrich-august-winkler-mythen-ueber-europa\/"},"author":{"name":"Oh","@id":"https:\/\/dietz-verlag.de\/blog\/#\/schema\/person\/7cd2cd668cf616f5c70cd54974dd6de3"},"headline":"\u00bb7 Mythen \u00fcber Europa\u00ab: Heinrich August Winkler rezensiert Ren\u00e9 Cuperus&#8216; Buch in der ZEIT","datePublished":"2022-04-27T10:03:08+00:00","dateModified":"2022-04-28T13:29:50+00:00","mainEntityOfPage":{"@id":"https:\/\/dietz-verlag.de\/blog\/heinrich-august-winkler-mythen-ueber-europa\/"},"wordCount":408,"image":{"@id":"https:\/\/dietz-verlag.de\/blog\/heinrich-august-winkler-mythen-ueber-europa\/#primaryimage"},"thumbnailUrl":"https:\/\/dietz-verlag.de\/blog\/wp-content\/uploads\/2022\/04\/Blog_Cuperus.jpg","keywords":["7 Mythen \u00fcber Europa","Die Zeit","EU","Europa in der Krise","Europ\u00e4ische Union","Gegner der EU","Heinrich August Winkler","Nationalismus in der EU","Nationalstaaten in der EU","Ren\u00e9 Cuperus","Ukraine-Krieg","Ukraine-Krise","Ukriane","Zukunft Europas"],"articleSection":["Dietz-News"],"inLanguage":"de"},{"@type":"WebPage","@id":"https:\/\/dietz-verlag.de\/blog\/heinrich-august-winkler-mythen-ueber-europa\/","url":"https:\/\/dietz-verlag.de\/blog\/heinrich-august-winkler-mythen-ueber-europa\/","name":"\u00bb7 Mythen \u00fcber Europa\u00ab: Heinrich August Winkler rezensiert Ren\u00e9 Cuperus' Buch in der ZEIT - Dietz Verlag Blog","isPartOf":{"@id":"https:\/\/dietz-verlag.de\/blog\/#website"},"primaryImageOfPage":{"@id":"https:\/\/dietz-verlag.de\/blog\/heinrich-august-winkler-mythen-ueber-europa\/#primaryimage"},"image":{"@id":"https:\/\/dietz-verlag.de\/blog\/heinrich-august-winkler-mythen-ueber-europa\/#primaryimage"},"thumbnailUrl":"https:\/\/dietz-verlag.de\/blog\/wp-content\/uploads\/2022\/04\/Blog_Cuperus.jpg","datePublished":"2022-04-27T10:03:08+00:00","dateModified":"2022-04-28T13:29:50+00:00","author":{"@id":"https:\/\/dietz-verlag.de\/blog\/#\/schema\/person\/7cd2cd668cf616f5c70cd54974dd6de3"},"description":"Heinrich August Winkler rezensiert Ren\u00e9 Cuperus' Buch \u00bb7 Mythen \u00fcber Europa\u00ab in Die Zeit und empfiehlt es als Buch zur Gegenwart.","breadcrumb":{"@id":"https:\/\/dietz-verlag.de\/blog\/heinrich-august-winkler-mythen-ueber-europa\/#breadcrumb"},"inLanguage":"de","potentialAction":[{"@type":"ReadAction","target":["https:\/\/dietz-verlag.de\/blog\/heinrich-august-winkler-mythen-ueber-europa\/"]}]},{"@type":"ImageObject","inLanguage":"de","@id":"https:\/\/dietz-verlag.de\/blog\/heinrich-august-winkler-mythen-ueber-europa\/#primaryimage","url":"https:\/\/dietz-verlag.de\/blog\/wp-content\/uploads\/2022\/04\/Blog_Cuperus.jpg","contentUrl":"https:\/\/dietz-verlag.de\/blog\/wp-content\/uploads\/2022\/04\/Blog_Cuperus.jpg","width":1867,"height":933},{"@type":"BreadcrumbList","@id":"https:\/\/dietz-verlag.de\/blog\/heinrich-august-winkler-mythen-ueber-europa\/#breadcrumb","itemListElement":[{"@type":"ListItem","position":1,"name":"Startseite","item":"https:\/\/dietz-verlag.de\/blog\/"},{"@type":"ListItem","position":2,"name":"\u00bb7 Mythen \u00fcber Europa\u00ab: Heinrich August Winkler rezensiert Ren\u00e9 Cuperus&#8216; Buch in der ZEIT"}]},{"@type":"WebSite","@id":"https:\/\/dietz-verlag.de\/blog\/#website","url":"https:\/\/dietz-verlag.de\/blog\/","name":"Dietz Verlag Blog","description":"Politik, Gesellschaft und Geschichte","potentialAction":[{"@type":"SearchAction","target":{"@type":"EntryPoint","urlTemplate":"https:\/\/dietz-verlag.de\/blog\/?s={search_term_string}"},"query-input":{"@type":"PropertyValueSpecification","valueRequired":true,"valueName":"search_term_string"}}],"inLanguage":"de"},{"@type":"Person","@id":"https:\/\/dietz-verlag.de\/blog\/#\/schema\/person\/7cd2cd668cf616f5c70cd54974dd6de3","name":"Oh","image":{"@type":"ImageObject","inLanguage":"de","@id":"https:\/\/secure.gravatar.com\/avatar\/2753eb960a803d4b6c0fc295b07ad7ef2d5937b5e4e3f79504212153daa57c3d?s=96&d=mm&r=g","url":"https:\/\/secure.gravatar.com\/avatar\/2753eb960a803d4b6c0fc295b07ad7ef2d5937b5e4e3f79504212153daa57c3d?s=96&d=mm&r=g","contentUrl":"https:\/\/secure.gravatar.com\/avatar\/2753eb960a803d4b6c0fc295b07ad7ef2d5937b5e4e3f79504212153daa57c3d?s=96&d=mm&r=g","caption":"Oh"},"sameAs":["http:\/\/dietz-verlag.de"],"url":"https:\/\/dietz-verlag.de\/blog\/author\/barbaraoh\/"}]}},"_links":{"self":[{"href":"https:\/\/dietz-verlag.de\/blog\/wp-json\/wp\/v2\/posts\/2227","targetHints":{"allow":["GET"]}}],"collection":[{"href":"https:\/\/dietz-verlag.de\/blog\/wp-json\/wp\/v2\/posts"}],"about":[{"href":"https:\/\/dietz-verlag.de\/blog\/wp-json\/wp\/v2\/types\/post"}],"author":[{"embeddable":true,"href":"https:\/\/dietz-verlag.de\/blog\/wp-json\/wp\/v2\/users\/2"}],"replies":[{"embeddable":true,"href":"https:\/\/dietz-verlag.de\/blog\/wp-json\/wp\/v2\/comments?post=2227"}],"version-history":[{"count":6,"href":"https:\/\/dietz-verlag.de\/blog\/wp-json\/wp\/v2\/posts\/2227\/revisions"}],"predecessor-version":[{"id":2236,"href":"https:\/\/dietz-verlag.de\/blog\/wp-json\/wp\/v2\/posts\/2227\/revisions\/2236"}],"wp:featuredmedia":[{"embeddable":true,"href":"https:\/\/dietz-verlag.de\/blog\/wp-json\/wp\/v2\/media\/2221"}],"wp:attachment":[{"href":"https:\/\/dietz-verlag.de\/blog\/wp-json\/wp\/v2\/media?parent=2227"}],"wp:term":[{"taxonomy":"category","embeddable":true,"href":"https:\/\/dietz-verlag.de\/blog\/wp-json\/wp\/v2\/categories?post=2227"},{"taxonomy":"post_tag","embeddable":true,"href":"https:\/\/dietz-verlag.de\/blog\/wp-json\/wp\/v2\/tags?post=2227"},{"taxonomy":"post_flag","embeddable":true,"href":"https:\/\/dietz-verlag.de\/blog\/wp-json\/wp\/v2\/post_flags?post=2227"}],"curies":[{"name":"wp","href":"https:\/\/api.w.org\/{rel}","templated":true}]}}