{"id":2154,"date":"2022-05-19T12:41:04","date_gmt":"2022-05-19T12:41:04","guid":{"rendered":"https:\/\/dietz-verlag.de\/blog\/?p=2154"},"modified":"2022-07-25T10:27:15","modified_gmt":"2022-07-25T10:27:15","slug":"vater-des-eurokommunismus-enrico-berlinguer-zum-100-geburtstag-am-25-mai-2022","status":"publish","type":"post","link":"https:\/\/dietz-verlag.de\/blog\/vater-des-eurokommunismus-enrico-berlinguer-zum-100-geburtstag-am-25-mai-2022\/","title":{"rendered":"Vater des Eurokommunismus: Enrico Berlinguer zum 100. Geburtstag am 25. Mai 2022"},"content":{"rendered":"\n<p>Enrico Berlinguer ist nicht nur eine Schl\u00fcsselfigur der politischen Geschichte Italiens \u2013 er gilt auch als Vater des \u00bbEurokommunismus\u00ab. In ihrer Biografie \u00bb<a href=\"https:\/\/dietz-verlag.de\/isbn\/9783801206284\/Der-eigenartige-Genosse-Enrico-Berlinguer-Kommunist-und-Demokrat-im-Nachkriegseuropa-Chiara-Valentini\" target=\"_blank\" rel=\"noreferrer noopener\">Der eigenartige Genosse Enrico Berlinguer. Kommunist und Demokrat im Nachkriegseuropa<\/a>\u00ab portr\u00e4tiert die italienische Journalistin und Schriftstellerin Chiara Valentini den bedeutsamen Politiker und gibt neue Einblicke in die Lebenswelt eines politischen Einzelg\u00e4ngers.<\/p>\n\n\n\n<h4 class=\"wp-block-heading\" id=\"was-ist-eurokommunismus\">Was ist Eurokommunismus?<\/h4>\n\n\n\n<p>Von 1972 bis 1984 war Berlinguer Generalsekret\u00e4r der Kommunistischen Partei Italiens, der gr\u00f6\u00dften in einem westlichen Land. Er gilt als Vater des \u00bbEurokommunismus\u00ab. Im Zentrum seines politischen Programms standen die Demokratie als universeller Wert, die Unabh\u00e4ngigkeit von Moskau, das Eintreten f\u00fcr die europ\u00e4ische Einigung und der Einsatz f\u00fcr den Weltfrieden. Er unternahm den Versuch, gegens\u00e4tzliche Welten zu integrieren, insbesondere im Zuge des angestrebten \u00bbhistorischen Kompromisses\u00ab zwischen Kommunisten und christdemokratischen Katholiken.<\/p>\n\n\n\n<h4 class=\"wp-block-heading\" id=\"das-fesselnde-portrat-eines-eigenartigen-genossen\">Das fesselnde Portr\u00e4t eines \u00bbeigenartigen Genossen\u00ab<\/h4>\n\n\n\n<p>Wie kam es, dass Berlinguer diese neue Konzeption eines demokratischen Kommunismus entwickelte und damit neue Wege ging? Worin liegt Berlinguers Bedeutung heute? Die italienische Journalistin und Schriftstellerin Chiara Valentini zeichnet dazu dicht und fesselnd ein umfassendes, gut dokumentiertes Portr\u00e4t. Sie berichtet \u00fcber bislang unbekannte menschliche und politische Dimensionen und beschreibt die Ideen, Leidenschaften, Fehler und Erfolge dieses gro\u00dfen Europ\u00e4ers. <\/p>\n\n\n\n<h4 class=\"wp-block-heading\">Die Autorin<\/h4>\n\n\n\n<p><a href=\"https:\/\/dietz-verlag.de\/autor\/2347\/chiara-valentini\">Chiara Valentini<\/a>, geb. 1941 in Parma, Studium der Rechtswissenschaften, Mitarbeiterin der Sendung \u00bbPanorama\u00ab im \u00f6ffentlich-rechtlichen Rundfunk RAI in den 1970er-Jahren, Journalistin f\u00fcr das Wochenmagazin \u00bb<a href=\"https:\/\/espresso.repubblica.it\/\" target=\"_blank\" rel=\"noreferrer noopener\">L\u00b4Espresso<\/a>\u00ab in den 1980er-Jahren, Autorin von mehreren B\u00fcchern \u00fcber Enrico Berlinguer sowie Themen der Frauenbewegung und Dario Fo.<\/p>\n\n\n\n<p><a href=\"https:\/\/worberwirnichtgeredethabendotorg.wordpress.com\/2022\/07\/23\/mein-neues-buch-erste-enrico-berlinguer-biografie-auf-deutsch\/\" target=\"_blank\" rel=\"noreferrer noopener\">Blogbeitrag<\/a> des \u00dcbersetzers Klaus Pumberger.<\/p>\n","protected":false},"excerpt":{"rendered":"<p>Enrico Berlinguer ist nicht nur eine Schl\u00fcsselfigur der politischen Geschichte Italiens \u2013 er gilt auch als Vater des \u00bbEurokommunismus\u00ab. In ihrer Biografie \u00bbDer eigenartige Genosse Enrico Berlinguer. Kommunist und Demokrat im Nachkriegseuropa\u00ab portr\u00e4tiert die italienische Journalistin und Schriftstellerin Chiara Valentini den bedeutsamen Politiker und gibt neue Einblicke in die Lebenswelt eines politischen Einzelg\u00e4ngers. Was ist [&hellip;]<\/p>\n","protected":false},"author":2,"featured_media":2135,"comment_status":"closed","ping_status":"open","sticky":false,"template":"","format":"standard","meta":{"footnotes":""},"categories":[16],"tags":[360,41,362,364,357,359,363,361,358,365],"post_flags":[],"class_list":["post-2154","post","type-post","status-publish","format-standard","has-post-thumbnail","hentry","category-neue-buecher-politik","tag-chiara-valentini","tag-demokratie","tag-demokratischer-kommunismus","tag-der-eigenartige-genosse","tag-enrico-berlinguer","tag-eurokommunismus","tag-genosse","tag-italien","tag-kommunismus","tag-nachkriegseuropa"],"acf":[],"yoast_head":"<!-- This site is optimized with the Yoast SEO plugin v27.5 - https:\/\/yoast.com\/product\/yoast-seo-wordpress\/ -->\n<title>Vater des Eurokommunismus: Enrico Berlinguer zum 100. Geburtstag am 25. Mai 2022 - Dietz Verlag Blog<\/title>\n<meta name=\"description\" content=\"Die erste Biografie in deutscher Sprache \u00fcber den italienischen Politiker Enrico Berlinguer, den Vater des Eurokommunismus, der am 25.5.22 100 Jahre alt geworden w\u00e4re. Von Chiara Valentini.\" \/>\n<meta name=\"robots\" content=\"index, follow, max-snippet:-1, max-image-preview:large, max-video-preview:-1\" \/>\n<link rel=\"canonical\" href=\"https:\/\/dietz-verlag.de\/blog\/vater-des-eurokommunismus-enrico-berlinguer-zum-100-geburtstag-am-25-mai-2022\/\" \/>\n<meta property=\"og:locale\" content=\"de_DE\" \/>\n<meta property=\"og:type\" content=\"article\" \/>\n<meta property=\"og:title\" content=\"Vater des Eurokommunismus: Enrico Berlinguer zum 100. Geburtstag am 25. Mai 2022 - Dietz Verlag Blog\" \/>\n<meta property=\"og:description\" content=\"Die erste Biografie in deutscher Sprache \u00fcber den italienischen Politiker Enrico Berlinguer, den Vater des Eurokommunismus, der am 25.5.22 100 Jahre alt geworden w\u00e4re. Von Chiara Valentini.\" \/>\n<meta property=\"og:url\" content=\"https:\/\/dietz-verlag.de\/blog\/vater-des-eurokommunismus-enrico-berlinguer-zum-100-geburtstag-am-25-mai-2022\/\" \/>\n<meta property=\"og:site_name\" content=\"Dietz Verlag Blog\" \/>\n<meta property=\"article:published_time\" content=\"2022-05-19T12:41:04+00:00\" \/>\n<meta property=\"article:modified_time\" content=\"2022-07-25T10:27:15+00:00\" \/>\n<meta property=\"og:image\" content=\"https:\/\/dietz-verlag.de\/blog\/wp-content\/uploads\/2022\/02\/Blog_Berlinguer.webp\" \/>\n\t<meta property=\"og:image:width\" content=\"1867\" \/>\n\t<meta property=\"og:image:height\" content=\"933\" \/>\n\t<meta property=\"og:image:type\" content=\"image\/webp\" \/>\n<meta name=\"author\" content=\"Oh\" \/>\n<meta name=\"twitter:card\" content=\"summary_large_image\" \/>\n<meta name=\"twitter:label1\" content=\"Verfasst von\" \/>\n\t<meta name=\"twitter:data1\" content=\"Oh\" \/>\n\t<meta name=\"twitter:label2\" content=\"Gesch\u00e4tzte Lesezeit\" \/>\n\t<meta name=\"twitter:data2\" content=\"2\u00a0Minuten\" \/>\n<script type=\"application\/ld+json\" class=\"yoast-schema-graph\">{\"@context\":\"https:\\\/\\\/schema.org\",\"@graph\":[{\"@type\":\"Article\",\"@id\":\"https:\\\/\\\/dietz-verlag.de\\\/blog\\\/vater-des-eurokommunismus-enrico-berlinguer-zum-100-geburtstag-am-25-mai-2022\\\/#article\",\"isPartOf\":{\"@id\":\"https:\\\/\\\/dietz-verlag.de\\\/blog\\\/vater-des-eurokommunismus-enrico-berlinguer-zum-100-geburtstag-am-25-mai-2022\\\/\"},\"author\":{\"name\":\"Oh\",\"@id\":\"https:\\\/\\\/dietz-verlag.de\\\/blog\\\/#\\\/schema\\\/person\\\/7cd2cd668cf616f5c70cd54974dd6de3\"},\"headline\":\"Vater des Eurokommunismus: Enrico Berlinguer zum 100. Geburtstag am 25. Mai 2022\",\"datePublished\":\"2022-05-19T12:41:04+00:00\",\"dateModified\":\"2022-07-25T10:27:15+00:00\",\"mainEntityOfPage\":{\"@id\":\"https:\\\/\\\/dietz-verlag.de\\\/blog\\\/vater-des-eurokommunismus-enrico-berlinguer-zum-100-geburtstag-am-25-mai-2022\\\/\"},\"wordCount\":262,\"image\":{\"@id\":\"https:\\\/\\\/dietz-verlag.de\\\/blog\\\/vater-des-eurokommunismus-enrico-berlinguer-zum-100-geburtstag-am-25-mai-2022\\\/#primaryimage\"},\"thumbnailUrl\":\"https:\\\/\\\/dietz-verlag.de\\\/blog\\\/wp-content\\\/uploads\\\/2022\\\/02\\\/Blog_Berlinguer.webp\",\"keywords\":[\"Chiara Valentini\",\"Demokratie\",\"demokratischer Kommunismus\",\"Der eigenartige Genosse\",\"Enrico Berlinguer\",\"Eurokommunismus\",\"Genosse\",\"Italien\",\"Kommunismus\",\"Nachkriegseuropa\"],\"articleSection\":[\"Neuerscheinungen\"],\"inLanguage\":\"de\"},{\"@type\":\"WebPage\",\"@id\":\"https:\\\/\\\/dietz-verlag.de\\\/blog\\\/vater-des-eurokommunismus-enrico-berlinguer-zum-100-geburtstag-am-25-mai-2022\\\/\",\"url\":\"https:\\\/\\\/dietz-verlag.de\\\/blog\\\/vater-des-eurokommunismus-enrico-berlinguer-zum-100-geburtstag-am-25-mai-2022\\\/\",\"name\":\"Vater des Eurokommunismus: Enrico Berlinguer zum 100. Geburtstag am 25. Mai 2022 - Dietz Verlag Blog\",\"isPartOf\":{\"@id\":\"https:\\\/\\\/dietz-verlag.de\\\/blog\\\/#website\"},\"primaryImageOfPage\":{\"@id\":\"https:\\\/\\\/dietz-verlag.de\\\/blog\\\/vater-des-eurokommunismus-enrico-berlinguer-zum-100-geburtstag-am-25-mai-2022\\\/#primaryimage\"},\"image\":{\"@id\":\"https:\\\/\\\/dietz-verlag.de\\\/blog\\\/vater-des-eurokommunismus-enrico-berlinguer-zum-100-geburtstag-am-25-mai-2022\\\/#primaryimage\"},\"thumbnailUrl\":\"https:\\\/\\\/dietz-verlag.de\\\/blog\\\/wp-content\\\/uploads\\\/2022\\\/02\\\/Blog_Berlinguer.webp\",\"datePublished\":\"2022-05-19T12:41:04+00:00\",\"dateModified\":\"2022-07-25T10:27:15+00:00\",\"author\":{\"@id\":\"https:\\\/\\\/dietz-verlag.de\\\/blog\\\/#\\\/schema\\\/person\\\/7cd2cd668cf616f5c70cd54974dd6de3\"},\"description\":\"Die erste Biografie in deutscher Sprache \u00fcber den italienischen Politiker Enrico Berlinguer, den Vater des Eurokommunismus, der am 25.5.22 100 Jahre alt geworden w\u00e4re. Von Chiara Valentini.\",\"breadcrumb\":{\"@id\":\"https:\\\/\\\/dietz-verlag.de\\\/blog\\\/vater-des-eurokommunismus-enrico-berlinguer-zum-100-geburtstag-am-25-mai-2022\\\/#breadcrumb\"},\"inLanguage\":\"de\",\"potentialAction\":[{\"@type\":\"ReadAction\",\"target\":[\"https:\\\/\\\/dietz-verlag.de\\\/blog\\\/vater-des-eurokommunismus-enrico-berlinguer-zum-100-geburtstag-am-25-mai-2022\\\/\"]}]},{\"@type\":\"ImageObject\",\"inLanguage\":\"de\",\"@id\":\"https:\\\/\\\/dietz-verlag.de\\\/blog\\\/vater-des-eurokommunismus-enrico-berlinguer-zum-100-geburtstag-am-25-mai-2022\\\/#primaryimage\",\"url\":\"https:\\\/\\\/dietz-verlag.de\\\/blog\\\/wp-content\\\/uploads\\\/2022\\\/02\\\/Blog_Berlinguer.webp\",\"contentUrl\":\"https:\\\/\\\/dietz-verlag.de\\\/blog\\\/wp-content\\\/uploads\\\/2022\\\/02\\\/Blog_Berlinguer.webp\",\"width\":1867,\"height\":933,\"caption\":\"Cover des Buches \\\"Der eigenartige Genosse. Enrico Berlinguer\\\" von Chiara Valentini\"},{\"@type\":\"BreadcrumbList\",\"@id\":\"https:\\\/\\\/dietz-verlag.de\\\/blog\\\/vater-des-eurokommunismus-enrico-berlinguer-zum-100-geburtstag-am-25-mai-2022\\\/#breadcrumb\",\"itemListElement\":[{\"@type\":\"ListItem\",\"position\":1,\"name\":\"Startseite\",\"item\":\"https:\\\/\\\/dietz-verlag.de\\\/blog\\\/\"},{\"@type\":\"ListItem\",\"position\":2,\"name\":\"Vater des Eurokommunismus: Enrico Berlinguer zum 100. Geburtstag am 25. Mai 2022\"}]},{\"@type\":\"WebSite\",\"@id\":\"https:\\\/\\\/dietz-verlag.de\\\/blog\\\/#website\",\"url\":\"https:\\\/\\\/dietz-verlag.de\\\/blog\\\/\",\"name\":\"Dietz Verlag Blog\",\"description\":\"Politik, Gesellschaft und Geschichte\",\"potentialAction\":[{\"@type\":\"SearchAction\",\"target\":{\"@type\":\"EntryPoint\",\"urlTemplate\":\"https:\\\/\\\/dietz-verlag.de\\\/blog\\\/?s={search_term_string}\"},\"query-input\":{\"@type\":\"PropertyValueSpecification\",\"valueRequired\":true,\"valueName\":\"search_term_string\"}}],\"inLanguage\":\"de\"},{\"@type\":\"Person\",\"@id\":\"https:\\\/\\\/dietz-verlag.de\\\/blog\\\/#\\\/schema\\\/person\\\/7cd2cd668cf616f5c70cd54974dd6de3\",\"name\":\"Oh\",\"image\":{\"@type\":\"ImageObject\",\"inLanguage\":\"de\",\"@id\":\"https:\\\/\\\/secure.gravatar.com\\\/avatar\\\/2753eb960a803d4b6c0fc295b07ad7ef2d5937b5e4e3f79504212153daa57c3d?s=96&d=mm&r=g\",\"url\":\"https:\\\/\\\/secure.gravatar.com\\\/avatar\\\/2753eb960a803d4b6c0fc295b07ad7ef2d5937b5e4e3f79504212153daa57c3d?s=96&d=mm&r=g\",\"contentUrl\":\"https:\\\/\\\/secure.gravatar.com\\\/avatar\\\/2753eb960a803d4b6c0fc295b07ad7ef2d5937b5e4e3f79504212153daa57c3d?s=96&d=mm&r=g\",\"caption\":\"Oh\"},\"sameAs\":[\"http:\\\/\\\/dietz-verlag.de\"],\"url\":\"https:\\\/\\\/dietz-verlag.de\\\/blog\\\/author\\\/barbaraoh\\\/\"}]}<\/script>\n<!-- \/ Yoast SEO plugin. -->","yoast_head_json":{"title":"Vater des Eurokommunismus: Enrico Berlinguer zum 100. Geburtstag am 25. Mai 2022 - Dietz Verlag Blog","description":"Die erste Biografie in deutscher Sprache \u00fcber den italienischen Politiker Enrico Berlinguer, den Vater des Eurokommunismus, der am 25.5.22 100 Jahre alt geworden w\u00e4re. Von Chiara Valentini.","robots":{"index":"index","follow":"follow","max-snippet":"max-snippet:-1","max-image-preview":"max-image-preview:large","max-video-preview":"max-video-preview:-1"},"canonical":"https:\/\/dietz-verlag.de\/blog\/vater-des-eurokommunismus-enrico-berlinguer-zum-100-geburtstag-am-25-mai-2022\/","og_locale":"de_DE","og_type":"article","og_title":"Vater des Eurokommunismus: Enrico Berlinguer zum 100. Geburtstag am 25. Mai 2022 - Dietz Verlag Blog","og_description":"Die erste Biografie in deutscher Sprache \u00fcber den italienischen Politiker Enrico Berlinguer, den Vater des Eurokommunismus, der am 25.5.22 100 Jahre alt geworden w\u00e4re. Von Chiara Valentini.","og_url":"https:\/\/dietz-verlag.de\/blog\/vater-des-eurokommunismus-enrico-berlinguer-zum-100-geburtstag-am-25-mai-2022\/","og_site_name":"Dietz Verlag Blog","article_published_time":"2022-05-19T12:41:04+00:00","article_modified_time":"2022-07-25T10:27:15+00:00","og_image":[{"width":1867,"height":933,"url":"https:\/\/dietz-verlag.de\/blog\/wp-content\/uploads\/2022\/02\/Blog_Berlinguer.webp","type":"image\/webp"}],"author":"Oh","twitter_card":"summary_large_image","twitter_misc":{"Verfasst von":"Oh","Gesch\u00e4tzte Lesezeit":"2\u00a0Minuten"},"schema":{"@context":"https:\/\/schema.org","@graph":[{"@type":"Article","@id":"https:\/\/dietz-verlag.de\/blog\/vater-des-eurokommunismus-enrico-berlinguer-zum-100-geburtstag-am-25-mai-2022\/#article","isPartOf":{"@id":"https:\/\/dietz-verlag.de\/blog\/vater-des-eurokommunismus-enrico-berlinguer-zum-100-geburtstag-am-25-mai-2022\/"},"author":{"name":"Oh","@id":"https:\/\/dietz-verlag.de\/blog\/#\/schema\/person\/7cd2cd668cf616f5c70cd54974dd6de3"},"headline":"Vater des Eurokommunismus: Enrico Berlinguer zum 100. Geburtstag am 25. Mai 2022","datePublished":"2022-05-19T12:41:04+00:00","dateModified":"2022-07-25T10:27:15+00:00","mainEntityOfPage":{"@id":"https:\/\/dietz-verlag.de\/blog\/vater-des-eurokommunismus-enrico-berlinguer-zum-100-geburtstag-am-25-mai-2022\/"},"wordCount":262,"image":{"@id":"https:\/\/dietz-verlag.de\/blog\/vater-des-eurokommunismus-enrico-berlinguer-zum-100-geburtstag-am-25-mai-2022\/#primaryimage"},"thumbnailUrl":"https:\/\/dietz-verlag.de\/blog\/wp-content\/uploads\/2022\/02\/Blog_Berlinguer.webp","keywords":["Chiara Valentini","Demokratie","demokratischer Kommunismus","Der eigenartige Genosse","Enrico Berlinguer","Eurokommunismus","Genosse","Italien","Kommunismus","Nachkriegseuropa"],"articleSection":["Neuerscheinungen"],"inLanguage":"de"},{"@type":"WebPage","@id":"https:\/\/dietz-verlag.de\/blog\/vater-des-eurokommunismus-enrico-berlinguer-zum-100-geburtstag-am-25-mai-2022\/","url":"https:\/\/dietz-verlag.de\/blog\/vater-des-eurokommunismus-enrico-berlinguer-zum-100-geburtstag-am-25-mai-2022\/","name":"Vater des Eurokommunismus: Enrico Berlinguer zum 100. Geburtstag am 25. Mai 2022 - Dietz Verlag Blog","isPartOf":{"@id":"https:\/\/dietz-verlag.de\/blog\/#website"},"primaryImageOfPage":{"@id":"https:\/\/dietz-verlag.de\/blog\/vater-des-eurokommunismus-enrico-berlinguer-zum-100-geburtstag-am-25-mai-2022\/#primaryimage"},"image":{"@id":"https:\/\/dietz-verlag.de\/blog\/vater-des-eurokommunismus-enrico-berlinguer-zum-100-geburtstag-am-25-mai-2022\/#primaryimage"},"thumbnailUrl":"https:\/\/dietz-verlag.de\/blog\/wp-content\/uploads\/2022\/02\/Blog_Berlinguer.webp","datePublished":"2022-05-19T12:41:04+00:00","dateModified":"2022-07-25T10:27:15+00:00","author":{"@id":"https:\/\/dietz-verlag.de\/blog\/#\/schema\/person\/7cd2cd668cf616f5c70cd54974dd6de3"},"description":"Die erste Biografie in deutscher Sprache \u00fcber den italienischen Politiker Enrico Berlinguer, den Vater des Eurokommunismus, der am 25.5.22 100 Jahre alt geworden w\u00e4re. Von Chiara Valentini.","breadcrumb":{"@id":"https:\/\/dietz-verlag.de\/blog\/vater-des-eurokommunismus-enrico-berlinguer-zum-100-geburtstag-am-25-mai-2022\/#breadcrumb"},"inLanguage":"de","potentialAction":[{"@type":"ReadAction","target":["https:\/\/dietz-verlag.de\/blog\/vater-des-eurokommunismus-enrico-berlinguer-zum-100-geburtstag-am-25-mai-2022\/"]}]},{"@type":"ImageObject","inLanguage":"de","@id":"https:\/\/dietz-verlag.de\/blog\/vater-des-eurokommunismus-enrico-berlinguer-zum-100-geburtstag-am-25-mai-2022\/#primaryimage","url":"https:\/\/dietz-verlag.de\/blog\/wp-content\/uploads\/2022\/02\/Blog_Berlinguer.webp","contentUrl":"https:\/\/dietz-verlag.de\/blog\/wp-content\/uploads\/2022\/02\/Blog_Berlinguer.webp","width":1867,"height":933,"caption":"Cover des Buches \"Der eigenartige Genosse. Enrico Berlinguer\" von Chiara Valentini"},{"@type":"BreadcrumbList","@id":"https:\/\/dietz-verlag.de\/blog\/vater-des-eurokommunismus-enrico-berlinguer-zum-100-geburtstag-am-25-mai-2022\/#breadcrumb","itemListElement":[{"@type":"ListItem","position":1,"name":"Startseite","item":"https:\/\/dietz-verlag.de\/blog\/"},{"@type":"ListItem","position":2,"name":"Vater des Eurokommunismus: Enrico Berlinguer zum 100. Geburtstag am 25. Mai 2022"}]},{"@type":"WebSite","@id":"https:\/\/dietz-verlag.de\/blog\/#website","url":"https:\/\/dietz-verlag.de\/blog\/","name":"Dietz Verlag Blog","description":"Politik, Gesellschaft und Geschichte","potentialAction":[{"@type":"SearchAction","target":{"@type":"EntryPoint","urlTemplate":"https:\/\/dietz-verlag.de\/blog\/?s={search_term_string}"},"query-input":{"@type":"PropertyValueSpecification","valueRequired":true,"valueName":"search_term_string"}}],"inLanguage":"de"},{"@type":"Person","@id":"https:\/\/dietz-verlag.de\/blog\/#\/schema\/person\/7cd2cd668cf616f5c70cd54974dd6de3","name":"Oh","image":{"@type":"ImageObject","inLanguage":"de","@id":"https:\/\/secure.gravatar.com\/avatar\/2753eb960a803d4b6c0fc295b07ad7ef2d5937b5e4e3f79504212153daa57c3d?s=96&d=mm&r=g","url":"https:\/\/secure.gravatar.com\/avatar\/2753eb960a803d4b6c0fc295b07ad7ef2d5937b5e4e3f79504212153daa57c3d?s=96&d=mm&r=g","contentUrl":"https:\/\/secure.gravatar.com\/avatar\/2753eb960a803d4b6c0fc295b07ad7ef2d5937b5e4e3f79504212153daa57c3d?s=96&d=mm&r=g","caption":"Oh"},"sameAs":["http:\/\/dietz-verlag.de"],"url":"https:\/\/dietz-verlag.de\/blog\/author\/barbaraoh\/"}]}},"_links":{"self":[{"href":"https:\/\/dietz-verlag.de\/blog\/wp-json\/wp\/v2\/posts\/2154","targetHints":{"allow":["GET"]}}],"collection":[{"href":"https:\/\/dietz-verlag.de\/blog\/wp-json\/wp\/v2\/posts"}],"about":[{"href":"https:\/\/dietz-verlag.de\/blog\/wp-json\/wp\/v2\/types\/post"}],"author":[{"embeddable":true,"href":"https:\/\/dietz-verlag.de\/blog\/wp-json\/wp\/v2\/users\/2"}],"replies":[{"embeddable":true,"href":"https:\/\/dietz-verlag.de\/blog\/wp-json\/wp\/v2\/comments?post=2154"}],"version-history":[{"count":9,"href":"https:\/\/dietz-verlag.de\/blog\/wp-json\/wp\/v2\/posts\/2154\/revisions"}],"predecessor-version":[{"id":2337,"href":"https:\/\/dietz-verlag.de\/blog\/wp-json\/wp\/v2\/posts\/2154\/revisions\/2337"}],"wp:featuredmedia":[{"embeddable":true,"href":"https:\/\/dietz-verlag.de\/blog\/wp-json\/wp\/v2\/media\/2135"}],"wp:attachment":[{"href":"https:\/\/dietz-verlag.de\/blog\/wp-json\/wp\/v2\/media?parent=2154"}],"wp:term":[{"taxonomy":"category","embeddable":true,"href":"https:\/\/dietz-verlag.de\/blog\/wp-json\/wp\/v2\/categories?post=2154"},{"taxonomy":"post_tag","embeddable":true,"href":"https:\/\/dietz-verlag.de\/blog\/wp-json\/wp\/v2\/tags?post=2154"},{"taxonomy":"post_flag","embeddable":true,"href":"https:\/\/dietz-verlag.de\/blog\/wp-json\/wp\/v2\/post_flags?post=2154"}],"curies":[{"name":"wp","href":"https:\/\/api.w.org\/{rel}","templated":true}]}}