{"id":2141,"date":"2022-03-08T08:05:13","date_gmt":"2022-03-08T08:05:13","guid":{"rendered":"https:\/\/dietz-verlag.de\/blog\/?p=2141"},"modified":"2022-03-08T13:01:46","modified_gmt":"2022-03-08T13:01:46","slug":"niklas-frank-im-podcast-dietz-das","status":"publish","type":"post","link":"https:\/\/dietz-verlag.de\/blog\/niklas-frank-im-podcast-dietz-das\/","title":{"rendered":"Niklas Frank im Podcast \u00bbDietz &#038; Das\u00ab"},"content":{"rendered":"\n<p>Niklas Frank ist der Sohn von Hans Frank, Hitlers \u00bbGeneralgouverneur\u00ab im besetzten Polen. Im Podcast \u00bb<a href=\"https:\/\/dietz-verlag.de\/podcast-dietzunddas.htm\" target=\"_blank\" rel=\"noreferrer noopener\">Dietz &amp; Das<\/a>\u00ab liest er aus seinem Buch \u00bb<a href=\"https:\/\/dietz-verlag.de\/isbn\/9783801205669\/Auf-in-die-Diktatur-Die-Auferstehung-meines-Nazi-Vaters-in-der-deutschen-Gesellschaft-Ein-Wutanfall-von-Niklas-Frank-Niklas-Frank\">Auf in die Diktatur! Die Auferstehung meines Nazi-Vaters in der deutschen Gesellschaft<\/a>\u00ab, das Parallelen zur NS-Zeit in der heutigen Gesellschaft aufsp\u00fcrt. Die Diagnose: Der Hass, die Empathielosigkeit und der menschenverachtende Humor der Nationalsozialisten finden sich heute wieder in der AfD, aber auch bei anderen Vertretern aus Politik, Kultur, Sport, Kirchen etc. <\/p>\n\n\n\n<h4 class=\"wp-block-heading\" id=\"mit-wut-im-bauch-gegen-den-hass\">Mit Wut im Bauch gegen den Hass<\/h4>\n\n\n\n<p>Nicht nur bei von Storch, die an der gr\u00fcnen Grenze auch den Zutritt von Frauen und Kindern mit Waffengewalt verhindern will, und Gauland, der die Migrationsbeauftragte Aydan \u00d6zo\u011fuz \u00bbin Anatolien entsorgen\u00ab m\u00f6chte, kommt dem Autor die blanke Wut hoch. Auch \u00c4u\u00dferungen aus der vermeintlichen Mitte lassen ihn nicht kalt. So etwa die Empehlung des CDU-Innenministers Reul, Richter sollten immer auch im Blick haben, dass ihre Entscheidungen dem \u00bbRechtsempfinden der Bev\u00f6lkerung entsprechen\u00ab. Franks Buch ist eine emotionale Antwort auf die Politik derer, die \u2013 wie einst in der NS-Zeit \u2013 Parolen \u00fcber Empathie stellen.<\/p>\n\n\n\n<h4 class=\"wp-block-heading\" id=\"pladoyer-fur-mehr-demokratie\">Pl\u00e4doyer f\u00fcr mehr Demokratie<\/h4>\n\n\n\n<p>Die AfD und andere Rechtspopulisten gef\u00e4hrden heute unsere Demokratie. \u00bbWer trotzdem mit Parteien oder Politikern sympathisiert, die offen demo\u00adkratiefeindlich sind, macht sich mitschuldig. Denn nur Demokratie kann Menschlichkeit garantieren\u00ab, schreibt Niklas Frank. \u00bb<a href=\"https:\/\/dietz-verlag.de\/isbn\/9783801205669\/Auf-in-die-Diktatur-Die-Auferstehung-meines-Nazi-Vaters-in-der-deutschen-Gesellschaft-Ein-Wutanfall-von-Niklas-Frank-Niklas-Frank\">Auf in die Diktatur!<\/a>\u00ab ist nicht nur eine w\u00fctende Abrechnung mit den neuen Rechten, es ist auch ein Appell f\u00fcr mehr Demokratie. Zugleich ist es die Mahnung, die Errungenschaften nach der NS-Zeit nicht achtlos aufzugeben.<\/p>\n\n\n\n<h4 class=\"wp-block-heading\">Podcast &#8222;Dietz &amp; Das&#8220;<\/h4>\n\n\n\n<p>\u00bb<a href=\"https:\/\/dietz-verlag.de\/podcast-dietzunddas.htm\" target=\"_blank\" rel=\"noreferrer noopener\">Dietz &amp; Das<\/a>\u00ab \u2013 so hei\u00dft unser Podcast zu Politik, Gesellschaft und Geschichte. Autor*innen aus dem Dietz-Verlag stellen hier ihre neuen B\u00fccher vor und sprechen \u00fcber politische und gesellschaftliche Themen \u2013 informativ, unterhaltsam, inspirierend. Jeden ersten Freitag im Monat gibt es eine neue Folge: spannende, offene Diskussionen und neue Sichtweisen von unterschiedlichen Expert*innen f\u00fcr alle, die sich eine differenzierte Meinung bilden wollen. \u00bbDietz &amp; Das\u00ab ist auf unserer\u00a0<a href=\"https:\/\/dietz-verlag.de\/podcast-dietzunddas.htm\" target=\"_blank\" rel=\"noreferrer noopener\">Website<\/a>\u00a0und auf allen Podcast-Plattformen abrufbar.<\/p>\n\n\n\n<h4 class=\"wp-block-heading\">Der Autor<\/h4>\n\n\n\n<p><a href=\"https:\/\/dietz-verlag.de\/autor\/2110\/niklas-frank\" target=\"_blank\" rel=\"noreferrer noopener\">Niklas Frank<\/a>, geb. 1939, war \u00fcber zwei Jahrzehnte Reporter beim <a href=\"https:\/\/www.stern.de\/\" target=\"_blank\" rel=\"noreferrer noopener\">STERN<\/a> und vollendete nach zwei B\u00fcchern gegen seine Eltern (\u00bbDer Vater\u00ab und \u00bbMeine deutsche Mutter\u00ab) mit \u00bb<a href=\"https:\/\/dietz-verlag.de\/isbn\/9783801204389\/Bruder-Norman-Niklas-Frank\" target=\"_blank\" rel=\"noreferrer noopener\">Bruder Norman!<\/a>\u00ab eine schonungslose Trilogie \u00fcber seine Familie, die dank Hitler aufstieg. Im SPIEGEL-Bestseller \u00bb<a href=\"https:\/\/dietz-verlag.de\/isbn\/9783801204051\/Dunkle-Seele-Feiges-Maul-Wie-skandaloes-und-komisch-sich-die-Deutschen-beim-Entnazifizieren-reinwaschen-Niklas-Frank\" target=\"_blank\" rel=\"noreferrer noopener\">dunkle Seele, feiges Maul<\/a>\u00ab setzte er sich mit der Entnazifizierung auseinander. In \u00bb<a href=\"https:\/\/dietz-verlag.de\/isbn\/9783801205669\/Auf-in-die-Diktatur-Die-Auferstehung-meines-Nazi-Vaters-in-der-deutschen-Gesellschaft-Ein-Wutanfall-von-Niklas-Frank-Niklas-Frank\" target=\"_blank\" rel=\"noreferrer noopener\">Auf in die Diktatur<\/a>\u00ab zieht er erschreckende Parallelen im Verhalten und in der Rhetorik heutiger Politiker zur NS-Zeit.<\/p>\n","protected":false},"excerpt":{"rendered":"<p>Niklas Frank ist der Sohn von Hans Frank, Hitlers \u00bbGeneralgouverneur\u00ab im besetzten Polen. Im Podcast \u00bbDietz &amp; Das\u00ab liest er aus seinem Buch \u00bbAuf in die Diktatur! Die Auferstehung meines Nazi-Vaters in der deutschen Gesellschaft\u00ab, das Parallelen zur NS-Zeit in der heutigen Gesellschaft aufsp\u00fcrt. Die Diagnose: Der Hass, die Empathielosigkeit und der menschenverachtende Humor der [&hellip;]<\/p>\n","protected":false},"author":2,"featured_media":2129,"comment_status":"closed","ping_status":"open","sticky":false,"template":"","format":"standard","meta":{"footnotes":""},"categories":[31],"tags":[264,349,218,351,352,347,354,18,17,32,19,348,35,353,350],"post_flags":[],"class_list":["post-2141","post","type-post","status-publish","format-standard","has-post-thumbnail","hentry","category-podcast-politik-und-gesellschaft","tag-afd","tag-auf-in-die-diktatur","tag-deutschland","tag-dietz-das","tag-dietz-verlag","tag-diktatur","tag-gauland","tag-hans-frank","tag-nationalsozialismus","tag-nazi","tag-niklas-frank","tag-ns","tag-podcast","tag-von-storch","tag-wut"],"acf":[],"yoast_head":"<!-- This site is optimized with the Yoast SEO plugin v27.5 - https:\/\/yoast.com\/product\/yoast-seo-wordpress\/ -->\n<title>Niklas Frank im Podcast \u00bbDietz &amp; Das\u00ab - Dietz Verlag Blog<\/title>\n<meta name=\"description\" content=\"Niklas Frank, Sohn eines Nazi-Verbrechers, im Gespr\u00e4ch \u00fcber Parallelen zur NS-Zeit in der heutigen Gesellschaft.\" \/>\n<meta name=\"robots\" content=\"index, follow, max-snippet:-1, max-image-preview:large, max-video-preview:-1\" \/>\n<link rel=\"canonical\" href=\"https:\/\/dietz-verlag.de\/blog\/niklas-frank-im-podcast-dietz-das\/\" \/>\n<meta property=\"og:locale\" content=\"de_DE\" \/>\n<meta property=\"og:type\" content=\"article\" \/>\n<meta property=\"og:title\" content=\"Niklas Frank im Podcast \u00bbDietz &amp; Das\u00ab - Dietz Verlag Blog\" \/>\n<meta property=\"og:description\" content=\"Niklas Frank, Sohn eines Nazi-Verbrechers, im Gespr\u00e4ch \u00fcber Parallelen zur NS-Zeit in der heutigen Gesellschaft.\" \/>\n<meta property=\"og:url\" content=\"https:\/\/dietz-verlag.de\/blog\/niklas-frank-im-podcast-dietz-das\/\" \/>\n<meta property=\"og:site_name\" content=\"Dietz Verlag Blog\" \/>\n<meta property=\"article:published_time\" content=\"2022-03-08T08:05:13+00:00\" \/>\n<meta property=\"article:modified_time\" content=\"2022-03-08T13:01:46+00:00\" \/>\n<meta property=\"og:image\" content=\"https:\/\/dietz-verlag.de\/blog\/wp-content\/uploads\/2022\/02\/Podcast_Frank_Wut.webp\" \/>\n\t<meta property=\"og:image:width\" content=\"1867\" \/>\n\t<meta property=\"og:image:height\" content=\"933\" \/>\n\t<meta property=\"og:image:type\" content=\"image\/webp\" \/>\n<meta name=\"author\" content=\"Oh\" \/>\n<meta name=\"twitter:card\" content=\"summary_large_image\" \/>\n<meta name=\"twitter:label1\" content=\"Verfasst von\" \/>\n\t<meta name=\"twitter:data1\" content=\"Oh\" \/>\n\t<meta name=\"twitter:label2\" content=\"Gesch\u00e4tzte Lesezeit\" \/>\n\t<meta name=\"twitter:data2\" content=\"2\u00a0Minuten\" \/>\n<script type=\"application\/ld+json\" class=\"yoast-schema-graph\">{\"@context\":\"https:\\\/\\\/schema.org\",\"@graph\":[{\"@type\":\"Article\",\"@id\":\"https:\\\/\\\/dietz-verlag.de\\\/blog\\\/niklas-frank-im-podcast-dietz-das\\\/#article\",\"isPartOf\":{\"@id\":\"https:\\\/\\\/dietz-verlag.de\\\/blog\\\/niklas-frank-im-podcast-dietz-das\\\/\"},\"author\":{\"name\":\"Oh\",\"@id\":\"https:\\\/\\\/dietz-verlag.de\\\/blog\\\/#\\\/schema\\\/person\\\/7cd2cd668cf616f5c70cd54974dd6de3\"},\"headline\":\"Niklas Frank im Podcast \u00bbDietz &#038; Das\u00ab\",\"datePublished\":\"2022-03-08T08:05:13+00:00\",\"dateModified\":\"2022-03-08T13:01:46+00:00\",\"mainEntityOfPage\":{\"@id\":\"https:\\\/\\\/dietz-verlag.de\\\/blog\\\/niklas-frank-im-podcast-dietz-das\\\/\"},\"wordCount\":414,\"image\":{\"@id\":\"https:\\\/\\\/dietz-verlag.de\\\/blog\\\/niklas-frank-im-podcast-dietz-das\\\/#primaryimage\"},\"thumbnailUrl\":\"https:\\\/\\\/dietz-verlag.de\\\/blog\\\/wp-content\\\/uploads\\\/2022\\\/02\\\/Podcast_Frank_Wut.webp\",\"keywords\":[\"AfD\",\"Auf in die Diktatur\",\"Deutschland\",\"Dietz &amp; Das\",\"Dietz Verlag\",\"Diktatur\",\"Gauland\",\"Hans Frank\",\"Nationalsozialismus\",\"Nazi\",\"Niklas Frank\",\"NS\",\"Podcast\",\"von Storch\",\"Wut\"],\"articleSection\":[\"Podcast \u00bbDietz &amp; Das\u00ab\"],\"inLanguage\":\"de\"},{\"@type\":\"WebPage\",\"@id\":\"https:\\\/\\\/dietz-verlag.de\\\/blog\\\/niklas-frank-im-podcast-dietz-das\\\/\",\"url\":\"https:\\\/\\\/dietz-verlag.de\\\/blog\\\/niklas-frank-im-podcast-dietz-das\\\/\",\"name\":\"Niklas Frank im Podcast \u00bbDietz & Das\u00ab - Dietz Verlag Blog\",\"isPartOf\":{\"@id\":\"https:\\\/\\\/dietz-verlag.de\\\/blog\\\/#website\"},\"primaryImageOfPage\":{\"@id\":\"https:\\\/\\\/dietz-verlag.de\\\/blog\\\/niklas-frank-im-podcast-dietz-das\\\/#primaryimage\"},\"image\":{\"@id\":\"https:\\\/\\\/dietz-verlag.de\\\/blog\\\/niklas-frank-im-podcast-dietz-das\\\/#primaryimage\"},\"thumbnailUrl\":\"https:\\\/\\\/dietz-verlag.de\\\/blog\\\/wp-content\\\/uploads\\\/2022\\\/02\\\/Podcast_Frank_Wut.webp\",\"datePublished\":\"2022-03-08T08:05:13+00:00\",\"dateModified\":\"2022-03-08T13:01:46+00:00\",\"author\":{\"@id\":\"https:\\\/\\\/dietz-verlag.de\\\/blog\\\/#\\\/schema\\\/person\\\/7cd2cd668cf616f5c70cd54974dd6de3\"},\"description\":\"Niklas Frank, Sohn eines Nazi-Verbrechers, im Gespr\u00e4ch \u00fcber Parallelen zur NS-Zeit in der heutigen Gesellschaft.\",\"breadcrumb\":{\"@id\":\"https:\\\/\\\/dietz-verlag.de\\\/blog\\\/niklas-frank-im-podcast-dietz-das\\\/#breadcrumb\"},\"inLanguage\":\"de\",\"potentialAction\":[{\"@type\":\"ReadAction\",\"target\":[\"https:\\\/\\\/dietz-verlag.de\\\/blog\\\/niklas-frank-im-podcast-dietz-das\\\/\"]}]},{\"@type\":\"ImageObject\",\"inLanguage\":\"de\",\"@id\":\"https:\\\/\\\/dietz-verlag.de\\\/blog\\\/niklas-frank-im-podcast-dietz-das\\\/#primaryimage\",\"url\":\"https:\\\/\\\/dietz-verlag.de\\\/blog\\\/wp-content\\\/uploads\\\/2022\\\/02\\\/Podcast_Frank_Wut.webp\",\"contentUrl\":\"https:\\\/\\\/dietz-verlag.de\\\/blog\\\/wp-content\\\/uploads\\\/2022\\\/02\\\/Podcast_Frank_Wut.webp\",\"width\":1867,\"height\":933,\"caption\":\"Niklas Frank und sein Buch \\\"Auf in die Diktatur\\\"!\"},{\"@type\":\"BreadcrumbList\",\"@id\":\"https:\\\/\\\/dietz-verlag.de\\\/blog\\\/niklas-frank-im-podcast-dietz-das\\\/#breadcrumb\",\"itemListElement\":[{\"@type\":\"ListItem\",\"position\":1,\"name\":\"Startseite\",\"item\":\"https:\\\/\\\/dietz-verlag.de\\\/blog\\\/\"},{\"@type\":\"ListItem\",\"position\":2,\"name\":\"Niklas Frank im Podcast \u00bbDietz &#038; Das\u00ab\"}]},{\"@type\":\"WebSite\",\"@id\":\"https:\\\/\\\/dietz-verlag.de\\\/blog\\\/#website\",\"url\":\"https:\\\/\\\/dietz-verlag.de\\\/blog\\\/\",\"name\":\"Dietz Verlag Blog\",\"description\":\"Politik, Gesellschaft und Geschichte\",\"potentialAction\":[{\"@type\":\"SearchAction\",\"target\":{\"@type\":\"EntryPoint\",\"urlTemplate\":\"https:\\\/\\\/dietz-verlag.de\\\/blog\\\/?s={search_term_string}\"},\"query-input\":{\"@type\":\"PropertyValueSpecification\",\"valueRequired\":true,\"valueName\":\"search_term_string\"}}],\"inLanguage\":\"de\"},{\"@type\":\"Person\",\"@id\":\"https:\\\/\\\/dietz-verlag.de\\\/blog\\\/#\\\/schema\\\/person\\\/7cd2cd668cf616f5c70cd54974dd6de3\",\"name\":\"Oh\",\"image\":{\"@type\":\"ImageObject\",\"inLanguage\":\"de\",\"@id\":\"https:\\\/\\\/secure.gravatar.com\\\/avatar\\\/2753eb960a803d4b6c0fc295b07ad7ef2d5937b5e4e3f79504212153daa57c3d?s=96&d=mm&r=g\",\"url\":\"https:\\\/\\\/secure.gravatar.com\\\/avatar\\\/2753eb960a803d4b6c0fc295b07ad7ef2d5937b5e4e3f79504212153daa57c3d?s=96&d=mm&r=g\",\"contentUrl\":\"https:\\\/\\\/secure.gravatar.com\\\/avatar\\\/2753eb960a803d4b6c0fc295b07ad7ef2d5937b5e4e3f79504212153daa57c3d?s=96&d=mm&r=g\",\"caption\":\"Oh\"},\"sameAs\":[\"http:\\\/\\\/dietz-verlag.de\"],\"url\":\"https:\\\/\\\/dietz-verlag.de\\\/blog\\\/author\\\/barbaraoh\\\/\"}]}<\/script>\n<!-- \/ Yoast SEO plugin. -->","yoast_head_json":{"title":"Niklas Frank im Podcast \u00bbDietz & Das\u00ab - Dietz Verlag Blog","description":"Niklas Frank, Sohn eines Nazi-Verbrechers, im Gespr\u00e4ch \u00fcber Parallelen zur NS-Zeit in der heutigen Gesellschaft.","robots":{"index":"index","follow":"follow","max-snippet":"max-snippet:-1","max-image-preview":"max-image-preview:large","max-video-preview":"max-video-preview:-1"},"canonical":"https:\/\/dietz-verlag.de\/blog\/niklas-frank-im-podcast-dietz-das\/","og_locale":"de_DE","og_type":"article","og_title":"Niklas Frank im Podcast \u00bbDietz & Das\u00ab - Dietz Verlag Blog","og_description":"Niklas Frank, Sohn eines Nazi-Verbrechers, im Gespr\u00e4ch \u00fcber Parallelen zur NS-Zeit in der heutigen Gesellschaft.","og_url":"https:\/\/dietz-verlag.de\/blog\/niklas-frank-im-podcast-dietz-das\/","og_site_name":"Dietz Verlag Blog","article_published_time":"2022-03-08T08:05:13+00:00","article_modified_time":"2022-03-08T13:01:46+00:00","og_image":[{"width":1867,"height":933,"url":"https:\/\/dietz-verlag.de\/blog\/wp-content\/uploads\/2022\/02\/Podcast_Frank_Wut.webp","type":"image\/webp"}],"author":"Oh","twitter_card":"summary_large_image","twitter_misc":{"Verfasst von":"Oh","Gesch\u00e4tzte Lesezeit":"2\u00a0Minuten"},"schema":{"@context":"https:\/\/schema.org","@graph":[{"@type":"Article","@id":"https:\/\/dietz-verlag.de\/blog\/niklas-frank-im-podcast-dietz-das\/#article","isPartOf":{"@id":"https:\/\/dietz-verlag.de\/blog\/niklas-frank-im-podcast-dietz-das\/"},"author":{"name":"Oh","@id":"https:\/\/dietz-verlag.de\/blog\/#\/schema\/person\/7cd2cd668cf616f5c70cd54974dd6de3"},"headline":"Niklas Frank im Podcast \u00bbDietz &#038; Das\u00ab","datePublished":"2022-03-08T08:05:13+00:00","dateModified":"2022-03-08T13:01:46+00:00","mainEntityOfPage":{"@id":"https:\/\/dietz-verlag.de\/blog\/niklas-frank-im-podcast-dietz-das\/"},"wordCount":414,"image":{"@id":"https:\/\/dietz-verlag.de\/blog\/niklas-frank-im-podcast-dietz-das\/#primaryimage"},"thumbnailUrl":"https:\/\/dietz-verlag.de\/blog\/wp-content\/uploads\/2022\/02\/Podcast_Frank_Wut.webp","keywords":["AfD","Auf in die Diktatur","Deutschland","Dietz &amp; Das","Dietz Verlag","Diktatur","Gauland","Hans Frank","Nationalsozialismus","Nazi","Niklas Frank","NS","Podcast","von Storch","Wut"],"articleSection":["Podcast \u00bbDietz &amp; Das\u00ab"],"inLanguage":"de"},{"@type":"WebPage","@id":"https:\/\/dietz-verlag.de\/blog\/niklas-frank-im-podcast-dietz-das\/","url":"https:\/\/dietz-verlag.de\/blog\/niklas-frank-im-podcast-dietz-das\/","name":"Niklas Frank im Podcast \u00bbDietz & Das\u00ab - Dietz Verlag Blog","isPartOf":{"@id":"https:\/\/dietz-verlag.de\/blog\/#website"},"primaryImageOfPage":{"@id":"https:\/\/dietz-verlag.de\/blog\/niklas-frank-im-podcast-dietz-das\/#primaryimage"},"image":{"@id":"https:\/\/dietz-verlag.de\/blog\/niklas-frank-im-podcast-dietz-das\/#primaryimage"},"thumbnailUrl":"https:\/\/dietz-verlag.de\/blog\/wp-content\/uploads\/2022\/02\/Podcast_Frank_Wut.webp","datePublished":"2022-03-08T08:05:13+00:00","dateModified":"2022-03-08T13:01:46+00:00","author":{"@id":"https:\/\/dietz-verlag.de\/blog\/#\/schema\/person\/7cd2cd668cf616f5c70cd54974dd6de3"},"description":"Niklas Frank, Sohn eines Nazi-Verbrechers, im Gespr\u00e4ch \u00fcber Parallelen zur NS-Zeit in der heutigen Gesellschaft.","breadcrumb":{"@id":"https:\/\/dietz-verlag.de\/blog\/niklas-frank-im-podcast-dietz-das\/#breadcrumb"},"inLanguage":"de","potentialAction":[{"@type":"ReadAction","target":["https:\/\/dietz-verlag.de\/blog\/niklas-frank-im-podcast-dietz-das\/"]}]},{"@type":"ImageObject","inLanguage":"de","@id":"https:\/\/dietz-verlag.de\/blog\/niklas-frank-im-podcast-dietz-das\/#primaryimage","url":"https:\/\/dietz-verlag.de\/blog\/wp-content\/uploads\/2022\/02\/Podcast_Frank_Wut.webp","contentUrl":"https:\/\/dietz-verlag.de\/blog\/wp-content\/uploads\/2022\/02\/Podcast_Frank_Wut.webp","width":1867,"height":933,"caption":"Niklas Frank und sein Buch \"Auf in die Diktatur\"!"},{"@type":"BreadcrumbList","@id":"https:\/\/dietz-verlag.de\/blog\/niklas-frank-im-podcast-dietz-das\/#breadcrumb","itemListElement":[{"@type":"ListItem","position":1,"name":"Startseite","item":"https:\/\/dietz-verlag.de\/blog\/"},{"@type":"ListItem","position":2,"name":"Niklas Frank im Podcast \u00bbDietz &#038; Das\u00ab"}]},{"@type":"WebSite","@id":"https:\/\/dietz-verlag.de\/blog\/#website","url":"https:\/\/dietz-verlag.de\/blog\/","name":"Dietz Verlag Blog","description":"Politik, Gesellschaft und Geschichte","potentialAction":[{"@type":"SearchAction","target":{"@type":"EntryPoint","urlTemplate":"https:\/\/dietz-verlag.de\/blog\/?s={search_term_string}"},"query-input":{"@type":"PropertyValueSpecification","valueRequired":true,"valueName":"search_term_string"}}],"inLanguage":"de"},{"@type":"Person","@id":"https:\/\/dietz-verlag.de\/blog\/#\/schema\/person\/7cd2cd668cf616f5c70cd54974dd6de3","name":"Oh","image":{"@type":"ImageObject","inLanguage":"de","@id":"https:\/\/secure.gravatar.com\/avatar\/2753eb960a803d4b6c0fc295b07ad7ef2d5937b5e4e3f79504212153daa57c3d?s=96&d=mm&r=g","url":"https:\/\/secure.gravatar.com\/avatar\/2753eb960a803d4b6c0fc295b07ad7ef2d5937b5e4e3f79504212153daa57c3d?s=96&d=mm&r=g","contentUrl":"https:\/\/secure.gravatar.com\/avatar\/2753eb960a803d4b6c0fc295b07ad7ef2d5937b5e4e3f79504212153daa57c3d?s=96&d=mm&r=g","caption":"Oh"},"sameAs":["http:\/\/dietz-verlag.de"],"url":"https:\/\/dietz-verlag.de\/blog\/author\/barbaraoh\/"}]}},"_links":{"self":[{"href":"https:\/\/dietz-verlag.de\/blog\/wp-json\/wp\/v2\/posts\/2141","targetHints":{"allow":["GET"]}}],"collection":[{"href":"https:\/\/dietz-verlag.de\/blog\/wp-json\/wp\/v2\/posts"}],"about":[{"href":"https:\/\/dietz-verlag.de\/blog\/wp-json\/wp\/v2\/types\/post"}],"author":[{"embeddable":true,"href":"https:\/\/dietz-verlag.de\/blog\/wp-json\/wp\/v2\/users\/2"}],"replies":[{"embeddable":true,"href":"https:\/\/dietz-verlag.de\/blog\/wp-json\/wp\/v2\/comments?post=2141"}],"version-history":[{"count":11,"href":"https:\/\/dietz-verlag.de\/blog\/wp-json\/wp\/v2\/posts\/2141\/revisions"}],"predecessor-version":[{"id":2176,"href":"https:\/\/dietz-verlag.de\/blog\/wp-json\/wp\/v2\/posts\/2141\/revisions\/2176"}],"wp:featuredmedia":[{"embeddable":true,"href":"https:\/\/dietz-verlag.de\/blog\/wp-json\/wp\/v2\/media\/2129"}],"wp:attachment":[{"href":"https:\/\/dietz-verlag.de\/blog\/wp-json\/wp\/v2\/media?parent=2141"}],"wp:term":[{"taxonomy":"category","embeddable":true,"href":"https:\/\/dietz-verlag.de\/blog\/wp-json\/wp\/v2\/categories?post=2141"},{"taxonomy":"post_tag","embeddable":true,"href":"https:\/\/dietz-verlag.de\/blog\/wp-json\/wp\/v2\/tags?post=2141"},{"taxonomy":"post_flag","embeddable":true,"href":"https:\/\/dietz-verlag.de\/blog\/wp-json\/wp\/v2\/post_flags?post=2141"}],"curies":[{"name":"wp","href":"https:\/\/api.w.org\/{rel}","templated":true}]}}