{"id":2060,"date":"2022-02-01T10:35:54","date_gmt":"2022-02-01T10:35:54","guid":{"rendered":"https:\/\/dietz-verlag.de\/blog\/?p=2060"},"modified":"2022-03-14T16:19:31","modified_gmt":"2022-03-14T16:19:31","slug":"kuenstliche-intelligenz-eine-bedrohung-fuer-die-demokratie-paul-nemitz-und-matthias-pfeffer-zu-gast-im-dietz-das-podcast","status":"publish","type":"post","link":"https:\/\/dietz-verlag.de\/blog\/kuenstliche-intelligenz-eine-bedrohung-fuer-die-demokratie-paul-nemitz-und-matthias-pfeffer-zu-gast-im-dietz-das-podcast\/","title":{"rendered":"K\u00fcnstliche Intelligenz \u2013 eine Bedrohung f\u00fcr die Demokratie? \u2013 Paul Nemitz und Matthias Pfeffer zu Gast im \u00bbDietz &#038; Das\u00ab Podcast"},"content":{"rendered":"\n<p>Stellt K\u00fcnstliche Intelligenz eine Bedrohung f\u00fcr unsere Demokratie dar? Dieser Frage gehen Paul Nemitz und Matthias Pfeffer in ihrem Buch \u00bb<a href=\"https:\/\/dietz-verlag.de\/isbn\/9783801205652\/Prinzip-Mensch-Macht-Freiheit-und-Demokratie-im-Zeitalter-der-Kuenstlichen-Intelligenz-Paul-Nemitz-Matthias-Pfeffer\">Prinzip Mensch. Macht, Freiheit und Demokratie im Zeitalter der K\u00fcnstlichen Intelligenz<\/a>\u00ab  nach. Im Podcast \u00bb<a href=\"https:\/\/dietz-verlag.de\/podcast-dietzunddas.htm\" target=\"_blank\" rel=\"noreferrer noopener\">Dietz &amp; Das<\/a>\u00ab diskutieren sie mit der Philosophin Professor <a href=\"https:\/\/www.uni-goettingen.de\/de\/misselhorn%2c+catrin+prof.+dr.\/605428.html\">Catrin Misselhorn<\/a> \u00fcber die Ethik von Sexrobotern, Emotionserkennung durch Maschinen und den gesellschaftlichen und politischen Umgang mit diesen k\u00fcnstlichen Intelligenzen. <\/p>\n\n\n\n<h4 class=\"wp-block-heading\" id=\"kunstliche-intelligenz-eine-bedrohung-fur-die-demokratie\">K\u00fcnstliche Intelligenz \u2013 eine Bedrohung f\u00fcr die Demokratie? <\/h4>\n\n\n\n<p>Mensch oder Algorithmus \u2013 Wer entscheidet im Zeitalter K\u00fcnstlicher Intelligenz \u00fcber unsere Zukunft? \u00dcberw\u00e4ltigend gro\u00df ist schon jetzt die Macht der digitalen Konzerne im Silicon Valley und damit die Bedrohung f\u00fcr Demokratie und Freiheit. Sie locken uns in eine Bequemlichkeitsfalle und untergraben individuelle Freiheit, Rechtsstaat und Demokratie. Paul Nemitz und Matthias Pfeffer zeigen eindr\u00fccklich, wie die derzeitigen Versuche ethischer Regulierung von K\u00fcnstlicher Intelligenz zu kurz greifen. Sie bieten eine genaue Analyse und legen dabei den Schwerpunkt auf die Rolle der \u00d6ffentlichkeit und die Gef\u00e4hrdung des Journalismus in digitalen Zeiten. <\/p>\n\n\n\n<h4 class=\"wp-block-heading\" id=\"prinzip-mensch-statt-prinzip-maschine\">Prinzip Mensch statt Prinzip Maschine<\/h4>\n\n\n\n<p>Nemitz und Pfeffer fordern die strikte Regulierung K\u00fcnstlicher Intelligenz und eine Neubesinnung auf das Prinzip Mensch, das gegen das Prinzip Maschine verteidigt werden muss. Ihr Buch schlie\u00dft mit klaren Handlungsempfehlungen an Politik, Zivilgesellschaft und insbesondere an die technische Intelligenz. Ihr Wissen wird dringend gebraucht, wenn wir dem Zangengriff von Technologie und Populismus auf die Demokratie entgehen wollen. Denn K\u00fcnstliche Intelligenz darf nicht m\u00e4chtiger werden als der Mensch. <\/p>\n\n\n\n<p>Das Buch \u00bbPrinzip Mensch\u00ab schaffte es auf die Shortlist \u00bb<a href=\"https:\/\/www.fes.de\/preis-das-politische-buch\/\" target=\"_blank\" rel=\"noreferrer noopener\">Das Politische Buch<\/a>\u00ab der Friedrich-Ebert-Stiftung der besonders empfehlenswerten B\u00fccher 2021.<\/p>\n\n\n\n<h4 class=\"wp-block-heading\" id=\"hier-das-podcast-gesprach-anhoren-1\"><a href=\"https:\/\/dietz-verlag.de\/isbn\/9783801205652\/Prinzip-Mensch-Macht-Freiheit-und-Demokratie-im-Zeitalter-der-Kuenstlichen-Intelligenz-Paul-Nemitz-Matthias-Pfeffer#tab-podcasts\">Hier das Podcast-Gespr\u00e4ch anh\u00f6ren!<\/a> <\/h4>\n\n\n\n<p>\u00bb<a href=\"https:\/\/dietz-verlag.de\/podcast-dietzunddas.htm\" target=\"_blank\" rel=\"noreferrer noopener\">Dietz &amp; Das<\/a>\u00ab \u2013 so hei\u00dft unser Podcast zu Politik, Gesellschaft und Geschichte. Autor*innen aus dem Dietz-Verlag stellen hier ihre neuen B\u00fccher vor und sprechen \u00fcber politische und gesellschaftliche Themen \u2013 informativ, unterhaltsam, inspirierend. Jeden ersten Freitag im Monat gibt es eine neue Folge: spannende, offene Diskussionen und neue Sichtweisen von unterschiedlichen Expert*innen f\u00fcr alle, die sich eine differenzierte Meinung bilden wollen. \u00bbDietz &amp; Das\u00ab ist auf unserer&nbsp;<a href=\"https:\/\/dietz-verlag.de\/podcast-dietzunddas.htm\" target=\"_blank\" rel=\"noreferrer noopener\">Website<\/a>&nbsp;und auf allen Podcast-Plattformen abrufbar.<\/p>\n\n\n\n<h4 class=\"wp-block-heading\" id=\"hier-das-podcast-gesprach-anhoren\"><a href=\"https:\/\/dietz-verlag.de\/podcast-dietzunddas.htm\">Hier das Podcast-Gespr\u00e4ch anh\u00f6ren!<\/a><\/h4>\n\n\n\n<p><strong><a href=\"https:\/\/dietz-verlag.de\/autor\/2279\/paul-nemitz\">Paul Nemitz<\/a><\/strong>, geboren 1962, ist <a href=\"https:\/\/www.quadriga-hochschule.com\/personen\/paul-nemitz-european-commission-111783\/\">Hauptberater in der EU-Kommission, Generaldirektion Justiz und Verbraucherschutz<\/a>. Als Direktor f\u00fcr Grundrechte in der EU-Kommission war er verantwortlich f\u00fcr die Arbeiten zur Einf\u00fchrung der EU-Datenschutzgrundverordnung, die NSA \u00bbSnowden\u00ab-Ermittlung und die Verhandlung des EU-US Privacy Shield. Mitglied der Datenethikkommission der Bundesregierung und des Global Council on Extended Intelligence des MIT und der US-Ingenieursvereinigung IEEE. Nemitz lebt in Br\u00fcssel.<\/p>\n\n\n\n<p><strong><a href=\"https:\/\/dietz-verlag.de\/autor\/2280\/matthias-pfeffer\">Matthias Pfeffer<\/a><\/strong>, geboren 1961, ist freier TV-Journalist, Produzent und Philosoph. Er war 20 Jahre lang Gesch\u00e4ftsf\u00fchrer und Chefredakteur von FOCUS TV und hat zahllose TV-Formate entwickelt sowie produziert. \u00dcber viele Jahre hat er sich mit KI befasst und dar\u00fcber geschrieben. Pfeffer lebt in Berlin und in M\u00fcnchen.<\/p>\n","protected":false},"excerpt":{"rendered":"<p>Stellt K\u00fcnstliche Intelligenz eine Bedrohung f\u00fcr unsere Demokratie dar? Dieser Frage gehen Paul Nemitz und Matthias Pfeffer in ihrem Buch \u00bbPrinzip Mensch. Macht, Freiheit und Demokratie im Zeitalter der K\u00fcnstlichen Intelligenz\u00ab nach. Im Podcast \u00bbDietz &amp; Das\u00ab diskutieren sie mit der Philosophin Professor Catrin Misselhorn \u00fcber die Ethik von Sexrobotern, Emotionserkennung durch Maschinen und den [&hellip;]<\/p>\n","protected":false},"author":2,"featured_media":2045,"comment_status":"closed","ping_status":"open","sticky":false,"template":"","format":"standard","meta":{"footnotes":""},"categories":[31],"tags":[273,272,276,65,275,280,39,277,278,279],"post_flags":[],"class_list":["post-2060","post","type-post","status-publish","format-standard","has-post-thumbnail","hentry","category-podcast-politik-und-gesellschaft","tag-algorithmen","tag-algorithmus","tag-catrin-misselhorn","tag-demokratiegefaehrdung","tag-emotionserkennung","tag-ethik","tag-freiheit","tag-ki","tag-ki-und-demokratie","tag-silicon-valley-und-demokratie"],"acf":[],"yoast_head":"<!-- This site is optimized with the Yoast SEO plugin v27.5 - https:\/\/yoast.com\/product\/yoast-seo-wordpress\/ -->\n<title>K\u00fcnstliche Intelligenz \u2013 eine Bedrohung f\u00fcr die Demokratie? \u2013 Paul Nemitz und Matthias Pfeffer zu Gast im \u00bbDietz &amp; Das\u00ab Podcast - Dietz Verlag Blog<\/title>\n<meta name=\"description\" content=\"Die Autoren Paul Nemitz und Matthias Pfeffer im Podcast-Gespr\u00e4ch mit Catrin Misselhorn \u00fcber die Gefahren von K\u00fcnstlicher Intelligenz, Sexroboter und Algorithmen.\" \/>\n<meta name=\"robots\" content=\"index, follow, max-snippet:-1, max-image-preview:large, max-video-preview:-1\" \/>\n<link rel=\"canonical\" href=\"https:\/\/dietz-verlag.de\/blog\/kuenstliche-intelligenz-eine-bedrohung-fuer-die-demokratie-paul-nemitz-und-matthias-pfeffer-zu-gast-im-dietz-das-podcast\/\" \/>\n<meta property=\"og:locale\" content=\"de_DE\" \/>\n<meta property=\"og:type\" content=\"article\" \/>\n<meta property=\"og:title\" content=\"K\u00fcnstliche Intelligenz \u2013 eine Bedrohung f\u00fcr die Demokratie? \u2013 Paul Nemitz und Matthias Pfeffer zu Gast im \u00bbDietz &amp; Das\u00ab Podcast - Dietz Verlag Blog\" \/>\n<meta property=\"og:description\" content=\"Die Autoren Paul Nemitz und Matthias Pfeffer im Podcast-Gespr\u00e4ch mit Catrin Misselhorn \u00fcber die Gefahren von K\u00fcnstlicher Intelligenz, Sexroboter und Algorithmen.\" \/>\n<meta property=\"og:url\" content=\"https:\/\/dietz-verlag.de\/blog\/kuenstliche-intelligenz-eine-bedrohung-fuer-die-demokratie-paul-nemitz-und-matthias-pfeffer-zu-gast-im-dietz-das-podcast\/\" \/>\n<meta property=\"og:site_name\" content=\"Dietz Verlag Blog\" \/>\n<meta property=\"article:published_time\" content=\"2022-02-01T10:35:54+00:00\" \/>\n<meta property=\"article:modified_time\" content=\"2022-03-14T16:19:31+00:00\" \/>\n<meta property=\"og:image\" content=\"https:\/\/dietz-verlag.de\/blog\/wp-content\/uploads\/2022\/01\/Podcast-Nemitz-Pfeffer_1.webp\" \/>\n\t<meta property=\"og:image:width\" content=\"1867\" \/>\n\t<meta property=\"og:image:height\" content=\"933\" \/>\n\t<meta property=\"og:image:type\" content=\"image\/webp\" \/>\n<meta name=\"author\" content=\"Oh\" \/>\n<meta name=\"twitter:card\" content=\"summary_large_image\" \/>\n<meta name=\"twitter:label1\" content=\"Verfasst von\" \/>\n\t<meta name=\"twitter:data1\" content=\"Oh\" \/>\n\t<meta name=\"twitter:label2\" content=\"Gesch\u00e4tzte Lesezeit\" \/>\n\t<meta name=\"twitter:data2\" content=\"2\u00a0Minuten\" \/>\n<script type=\"application\/ld+json\" class=\"yoast-schema-graph\">{\"@context\":\"https:\\\/\\\/schema.org\",\"@graph\":[{\"@type\":\"Article\",\"@id\":\"https:\\\/\\\/dietz-verlag.de\\\/blog\\\/kuenstliche-intelligenz-eine-bedrohung-fuer-die-demokratie-paul-nemitz-und-matthias-pfeffer-zu-gast-im-dietz-das-podcast\\\/#article\",\"isPartOf\":{\"@id\":\"https:\\\/\\\/dietz-verlag.de\\\/blog\\\/kuenstliche-intelligenz-eine-bedrohung-fuer-die-demokratie-paul-nemitz-und-matthias-pfeffer-zu-gast-im-dietz-das-podcast\\\/\"},\"author\":{\"name\":\"Oh\",\"@id\":\"https:\\\/\\\/dietz-verlag.de\\\/blog\\\/#\\\/schema\\\/person\\\/7cd2cd668cf616f5c70cd54974dd6de3\"},\"headline\":\"K\u00fcnstliche Intelligenz \u2013 eine Bedrohung f\u00fcr die Demokratie? \u2013 Paul Nemitz und Matthias Pfeffer zu Gast im \u00bbDietz &#038; Das\u00ab Podcast\",\"datePublished\":\"2022-02-01T10:35:54+00:00\",\"dateModified\":\"2022-03-14T16:19:31+00:00\",\"mainEntityOfPage\":{\"@id\":\"https:\\\/\\\/dietz-verlag.de\\\/blog\\\/kuenstliche-intelligenz-eine-bedrohung-fuer-die-demokratie-paul-nemitz-und-matthias-pfeffer-zu-gast-im-dietz-das-podcast\\\/\"},\"wordCount\":491,\"image\":{\"@id\":\"https:\\\/\\\/dietz-verlag.de\\\/blog\\\/kuenstliche-intelligenz-eine-bedrohung-fuer-die-demokratie-paul-nemitz-und-matthias-pfeffer-zu-gast-im-dietz-das-podcast\\\/#primaryimage\"},\"thumbnailUrl\":\"https:\\\/\\\/dietz-verlag.de\\\/blog\\\/wp-content\\\/uploads\\\/2022\\\/01\\\/Podcast-Nemitz-Pfeffer_1.webp\",\"keywords\":[\"Algorithmen\",\"Algorithmus\",\"Catrin Misselhorn\",\"Demokratiegef\u00e4hrdung\",\"Emotionserkennung\",\"Ethik\",\"Freiheit\",\"KI\",\"KI und Demokratie\",\"Silicon Valley und Demokratie\"],\"articleSection\":[\"Podcast \u00bbDietz &amp; Das\u00ab\"],\"inLanguage\":\"de\"},{\"@type\":\"WebPage\",\"@id\":\"https:\\\/\\\/dietz-verlag.de\\\/blog\\\/kuenstliche-intelligenz-eine-bedrohung-fuer-die-demokratie-paul-nemitz-und-matthias-pfeffer-zu-gast-im-dietz-das-podcast\\\/\",\"url\":\"https:\\\/\\\/dietz-verlag.de\\\/blog\\\/kuenstliche-intelligenz-eine-bedrohung-fuer-die-demokratie-paul-nemitz-und-matthias-pfeffer-zu-gast-im-dietz-das-podcast\\\/\",\"name\":\"K\u00fcnstliche Intelligenz \u2013 eine Bedrohung f\u00fcr die Demokratie? \u2013 Paul Nemitz und Matthias Pfeffer zu Gast im \u00bbDietz & Das\u00ab Podcast - Dietz Verlag Blog\",\"isPartOf\":{\"@id\":\"https:\\\/\\\/dietz-verlag.de\\\/blog\\\/#website\"},\"primaryImageOfPage\":{\"@id\":\"https:\\\/\\\/dietz-verlag.de\\\/blog\\\/kuenstliche-intelligenz-eine-bedrohung-fuer-die-demokratie-paul-nemitz-und-matthias-pfeffer-zu-gast-im-dietz-das-podcast\\\/#primaryimage\"},\"image\":{\"@id\":\"https:\\\/\\\/dietz-verlag.de\\\/blog\\\/kuenstliche-intelligenz-eine-bedrohung-fuer-die-demokratie-paul-nemitz-und-matthias-pfeffer-zu-gast-im-dietz-das-podcast\\\/#primaryimage\"},\"thumbnailUrl\":\"https:\\\/\\\/dietz-verlag.de\\\/blog\\\/wp-content\\\/uploads\\\/2022\\\/01\\\/Podcast-Nemitz-Pfeffer_1.webp\",\"datePublished\":\"2022-02-01T10:35:54+00:00\",\"dateModified\":\"2022-03-14T16:19:31+00:00\",\"author\":{\"@id\":\"https:\\\/\\\/dietz-verlag.de\\\/blog\\\/#\\\/schema\\\/person\\\/7cd2cd668cf616f5c70cd54974dd6de3\"},\"description\":\"Die Autoren Paul Nemitz und Matthias Pfeffer im Podcast-Gespr\u00e4ch mit Catrin Misselhorn \u00fcber die Gefahren von K\u00fcnstlicher Intelligenz, Sexroboter und Algorithmen.\",\"breadcrumb\":{\"@id\":\"https:\\\/\\\/dietz-verlag.de\\\/blog\\\/kuenstliche-intelligenz-eine-bedrohung-fuer-die-demokratie-paul-nemitz-und-matthias-pfeffer-zu-gast-im-dietz-das-podcast\\\/#breadcrumb\"},\"inLanguage\":\"de\",\"potentialAction\":[{\"@type\":\"ReadAction\",\"target\":[\"https:\\\/\\\/dietz-verlag.de\\\/blog\\\/kuenstliche-intelligenz-eine-bedrohung-fuer-die-demokratie-paul-nemitz-und-matthias-pfeffer-zu-gast-im-dietz-das-podcast\\\/\"]}]},{\"@type\":\"ImageObject\",\"inLanguage\":\"de\",\"@id\":\"https:\\\/\\\/dietz-verlag.de\\\/blog\\\/kuenstliche-intelligenz-eine-bedrohung-fuer-die-demokratie-paul-nemitz-und-matthias-pfeffer-zu-gast-im-dietz-das-podcast\\\/#primaryimage\",\"url\":\"https:\\\/\\\/dietz-verlag.de\\\/blog\\\/wp-content\\\/uploads\\\/2022\\\/01\\\/Podcast-Nemitz-Pfeffer_1.webp\",\"contentUrl\":\"https:\\\/\\\/dietz-verlag.de\\\/blog\\\/wp-content\\\/uploads\\\/2022\\\/01\\\/Podcast-Nemitz-Pfeffer_1.webp\",\"width\":1867,\"height\":933,\"caption\":\"Paul Nemitz und Matthias Pfeffer im Podcast \u00fcber das Buch \\\"Prinzip Mensch\\\"\"},{\"@type\":\"BreadcrumbList\",\"@id\":\"https:\\\/\\\/dietz-verlag.de\\\/blog\\\/kuenstliche-intelligenz-eine-bedrohung-fuer-die-demokratie-paul-nemitz-und-matthias-pfeffer-zu-gast-im-dietz-das-podcast\\\/#breadcrumb\",\"itemListElement\":[{\"@type\":\"ListItem\",\"position\":1,\"name\":\"Startseite\",\"item\":\"https:\\\/\\\/dietz-verlag.de\\\/blog\\\/\"},{\"@type\":\"ListItem\",\"position\":2,\"name\":\"K\u00fcnstliche Intelligenz \u2013 eine Bedrohung f\u00fcr die Demokratie? \u2013 Paul Nemitz und Matthias Pfeffer zu Gast im \u00bbDietz &#038; Das\u00ab Podcast\"}]},{\"@type\":\"WebSite\",\"@id\":\"https:\\\/\\\/dietz-verlag.de\\\/blog\\\/#website\",\"url\":\"https:\\\/\\\/dietz-verlag.de\\\/blog\\\/\",\"name\":\"Dietz Verlag Blog\",\"description\":\"Politik, Gesellschaft und Geschichte\",\"potentialAction\":[{\"@type\":\"SearchAction\",\"target\":{\"@type\":\"EntryPoint\",\"urlTemplate\":\"https:\\\/\\\/dietz-verlag.de\\\/blog\\\/?s={search_term_string}\"},\"query-input\":{\"@type\":\"PropertyValueSpecification\",\"valueRequired\":true,\"valueName\":\"search_term_string\"}}],\"inLanguage\":\"de\"},{\"@type\":\"Person\",\"@id\":\"https:\\\/\\\/dietz-verlag.de\\\/blog\\\/#\\\/schema\\\/person\\\/7cd2cd668cf616f5c70cd54974dd6de3\",\"name\":\"Oh\",\"image\":{\"@type\":\"ImageObject\",\"inLanguage\":\"de\",\"@id\":\"https:\\\/\\\/secure.gravatar.com\\\/avatar\\\/2753eb960a803d4b6c0fc295b07ad7ef2d5937b5e4e3f79504212153daa57c3d?s=96&d=mm&r=g\",\"url\":\"https:\\\/\\\/secure.gravatar.com\\\/avatar\\\/2753eb960a803d4b6c0fc295b07ad7ef2d5937b5e4e3f79504212153daa57c3d?s=96&d=mm&r=g\",\"contentUrl\":\"https:\\\/\\\/secure.gravatar.com\\\/avatar\\\/2753eb960a803d4b6c0fc295b07ad7ef2d5937b5e4e3f79504212153daa57c3d?s=96&d=mm&r=g\",\"caption\":\"Oh\"},\"sameAs\":[\"http:\\\/\\\/dietz-verlag.de\"],\"url\":\"https:\\\/\\\/dietz-verlag.de\\\/blog\\\/author\\\/barbaraoh\\\/\"}]}<\/script>\n<!-- \/ Yoast SEO plugin. -->","yoast_head_json":{"title":"K\u00fcnstliche Intelligenz \u2013 eine Bedrohung f\u00fcr die Demokratie? \u2013 Paul Nemitz und Matthias Pfeffer zu Gast im \u00bbDietz & Das\u00ab Podcast - Dietz Verlag Blog","description":"Die Autoren Paul Nemitz und Matthias Pfeffer im Podcast-Gespr\u00e4ch mit Catrin Misselhorn \u00fcber die Gefahren von K\u00fcnstlicher Intelligenz, Sexroboter und Algorithmen.","robots":{"index":"index","follow":"follow","max-snippet":"max-snippet:-1","max-image-preview":"max-image-preview:large","max-video-preview":"max-video-preview:-1"},"canonical":"https:\/\/dietz-verlag.de\/blog\/kuenstliche-intelligenz-eine-bedrohung-fuer-die-demokratie-paul-nemitz-und-matthias-pfeffer-zu-gast-im-dietz-das-podcast\/","og_locale":"de_DE","og_type":"article","og_title":"K\u00fcnstliche Intelligenz \u2013 eine Bedrohung f\u00fcr die Demokratie? \u2013 Paul Nemitz und Matthias Pfeffer zu Gast im \u00bbDietz & Das\u00ab Podcast - Dietz Verlag Blog","og_description":"Die Autoren Paul Nemitz und Matthias Pfeffer im Podcast-Gespr\u00e4ch mit Catrin Misselhorn \u00fcber die Gefahren von K\u00fcnstlicher Intelligenz, Sexroboter und Algorithmen.","og_url":"https:\/\/dietz-verlag.de\/blog\/kuenstliche-intelligenz-eine-bedrohung-fuer-die-demokratie-paul-nemitz-und-matthias-pfeffer-zu-gast-im-dietz-das-podcast\/","og_site_name":"Dietz Verlag Blog","article_published_time":"2022-02-01T10:35:54+00:00","article_modified_time":"2022-03-14T16:19:31+00:00","og_image":[{"width":1867,"height":933,"url":"https:\/\/dietz-verlag.de\/blog\/wp-content\/uploads\/2022\/01\/Podcast-Nemitz-Pfeffer_1.webp","type":"image\/webp"}],"author":"Oh","twitter_card":"summary_large_image","twitter_misc":{"Verfasst von":"Oh","Gesch\u00e4tzte Lesezeit":"2\u00a0Minuten"},"schema":{"@context":"https:\/\/schema.org","@graph":[{"@type":"Article","@id":"https:\/\/dietz-verlag.de\/blog\/kuenstliche-intelligenz-eine-bedrohung-fuer-die-demokratie-paul-nemitz-und-matthias-pfeffer-zu-gast-im-dietz-das-podcast\/#article","isPartOf":{"@id":"https:\/\/dietz-verlag.de\/blog\/kuenstliche-intelligenz-eine-bedrohung-fuer-die-demokratie-paul-nemitz-und-matthias-pfeffer-zu-gast-im-dietz-das-podcast\/"},"author":{"name":"Oh","@id":"https:\/\/dietz-verlag.de\/blog\/#\/schema\/person\/7cd2cd668cf616f5c70cd54974dd6de3"},"headline":"K\u00fcnstliche Intelligenz \u2013 eine Bedrohung f\u00fcr die Demokratie? \u2013 Paul Nemitz und Matthias Pfeffer zu Gast im \u00bbDietz &#038; Das\u00ab Podcast","datePublished":"2022-02-01T10:35:54+00:00","dateModified":"2022-03-14T16:19:31+00:00","mainEntityOfPage":{"@id":"https:\/\/dietz-verlag.de\/blog\/kuenstliche-intelligenz-eine-bedrohung-fuer-die-demokratie-paul-nemitz-und-matthias-pfeffer-zu-gast-im-dietz-das-podcast\/"},"wordCount":491,"image":{"@id":"https:\/\/dietz-verlag.de\/blog\/kuenstliche-intelligenz-eine-bedrohung-fuer-die-demokratie-paul-nemitz-und-matthias-pfeffer-zu-gast-im-dietz-das-podcast\/#primaryimage"},"thumbnailUrl":"https:\/\/dietz-verlag.de\/blog\/wp-content\/uploads\/2022\/01\/Podcast-Nemitz-Pfeffer_1.webp","keywords":["Algorithmen","Algorithmus","Catrin Misselhorn","Demokratiegef\u00e4hrdung","Emotionserkennung","Ethik","Freiheit","KI","KI und Demokratie","Silicon Valley und Demokratie"],"articleSection":["Podcast \u00bbDietz &amp; Das\u00ab"],"inLanguage":"de"},{"@type":"WebPage","@id":"https:\/\/dietz-verlag.de\/blog\/kuenstliche-intelligenz-eine-bedrohung-fuer-die-demokratie-paul-nemitz-und-matthias-pfeffer-zu-gast-im-dietz-das-podcast\/","url":"https:\/\/dietz-verlag.de\/blog\/kuenstliche-intelligenz-eine-bedrohung-fuer-die-demokratie-paul-nemitz-und-matthias-pfeffer-zu-gast-im-dietz-das-podcast\/","name":"K\u00fcnstliche Intelligenz \u2013 eine Bedrohung f\u00fcr die Demokratie? \u2013 Paul Nemitz und Matthias Pfeffer zu Gast im \u00bbDietz & Das\u00ab Podcast - Dietz Verlag Blog","isPartOf":{"@id":"https:\/\/dietz-verlag.de\/blog\/#website"},"primaryImageOfPage":{"@id":"https:\/\/dietz-verlag.de\/blog\/kuenstliche-intelligenz-eine-bedrohung-fuer-die-demokratie-paul-nemitz-und-matthias-pfeffer-zu-gast-im-dietz-das-podcast\/#primaryimage"},"image":{"@id":"https:\/\/dietz-verlag.de\/blog\/kuenstliche-intelligenz-eine-bedrohung-fuer-die-demokratie-paul-nemitz-und-matthias-pfeffer-zu-gast-im-dietz-das-podcast\/#primaryimage"},"thumbnailUrl":"https:\/\/dietz-verlag.de\/blog\/wp-content\/uploads\/2022\/01\/Podcast-Nemitz-Pfeffer_1.webp","datePublished":"2022-02-01T10:35:54+00:00","dateModified":"2022-03-14T16:19:31+00:00","author":{"@id":"https:\/\/dietz-verlag.de\/blog\/#\/schema\/person\/7cd2cd668cf616f5c70cd54974dd6de3"},"description":"Die Autoren Paul Nemitz und Matthias Pfeffer im Podcast-Gespr\u00e4ch mit Catrin Misselhorn \u00fcber die Gefahren von K\u00fcnstlicher Intelligenz, Sexroboter und Algorithmen.","breadcrumb":{"@id":"https:\/\/dietz-verlag.de\/blog\/kuenstliche-intelligenz-eine-bedrohung-fuer-die-demokratie-paul-nemitz-und-matthias-pfeffer-zu-gast-im-dietz-das-podcast\/#breadcrumb"},"inLanguage":"de","potentialAction":[{"@type":"ReadAction","target":["https:\/\/dietz-verlag.de\/blog\/kuenstliche-intelligenz-eine-bedrohung-fuer-die-demokratie-paul-nemitz-und-matthias-pfeffer-zu-gast-im-dietz-das-podcast\/"]}]},{"@type":"ImageObject","inLanguage":"de","@id":"https:\/\/dietz-verlag.de\/blog\/kuenstliche-intelligenz-eine-bedrohung-fuer-die-demokratie-paul-nemitz-und-matthias-pfeffer-zu-gast-im-dietz-das-podcast\/#primaryimage","url":"https:\/\/dietz-verlag.de\/blog\/wp-content\/uploads\/2022\/01\/Podcast-Nemitz-Pfeffer_1.webp","contentUrl":"https:\/\/dietz-verlag.de\/blog\/wp-content\/uploads\/2022\/01\/Podcast-Nemitz-Pfeffer_1.webp","width":1867,"height":933,"caption":"Paul Nemitz und Matthias Pfeffer im Podcast \u00fcber das Buch \"Prinzip Mensch\""},{"@type":"BreadcrumbList","@id":"https:\/\/dietz-verlag.de\/blog\/kuenstliche-intelligenz-eine-bedrohung-fuer-die-demokratie-paul-nemitz-und-matthias-pfeffer-zu-gast-im-dietz-das-podcast\/#breadcrumb","itemListElement":[{"@type":"ListItem","position":1,"name":"Startseite","item":"https:\/\/dietz-verlag.de\/blog\/"},{"@type":"ListItem","position":2,"name":"K\u00fcnstliche Intelligenz \u2013 eine Bedrohung f\u00fcr die Demokratie? \u2013 Paul Nemitz und Matthias Pfeffer zu Gast im \u00bbDietz &#038; Das\u00ab Podcast"}]},{"@type":"WebSite","@id":"https:\/\/dietz-verlag.de\/blog\/#website","url":"https:\/\/dietz-verlag.de\/blog\/","name":"Dietz Verlag Blog","description":"Politik, Gesellschaft und Geschichte","potentialAction":[{"@type":"SearchAction","target":{"@type":"EntryPoint","urlTemplate":"https:\/\/dietz-verlag.de\/blog\/?s={search_term_string}"},"query-input":{"@type":"PropertyValueSpecification","valueRequired":true,"valueName":"search_term_string"}}],"inLanguage":"de"},{"@type":"Person","@id":"https:\/\/dietz-verlag.de\/blog\/#\/schema\/person\/7cd2cd668cf616f5c70cd54974dd6de3","name":"Oh","image":{"@type":"ImageObject","inLanguage":"de","@id":"https:\/\/secure.gravatar.com\/avatar\/2753eb960a803d4b6c0fc295b07ad7ef2d5937b5e4e3f79504212153daa57c3d?s=96&d=mm&r=g","url":"https:\/\/secure.gravatar.com\/avatar\/2753eb960a803d4b6c0fc295b07ad7ef2d5937b5e4e3f79504212153daa57c3d?s=96&d=mm&r=g","contentUrl":"https:\/\/secure.gravatar.com\/avatar\/2753eb960a803d4b6c0fc295b07ad7ef2d5937b5e4e3f79504212153daa57c3d?s=96&d=mm&r=g","caption":"Oh"},"sameAs":["http:\/\/dietz-verlag.de"],"url":"https:\/\/dietz-verlag.de\/blog\/author\/barbaraoh\/"}]}},"_links":{"self":[{"href":"https:\/\/dietz-verlag.de\/blog\/wp-json\/wp\/v2\/posts\/2060","targetHints":{"allow":["GET"]}}],"collection":[{"href":"https:\/\/dietz-verlag.de\/blog\/wp-json\/wp\/v2\/posts"}],"about":[{"href":"https:\/\/dietz-verlag.de\/blog\/wp-json\/wp\/v2\/types\/post"}],"author":[{"embeddable":true,"href":"https:\/\/dietz-verlag.de\/blog\/wp-json\/wp\/v2\/users\/2"}],"replies":[{"embeddable":true,"href":"https:\/\/dietz-verlag.de\/blog\/wp-json\/wp\/v2\/comments?post=2060"}],"version-history":[{"count":11,"href":"https:\/\/dietz-verlag.de\/blog\/wp-json\/wp\/v2\/posts\/2060\/revisions"}],"predecessor-version":[{"id":2077,"href":"https:\/\/dietz-verlag.de\/blog\/wp-json\/wp\/v2\/posts\/2060\/revisions\/2077"}],"wp:featuredmedia":[{"embeddable":true,"href":"https:\/\/dietz-verlag.de\/blog\/wp-json\/wp\/v2\/media\/2045"}],"wp:attachment":[{"href":"https:\/\/dietz-verlag.de\/blog\/wp-json\/wp\/v2\/media?parent=2060"}],"wp:term":[{"taxonomy":"category","embeddable":true,"href":"https:\/\/dietz-verlag.de\/blog\/wp-json\/wp\/v2\/categories?post=2060"},{"taxonomy":"post_tag","embeddable":true,"href":"https:\/\/dietz-verlag.de\/blog\/wp-json\/wp\/v2\/tags?post=2060"},{"taxonomy":"post_flag","embeddable":true,"href":"https:\/\/dietz-verlag.de\/blog\/wp-json\/wp\/v2\/post_flags?post=2060"}],"curies":[{"name":"wp","href":"https:\/\/api.w.org\/{rel}","templated":true}]}}