{"id":1823,"date":"2021-12-21T12:12:52","date_gmt":"2021-12-21T12:12:52","guid":{"rendered":"https:\/\/dietz-verlag.de\/blog\/?p=1823"},"modified":"2021-12-21T12:13:31","modified_gmt":"2021-12-21T12:13:31","slug":"das-politiklexikon-immer-wieder-neu-stets-aktuell","status":"publish","type":"post","link":"https:\/\/dietz-verlag.de\/blog\/das-politiklexikon-immer-wieder-neu-stets-aktuell\/","title":{"rendered":"\u00bbDas Politiklexikon\u00ab &#8211; immer wieder neu, stets aktuell"},"content":{"rendered":"\n<p>Das bew\u00e4hrte \u00bb<a href=\"https:\/\/dietz-verlag.de\/isbn\/9783801206000\/Das-Politiklexikon-Begriffe-Fakten-Zusammenhaenge-Klaus-Schubert-Martina-Klein\">Politiklexikon: Begriffe. Fakten. Zusammenh\u00e4nge<\/a>\u00ab im Taschenbuchformat geht in seine 8. Auflage. \u00dcberarbeitet und erweitert im Corona- und Bundestagswahljahr, mit \u00fcber 1.700 Stichw\u00f6rtern und mehr als 50 \u00fcbersichtlichen, n\u00fctzlichen Tabellen und Grafiken sowie Karten zu Deutschland, Europa und der Welt. Das Lexikon ist zugeschnitten auf alle, die an Politik interessiert sind. <\/p>\n\n\n\n<h4 class=\"wp-block-heading\"><strong>Grundwissen Politik &#8211; kompakt und anschaulich <\/strong><\/h4>\n\n\n\n<p>Das Politiklexikon ist ein unentbehrliches Hilfsmittel f\u00fcr Sch\u00fcler*innen und Studierende und alle Politikinteressierte. In gut verst\u00e4ndlicher Sprache liefert es kurzgefasste, einf\u00fchrende Informationen zu zentralen politischen Begriffen. Dar\u00fcber hinaus <span style=\"font-size: revert; color: initial;\">enth\u00e4lt das Politiklexikon detaillierte Informationen zu allen 16 L\u00e4ndern bzw. Stadtstaaten der Bundesrepublik Deutschland und grundlegende Informationen zu den Mitgliedsstaaten, allen Nachbarstaaten der Europ\u00e4ischen Union, den sogenannten G 7-Staaten sowie Russland und China.<\/span> <\/p>\n\n\n\n<p>Die wichtigsten Themenfelder lauten: <\/p>\n\n\n\n<ul class=\"wp-block-list\"><li>Deutschland, die Bundesl\u00e4nder und die deutsche Innenpolitik<\/li><li>regionale, kommunale und andere Ebenen der politischen Selbstverwaltung und Selbstorganisation<\/li><li>politische Parteien und Verb\u00e4nde<\/li><li>Arbeitsmarkt-, Wirtschafts-, Industrie- und Strukturpolitik, Finanz-, Steuer- und Haushaltspolitik, Sozialpolitik, Umweltpolitik, Recht und Gesetz<\/li><li>Europ\u00e4ische Union und europ\u00e4ische Entwicklung<\/li><li>EU-Nachbarl\u00e4nder, Au\u00dfenpolitik und internationale Politik<\/li><li>deutsche Geschichte und politische Ideengeschichte<\/li><\/ul>\n\n\n\n<p>Das Politiklexikon als Nachschlagewerk sollte in keinem B\u00fccherschrank von Politikinteressierten fehlen!<\/p>\n\n\n\n<p>Weitere hilfreiche Lexika zu den Themenbereichen Wirtschaft, Recht und Europa finden Sie <a href=\"https:\/\/dietz-verlag.de\/programm\/thema\/lexika\">hier<\/a>. <\/p>\n","protected":false},"excerpt":{"rendered":"<p>Das bew\u00e4hrte \u00bbPolitiklexikon: Begriffe. Fakten. Zusammenh\u00e4nge\u00ab im Taschenbuchformat geht in seine 8. Auflage. \u00dcberarbeitet und erweitert im Corona- und Bundestagswahljahr, mit \u00fcber 1.700 Stichw\u00f6rtern und mehr als 50 \u00fcbersichtlichen, n\u00fctzlichen Tabellen und Grafiken sowie Karten zu Deutschland, Europa und der Welt. Das Lexikon ist zugeschnitten auf alle, die an Politik interessiert sind. Grundwissen Politik &#8211; [&hellip;]<\/p>\n","protected":false},"author":2,"featured_media":1881,"comment_status":"closed","ping_status":"open","sticky":false,"template":"","format":"standard","meta":{"footnotes":""},"categories":[16],"tags":[129,118,127,128,119,116,130],"post_flags":[],"class_list":["post-1823","post","type-post","status-publish","format-standard","has-post-thumbnail","hentry","category-neue-buecher-politik","tag-europaeische-union","tag-hilfsmittel","tag-internationale-politik","tag-lekixa","tag-nachschlagewerk","tag-politiklexikon","tag-sozialpolitik"],"acf":[],"yoast_head":"<!-- This site is optimized with the Yoast SEO plugin v27.5 - https:\/\/yoast.com\/product\/yoast-seo-wordpress\/ -->\n<title>\u00bbDas Politiklexikon\u00ab - immer wieder neu, stets aktuell - Dietz Verlag Blog<\/title>\n<meta name=\"description\" content=\"Das Politiklexikon in seiner 8. Auflage mit \u00fcber 1.600 Stichw\u00f6rtern richtet sich an Sch\u00fcler*innen, Studierende und alle Politikinteressierte.\" \/>\n<meta name=\"robots\" content=\"index, follow, max-snippet:-1, max-image-preview:large, max-video-preview:-1\" \/>\n<link rel=\"canonical\" href=\"https:\/\/dietz-verlag.de\/blog\/das-politiklexikon-immer-wieder-neu-stets-aktuell\/\" \/>\n<meta property=\"og:locale\" content=\"de_DE\" \/>\n<meta property=\"og:type\" content=\"article\" \/>\n<meta property=\"og:title\" content=\"\u00bbDas Politiklexikon\u00ab - immer wieder neu, stets aktuell - Dietz Verlag Blog\" \/>\n<meta property=\"og:description\" content=\"Das Politiklexikon in seiner 8. Auflage mit \u00fcber 1.600 Stichw\u00f6rtern richtet sich an Sch\u00fcler*innen, Studierende und alle Politikinteressierte.\" \/>\n<meta property=\"og:url\" content=\"https:\/\/dietz-verlag.de\/blog\/das-politiklexikon-immer-wieder-neu-stets-aktuell\/\" \/>\n<meta property=\"og:site_name\" content=\"Dietz Verlag Blog\" \/>\n<meta property=\"article:published_time\" content=\"2021-12-21T12:12:52+00:00\" \/>\n<meta property=\"article:modified_time\" content=\"2021-12-21T12:13:31+00:00\" \/>\n<meta property=\"og:image\" content=\"https:\/\/dietz-verlag.de\/blog\/wp-content\/uploads\/2021\/12\/Blog_Politiklexikon.webp\" \/>\n\t<meta property=\"og:image:width\" content=\"1867\" \/>\n\t<meta property=\"og:image:height\" content=\"933\" \/>\n\t<meta property=\"og:image:type\" content=\"image\/webp\" \/>\n<meta name=\"author\" content=\"Oh\" \/>\n<meta name=\"twitter:card\" content=\"summary_large_image\" \/>\n<meta name=\"twitter:label1\" content=\"Verfasst von\" \/>\n\t<meta name=\"twitter:data1\" content=\"Oh\" \/>\n\t<meta name=\"twitter:label2\" content=\"Gesch\u00e4tzte Lesezeit\" \/>\n\t<meta name=\"twitter:data2\" content=\"1\u00a0Minute\" \/>\n<script type=\"application\/ld+json\" class=\"yoast-schema-graph\">{\"@context\":\"https:\\\/\\\/schema.org\",\"@graph\":[{\"@type\":\"Article\",\"@id\":\"https:\\\/\\\/dietz-verlag.de\\\/blog\\\/das-politiklexikon-immer-wieder-neu-stets-aktuell\\\/#article\",\"isPartOf\":{\"@id\":\"https:\\\/\\\/dietz-verlag.de\\\/blog\\\/das-politiklexikon-immer-wieder-neu-stets-aktuell\\\/\"},\"author\":{\"name\":\"Oh\",\"@id\":\"https:\\\/\\\/dietz-verlag.de\\\/blog\\\/#\\\/schema\\\/person\\\/7cd2cd668cf616f5c70cd54974dd6de3\"},\"headline\":\"\u00bbDas Politiklexikon\u00ab &#8211; immer wieder neu, stets aktuell\",\"datePublished\":\"2021-12-21T12:12:52+00:00\",\"dateModified\":\"2021-12-21T12:13:31+00:00\",\"mainEntityOfPage\":{\"@id\":\"https:\\\/\\\/dietz-verlag.de\\\/blog\\\/das-politiklexikon-immer-wieder-neu-stets-aktuell\\\/\"},\"wordCount\":221,\"image\":{\"@id\":\"https:\\\/\\\/dietz-verlag.de\\\/blog\\\/das-politiklexikon-immer-wieder-neu-stets-aktuell\\\/#primaryimage\"},\"thumbnailUrl\":\"https:\\\/\\\/dietz-verlag.de\\\/blog\\\/wp-content\\\/uploads\\\/2021\\\/12\\\/Blog_Politiklexikon.webp\",\"keywords\":[\"Europ\u00e4ische Union\",\"Hilfsmittel\",\"internationale Politik\",\"Lekixa\",\"Nachschlagewerk\",\"Politiklexikon\",\"Sozialpolitik\"],\"articleSection\":[\"Neuerscheinungen\"],\"inLanguage\":\"de\"},{\"@type\":\"WebPage\",\"@id\":\"https:\\\/\\\/dietz-verlag.de\\\/blog\\\/das-politiklexikon-immer-wieder-neu-stets-aktuell\\\/\",\"url\":\"https:\\\/\\\/dietz-verlag.de\\\/blog\\\/das-politiklexikon-immer-wieder-neu-stets-aktuell\\\/\",\"name\":\"\u00bbDas Politiklexikon\u00ab - immer wieder neu, stets aktuell - Dietz Verlag Blog\",\"isPartOf\":{\"@id\":\"https:\\\/\\\/dietz-verlag.de\\\/blog\\\/#website\"},\"primaryImageOfPage\":{\"@id\":\"https:\\\/\\\/dietz-verlag.de\\\/blog\\\/das-politiklexikon-immer-wieder-neu-stets-aktuell\\\/#primaryimage\"},\"image\":{\"@id\":\"https:\\\/\\\/dietz-verlag.de\\\/blog\\\/das-politiklexikon-immer-wieder-neu-stets-aktuell\\\/#primaryimage\"},\"thumbnailUrl\":\"https:\\\/\\\/dietz-verlag.de\\\/blog\\\/wp-content\\\/uploads\\\/2021\\\/12\\\/Blog_Politiklexikon.webp\",\"datePublished\":\"2021-12-21T12:12:52+00:00\",\"dateModified\":\"2021-12-21T12:13:31+00:00\",\"author\":{\"@id\":\"https:\\\/\\\/dietz-verlag.de\\\/blog\\\/#\\\/schema\\\/person\\\/7cd2cd668cf616f5c70cd54974dd6de3\"},\"description\":\"Das Politiklexikon in seiner 8. Auflage mit \u00fcber 1.600 Stichw\u00f6rtern richtet sich an Sch\u00fcler*innen, Studierende und alle Politikinteressierte.\",\"breadcrumb\":{\"@id\":\"https:\\\/\\\/dietz-verlag.de\\\/blog\\\/das-politiklexikon-immer-wieder-neu-stets-aktuell\\\/#breadcrumb\"},\"inLanguage\":\"de\",\"potentialAction\":[{\"@type\":\"ReadAction\",\"target\":[\"https:\\\/\\\/dietz-verlag.de\\\/blog\\\/das-politiklexikon-immer-wieder-neu-stets-aktuell\\\/\"]}]},{\"@type\":\"ImageObject\",\"inLanguage\":\"de\",\"@id\":\"https:\\\/\\\/dietz-verlag.de\\\/blog\\\/das-politiklexikon-immer-wieder-neu-stets-aktuell\\\/#primaryimage\",\"url\":\"https:\\\/\\\/dietz-verlag.de\\\/blog\\\/wp-content\\\/uploads\\\/2021\\\/12\\\/Blog_Politiklexikon.webp\",\"contentUrl\":\"https:\\\/\\\/dietz-verlag.de\\\/blog\\\/wp-content\\\/uploads\\\/2021\\\/12\\\/Blog_Politiklexikon.webp\",\"width\":1867,\"height\":933},{\"@type\":\"BreadcrumbList\",\"@id\":\"https:\\\/\\\/dietz-verlag.de\\\/blog\\\/das-politiklexikon-immer-wieder-neu-stets-aktuell\\\/#breadcrumb\",\"itemListElement\":[{\"@type\":\"ListItem\",\"position\":1,\"name\":\"Startseite\",\"item\":\"https:\\\/\\\/dietz-verlag.de\\\/blog\\\/\"},{\"@type\":\"ListItem\",\"position\":2,\"name\":\"\u00bbDas Politiklexikon\u00ab &#8211; immer wieder neu, stets aktuell\"}]},{\"@type\":\"WebSite\",\"@id\":\"https:\\\/\\\/dietz-verlag.de\\\/blog\\\/#website\",\"url\":\"https:\\\/\\\/dietz-verlag.de\\\/blog\\\/\",\"name\":\"Dietz Verlag Blog\",\"description\":\"Politik, Gesellschaft und Geschichte\",\"potentialAction\":[{\"@type\":\"SearchAction\",\"target\":{\"@type\":\"EntryPoint\",\"urlTemplate\":\"https:\\\/\\\/dietz-verlag.de\\\/blog\\\/?s={search_term_string}\"},\"query-input\":{\"@type\":\"PropertyValueSpecification\",\"valueRequired\":true,\"valueName\":\"search_term_string\"}}],\"inLanguage\":\"de\"},{\"@type\":\"Person\",\"@id\":\"https:\\\/\\\/dietz-verlag.de\\\/blog\\\/#\\\/schema\\\/person\\\/7cd2cd668cf616f5c70cd54974dd6de3\",\"name\":\"Oh\",\"image\":{\"@type\":\"ImageObject\",\"inLanguage\":\"de\",\"@id\":\"https:\\\/\\\/secure.gravatar.com\\\/avatar\\\/2753eb960a803d4b6c0fc295b07ad7ef2d5937b5e4e3f79504212153daa57c3d?s=96&d=mm&r=g\",\"url\":\"https:\\\/\\\/secure.gravatar.com\\\/avatar\\\/2753eb960a803d4b6c0fc295b07ad7ef2d5937b5e4e3f79504212153daa57c3d?s=96&d=mm&r=g\",\"contentUrl\":\"https:\\\/\\\/secure.gravatar.com\\\/avatar\\\/2753eb960a803d4b6c0fc295b07ad7ef2d5937b5e4e3f79504212153daa57c3d?s=96&d=mm&r=g\",\"caption\":\"Oh\"},\"sameAs\":[\"http:\\\/\\\/dietz-verlag.de\"],\"url\":\"https:\\\/\\\/dietz-verlag.de\\\/blog\\\/author\\\/barbaraoh\\\/\"}]}<\/script>\n<!-- \/ Yoast SEO plugin. -->","yoast_head_json":{"title":"\u00bbDas Politiklexikon\u00ab - immer wieder neu, stets aktuell - Dietz Verlag Blog","description":"Das Politiklexikon in seiner 8. Auflage mit \u00fcber 1.600 Stichw\u00f6rtern richtet sich an Sch\u00fcler*innen, Studierende und alle Politikinteressierte.","robots":{"index":"index","follow":"follow","max-snippet":"max-snippet:-1","max-image-preview":"max-image-preview:large","max-video-preview":"max-video-preview:-1"},"canonical":"https:\/\/dietz-verlag.de\/blog\/das-politiklexikon-immer-wieder-neu-stets-aktuell\/","og_locale":"de_DE","og_type":"article","og_title":"\u00bbDas Politiklexikon\u00ab - immer wieder neu, stets aktuell - Dietz Verlag Blog","og_description":"Das Politiklexikon in seiner 8. Auflage mit \u00fcber 1.600 Stichw\u00f6rtern richtet sich an Sch\u00fcler*innen, Studierende und alle Politikinteressierte.","og_url":"https:\/\/dietz-verlag.de\/blog\/das-politiklexikon-immer-wieder-neu-stets-aktuell\/","og_site_name":"Dietz Verlag Blog","article_published_time":"2021-12-21T12:12:52+00:00","article_modified_time":"2021-12-21T12:13:31+00:00","og_image":[{"width":1867,"height":933,"url":"https:\/\/dietz-verlag.de\/blog\/wp-content\/uploads\/2021\/12\/Blog_Politiklexikon.webp","type":"image\/webp"}],"author":"Oh","twitter_card":"summary_large_image","twitter_misc":{"Verfasst von":"Oh","Gesch\u00e4tzte Lesezeit":"1\u00a0Minute"},"schema":{"@context":"https:\/\/schema.org","@graph":[{"@type":"Article","@id":"https:\/\/dietz-verlag.de\/blog\/das-politiklexikon-immer-wieder-neu-stets-aktuell\/#article","isPartOf":{"@id":"https:\/\/dietz-verlag.de\/blog\/das-politiklexikon-immer-wieder-neu-stets-aktuell\/"},"author":{"name":"Oh","@id":"https:\/\/dietz-verlag.de\/blog\/#\/schema\/person\/7cd2cd668cf616f5c70cd54974dd6de3"},"headline":"\u00bbDas Politiklexikon\u00ab &#8211; immer wieder neu, stets aktuell","datePublished":"2021-12-21T12:12:52+00:00","dateModified":"2021-12-21T12:13:31+00:00","mainEntityOfPage":{"@id":"https:\/\/dietz-verlag.de\/blog\/das-politiklexikon-immer-wieder-neu-stets-aktuell\/"},"wordCount":221,"image":{"@id":"https:\/\/dietz-verlag.de\/blog\/das-politiklexikon-immer-wieder-neu-stets-aktuell\/#primaryimage"},"thumbnailUrl":"https:\/\/dietz-verlag.de\/blog\/wp-content\/uploads\/2021\/12\/Blog_Politiklexikon.webp","keywords":["Europ\u00e4ische Union","Hilfsmittel","internationale Politik","Lekixa","Nachschlagewerk","Politiklexikon","Sozialpolitik"],"articleSection":["Neuerscheinungen"],"inLanguage":"de"},{"@type":"WebPage","@id":"https:\/\/dietz-verlag.de\/blog\/das-politiklexikon-immer-wieder-neu-stets-aktuell\/","url":"https:\/\/dietz-verlag.de\/blog\/das-politiklexikon-immer-wieder-neu-stets-aktuell\/","name":"\u00bbDas Politiklexikon\u00ab - immer wieder neu, stets aktuell - Dietz Verlag Blog","isPartOf":{"@id":"https:\/\/dietz-verlag.de\/blog\/#website"},"primaryImageOfPage":{"@id":"https:\/\/dietz-verlag.de\/blog\/das-politiklexikon-immer-wieder-neu-stets-aktuell\/#primaryimage"},"image":{"@id":"https:\/\/dietz-verlag.de\/blog\/das-politiklexikon-immer-wieder-neu-stets-aktuell\/#primaryimage"},"thumbnailUrl":"https:\/\/dietz-verlag.de\/blog\/wp-content\/uploads\/2021\/12\/Blog_Politiklexikon.webp","datePublished":"2021-12-21T12:12:52+00:00","dateModified":"2021-12-21T12:13:31+00:00","author":{"@id":"https:\/\/dietz-verlag.de\/blog\/#\/schema\/person\/7cd2cd668cf616f5c70cd54974dd6de3"},"description":"Das Politiklexikon in seiner 8. Auflage mit \u00fcber 1.600 Stichw\u00f6rtern richtet sich an Sch\u00fcler*innen, Studierende und alle Politikinteressierte.","breadcrumb":{"@id":"https:\/\/dietz-verlag.de\/blog\/das-politiklexikon-immer-wieder-neu-stets-aktuell\/#breadcrumb"},"inLanguage":"de","potentialAction":[{"@type":"ReadAction","target":["https:\/\/dietz-verlag.de\/blog\/das-politiklexikon-immer-wieder-neu-stets-aktuell\/"]}]},{"@type":"ImageObject","inLanguage":"de","@id":"https:\/\/dietz-verlag.de\/blog\/das-politiklexikon-immer-wieder-neu-stets-aktuell\/#primaryimage","url":"https:\/\/dietz-verlag.de\/blog\/wp-content\/uploads\/2021\/12\/Blog_Politiklexikon.webp","contentUrl":"https:\/\/dietz-verlag.de\/blog\/wp-content\/uploads\/2021\/12\/Blog_Politiklexikon.webp","width":1867,"height":933},{"@type":"BreadcrumbList","@id":"https:\/\/dietz-verlag.de\/blog\/das-politiklexikon-immer-wieder-neu-stets-aktuell\/#breadcrumb","itemListElement":[{"@type":"ListItem","position":1,"name":"Startseite","item":"https:\/\/dietz-verlag.de\/blog\/"},{"@type":"ListItem","position":2,"name":"\u00bbDas Politiklexikon\u00ab &#8211; immer wieder neu, stets aktuell"}]},{"@type":"WebSite","@id":"https:\/\/dietz-verlag.de\/blog\/#website","url":"https:\/\/dietz-verlag.de\/blog\/","name":"Dietz Verlag Blog","description":"Politik, Gesellschaft und Geschichte","potentialAction":[{"@type":"SearchAction","target":{"@type":"EntryPoint","urlTemplate":"https:\/\/dietz-verlag.de\/blog\/?s={search_term_string}"},"query-input":{"@type":"PropertyValueSpecification","valueRequired":true,"valueName":"search_term_string"}}],"inLanguage":"de"},{"@type":"Person","@id":"https:\/\/dietz-verlag.de\/blog\/#\/schema\/person\/7cd2cd668cf616f5c70cd54974dd6de3","name":"Oh","image":{"@type":"ImageObject","inLanguage":"de","@id":"https:\/\/secure.gravatar.com\/avatar\/2753eb960a803d4b6c0fc295b07ad7ef2d5937b5e4e3f79504212153daa57c3d?s=96&d=mm&r=g","url":"https:\/\/secure.gravatar.com\/avatar\/2753eb960a803d4b6c0fc295b07ad7ef2d5937b5e4e3f79504212153daa57c3d?s=96&d=mm&r=g","contentUrl":"https:\/\/secure.gravatar.com\/avatar\/2753eb960a803d4b6c0fc295b07ad7ef2d5937b5e4e3f79504212153daa57c3d?s=96&d=mm&r=g","caption":"Oh"},"sameAs":["http:\/\/dietz-verlag.de"],"url":"https:\/\/dietz-verlag.de\/blog\/author\/barbaraoh\/"}]}},"_links":{"self":[{"href":"https:\/\/dietz-verlag.de\/blog\/wp-json\/wp\/v2\/posts\/1823","targetHints":{"allow":["GET"]}}],"collection":[{"href":"https:\/\/dietz-verlag.de\/blog\/wp-json\/wp\/v2\/posts"}],"about":[{"href":"https:\/\/dietz-verlag.de\/blog\/wp-json\/wp\/v2\/types\/post"}],"author":[{"embeddable":true,"href":"https:\/\/dietz-verlag.de\/blog\/wp-json\/wp\/v2\/users\/2"}],"replies":[{"embeddable":true,"href":"https:\/\/dietz-verlag.de\/blog\/wp-json\/wp\/v2\/comments?post=1823"}],"version-history":[{"count":13,"href":"https:\/\/dietz-verlag.de\/blog\/wp-json\/wp\/v2\/posts\/1823\/revisions"}],"predecessor-version":[{"id":1937,"href":"https:\/\/dietz-verlag.de\/blog\/wp-json\/wp\/v2\/posts\/1823\/revisions\/1937"}],"wp:featuredmedia":[{"embeddable":true,"href":"https:\/\/dietz-verlag.de\/blog\/wp-json\/wp\/v2\/media\/1881"}],"wp:attachment":[{"href":"https:\/\/dietz-verlag.de\/blog\/wp-json\/wp\/v2\/media?parent=1823"}],"wp:term":[{"taxonomy":"category","embeddable":true,"href":"https:\/\/dietz-verlag.de\/blog\/wp-json\/wp\/v2\/categories?post=1823"},{"taxonomy":"post_tag","embeddable":true,"href":"https:\/\/dietz-verlag.de\/blog\/wp-json\/wp\/v2\/tags?post=1823"},{"taxonomy":"post_flag","embeddable":true,"href":"https:\/\/dietz-verlag.de\/blog\/wp-json\/wp\/v2\/post_flags?post=1823"}],"curies":[{"name":"wp","href":"https:\/\/api.w.org\/{rel}","templated":true}]}}