{"id":1818,"date":"2021-12-21T13:40:27","date_gmt":"2021-12-21T13:40:27","guid":{"rendered":"https:\/\/dietz-verlag.de\/blog\/?p=1818"},"modified":"2022-01-10T15:51:59","modified_gmt":"2022-01-10T15:51:59","slug":"das-glueck-bauen-die-welt-veraendern-zwei-architekten-und-die-geschichte-des-sozialen-wohnungsbaus","status":"publish","type":"post","link":"https:\/\/dietz-verlag.de\/blog\/das-glueck-bauen-die-welt-veraendern-zwei-architekten-und-die-geschichte-des-sozialen-wohnungsbaus\/","title":{"rendered":"\u00bbDas Gl\u00fcck bauen &#8211; die Welt ver\u00e4ndern\u00ab  Zwei Architekten und die Geschichte des sozialen Wohnungsbaus"},"content":{"rendered":"\n<p>Christoph Ehmann widmet sein neues Buch \u00bb<a href=\"https:\/\/dietz-verlag.de\/isbn\/9783801206260\/Das-Glueck-bauen-ndash-die-Welt-veraendern-Die-Stadtplaner-und-Architekten-Bruno-Taut-und-Martin-Wagner-Christoph-Ehmann\">Das Gl\u00fcck bauen &#8211; die Welt ver\u00e4ndern: Die Stadtplaner und Architekten Bruno Taut und Martin Wagner<\/a>\u00ab, den Erbauern der Berliner Gro\u00dfsiedlungen der 1920er-Jahre. Bruno Taut und Martin Wagner zeigten der Welt, was im sozialen Wohnungsbau unter den vorgefundenen Bedingungen m\u00f6glich gemacht werden konnte. Ehmann w\u00fcrdigt die beiden Pioniere, die ma\u00dfgeblich zur Geschichte des sozialen Wohnungsbaus beigetragen haben.<\/p>\n\n\n\n<h4 class=\"wp-block-heading\"><strong>Von der Gro\u00dfsiedlung zum Weltkulturerbe <\/strong><\/h4>\n\n\n\n<p>Bruno Taut und Martin Wagner schufen in den 1920er- und 1930er-Jahren Gro\u00dfsiedlungen der Moderne, die zum Vorbild f\u00fcr den sozialen Wohnungsbau wurden und heute zum Weltkulturerbe geh\u00f6ren. Dazu z\u00e4hlt auch die bekannte \u00bb<a href=\"https:\/\/www.berlin.de\/sehenswuerdigkeiten\/3560991-3558930-hufeisensiedlung-britz.html\">Hufeisensiedlung<\/a>\u00ab im Berliner Ortsteil Britz, die seit 2008 zum UNESCO-Welterbe geh\u00f6rt. Taut und Wagner trafen sich 1919 in Berlin und wirkten hier 13 Jahre gemeinsam mit den besten Architekten ihrer Zeit. Martin Wagner gab den Ansto\u00df daf\u00fcr, dass die Gewerkschaften gemeinn\u00fctzige Einrichtungen schufen und so f\u00fcr ihre Mitglieder menschenw\u00fcrdigen, sch\u00f6nen und bezahlbaren Wohnraum zur Verf\u00fcgung stellten. <\/p>\n\n\n\n<p>Dies wurde als sozialistisch gebrandmarkt. Sowohl Taut als auch Wagner mussten nach dem 30. Januar 1933 Deutschland verlassen und gerieten lange Zeit in beabsichtigte Vergessenheit. Als Folge dessen gibt es \u00fcber diese politisch und praktisch ergebnisreiche Zusammenarbeit der beiden Architekten nur ein paar Randbemerkungen. Christoph Ehmann schildert erstmals ihre enge Verbindung, ihre nahezu anderthalb Jahrzehnte dauernde fruchtbare Zusammenarbeit und die Realisierung ihrer politischen Visionen.  <\/p>\n\n\n\n<h4 class=\"wp-block-heading\"><strong>Wer waren die beiden Architekten?  <\/strong><\/h4>\n\n\n\n<p>\u00bbDie Stadtplaner und Architekten Bruno Taut (1880-1938) und Martin Wagner (1885-1957) waren demokratische Sozialisten, der eine ohne, der andere mit \u2013 zeitweise \u2013 sozialdemokratischem Parteibuch. Wagner verachtete                                                                                                                                                                                                                                                                                                                                                                                                                                                                                                                                                                                                                                                                                                                                                                                                                                                                                                                                                                                                                                                                                                                                                                                                                                                                                                                                                                                                                                                                                                                                                                                                                                                                                                                                                                                                                                                                                                                                                                                                                                                                                                                                                                                                                                                                                                                                                                                                                                                                                                                                                                                                                                                                                                                                                                                                                                                                                                                                                                                                                                                                                                         Architekten, die sich mit ihren H\u00e4usern Denkm\u00e4ler f\u00fcr die Nachwelt setzen wollten. Taut lehnte es &#8211; anders als Le Corbusier oder Gropius &#8211; ab, Bauten oder gar Siedlungen seinen Namen einzuschreiben. Denn der Bau von Siedlungen war nur gemeinsam mit den vielen am Bau Beteiligten m\u00f6glich. \u00bbEin Plan ist nichts ohne die vielen, die an seinem Gelingen mitwirken\u00ab, so Taut.\u00ab <\/p>\n\n\n\n<p>\u00bbBei der politischen Durchsetzung ihrer Pl\u00e4ne half ihnen, wenn auch nur indirekt, die Russische Revolution. Taut und Wagner konnten auf nachahmenswerte Leistungen in der fr\u00fchen Sowjetunion verweisen, was die Angst des \u00bbWestens\u00ab vor einer m\u00f6glichen Sympathie der Massen in Deutschland f\u00fcr diese Bewegung sch\u00fcrte. Die Furcht war letztlich unbegr\u00fcndet. Taut und Wagner trennten sich bald von der sowjetischen Politik, die zum Stalinismus verkam. Sie planten und bauten, um den Menschen ein eigenst\u00e4ndiges Leben zu sichern, nicht um sie auf eine Massengesellschaft zuzurichten. Doch auf solche Differenzierungen in der sozialistischen Weltanschauung zu achten, war schon in jener Zeit in Deutschland nicht \u00fcblich. Die Konsequenz: Beide konnten ihr Leben nur noch au\u00dferhalb des nationalsozialistischen Herrschaftsbereichs retten. Ein hinreichender Grund, um sie nach 1945 Jahrzehnte lang \u00bblinks liegen\u00ab zu lassen. Erst nach dem Beginn der Entspannungspolitik war es m\u00f6glich, sich ihrer zu erinnern.\u00ab <\/p>\n\n\n\n<p><strong><a href=\"https:\/\/dietz-verlag.de\/autor\/2337\/christoph-ehmann\">Christoph Ehmann<\/a><\/strong>, geboren 1943, ist Prof. Dr., Politologe und arbeitete in verschiedenen Einrichtungen der Bildungsverwaltung, zuletzt als Staatssekret\u00e4r im Kultusministerium Mecklenburg-Vorpommern. Zahlreiche Ver\u00f6ffentlichungen zur Geschichte des Bildungswesens. Er lebt in Berlin. <\/p>\n","protected":false},"excerpt":{"rendered":"<p>Christoph Ehmann widmet sein neues Buch \u00bbDas Gl\u00fcck bauen &#8211; die Welt ver\u00e4ndern: Die Stadtplaner und Architekten Bruno Taut und Martin Wagner\u00ab, den Erbauern der Berliner Gro\u00dfsiedlungen der 1920er-Jahre. Bruno Taut und Martin Wagner zeigten der Welt, was im sozialen Wohnungsbau unter den vorgefundenen Bedingungen m\u00f6glich gemacht werden konnte. Ehmann w\u00fcrdigt die beiden Pioniere, die [&hellip;]<\/p>\n","protected":false},"author":2,"featured_media":1885,"comment_status":"closed","ping_status":"open","sticky":false,"template":"","format":"standard","meta":{"footnotes":""},"categories":[16],"tags":[122,189,187,138,140,136,188,120,139,137,190,121],"post_flags":[],"class_list":["post-1818","post","type-post","status-publish","format-standard","has-post-thumbnail","hentry","category-neue-buecher-politik","tag-architekten","tag-architektur-20er-jahre","tag-architekturgeschichte","tag-demokratische-sozialisten","tag-entspannungspolitik","tag-hufeisensiedlung","tag-sozialbau","tag-sozialer-wohnungsbau","tag-sozialistische-weltanschauung","tag-stadtplaner","tag-unesco-weltkulturerbe","tag-weltkulturerbe"],"acf":[],"yoast_head":"<!-- This site is optimized with the Yoast SEO plugin v27.5 - https:\/\/yoast.com\/product\/yoast-seo-wordpress\/ -->\n<title>\u00bbDas Gl\u00fcck bauen - die Welt ver\u00e4ndern\u00ab Zwei Architekten und die Geschichte des sozialen Wohnungsbaus - Dietz Verlag Blog<\/title>\n<meta name=\"description\" content=\"Bruno Taut und Martin Wagner trugen zur Geschichte des sozialen Wohnungsbaus bei. Ihre Berliner Gro\u00dfsiedlungen geh\u00f6ren zum Weltkulturerbe.\" \/>\n<meta name=\"robots\" content=\"index, follow, max-snippet:-1, max-image-preview:large, max-video-preview:-1\" \/>\n<link rel=\"canonical\" href=\"https:\/\/dietz-verlag.de\/blog\/das-glueck-bauen-die-welt-veraendern-zwei-architekten-und-die-geschichte-des-sozialen-wohnungsbaus\/\" \/>\n<meta property=\"og:locale\" content=\"de_DE\" \/>\n<meta property=\"og:type\" content=\"article\" \/>\n<meta property=\"og:title\" content=\"\u00bbDas Gl\u00fcck bauen - die Welt ver\u00e4ndern\u00ab Zwei Architekten und die Geschichte des sozialen Wohnungsbaus - Dietz Verlag Blog\" \/>\n<meta property=\"og:description\" content=\"Bruno Taut und Martin Wagner trugen zur Geschichte des sozialen Wohnungsbaus bei. Ihre Berliner Gro\u00dfsiedlungen geh\u00f6ren zum Weltkulturerbe.\" \/>\n<meta property=\"og:url\" content=\"https:\/\/dietz-verlag.de\/blog\/das-glueck-bauen-die-welt-veraendern-zwei-architekten-und-die-geschichte-des-sozialen-wohnungsbaus\/\" \/>\n<meta property=\"og:site_name\" content=\"Dietz Verlag Blog\" \/>\n<meta property=\"article:published_time\" content=\"2021-12-21T13:40:27+00:00\" \/>\n<meta property=\"article:modified_time\" content=\"2022-01-10T15:51:59+00:00\" \/>\n<meta property=\"og:image\" content=\"https:\/\/dietz-verlag.de\/blog\/wp-content\/uploads\/2021\/12\/Blog_Ehmann.webp\" \/>\n\t<meta property=\"og:image:width\" content=\"1867\" \/>\n\t<meta property=\"og:image:height\" content=\"933\" \/>\n\t<meta property=\"og:image:type\" content=\"image\/webp\" \/>\n<meta name=\"author\" content=\"Oh\" \/>\n<meta name=\"twitter:card\" content=\"summary_large_image\" \/>\n<meta name=\"twitter:label1\" content=\"Verfasst von\" \/>\n\t<meta name=\"twitter:data1\" content=\"Oh\" \/>\n\t<meta name=\"twitter:label2\" content=\"Gesch\u00e4tzte Lesezeit\" \/>\n\t<meta name=\"twitter:data2\" content=\"3\u00a0Minuten\" \/>\n<script type=\"application\/ld+json\" class=\"yoast-schema-graph\">{\"@context\":\"https:\\\/\\\/schema.org\",\"@graph\":[{\"@type\":\"Article\",\"@id\":\"https:\\\/\\\/dietz-verlag.de\\\/blog\\\/das-glueck-bauen-die-welt-veraendern-zwei-architekten-und-die-geschichte-des-sozialen-wohnungsbaus\\\/#article\",\"isPartOf\":{\"@id\":\"https:\\\/\\\/dietz-verlag.de\\\/blog\\\/das-glueck-bauen-die-welt-veraendern-zwei-architekten-und-die-geschichte-des-sozialen-wohnungsbaus\\\/\"},\"author\":{\"name\":\"Oh\",\"@id\":\"https:\\\/\\\/dietz-verlag.de\\\/blog\\\/#\\\/schema\\\/person\\\/7cd2cd668cf616f5c70cd54974dd6de3\"},\"headline\":\"\u00bbDas Gl\u00fcck bauen &#8211; die Welt ver\u00e4ndern\u00ab Zwei Architekten und die Geschichte des sozialen Wohnungsbaus\",\"datePublished\":\"2021-12-21T13:40:27+00:00\",\"dateModified\":\"2022-01-10T15:51:59+00:00\",\"mainEntityOfPage\":{\"@id\":\"https:\\\/\\\/dietz-verlag.de\\\/blog\\\/das-glueck-bauen-die-welt-veraendern-zwei-architekten-und-die-geschichte-des-sozialen-wohnungsbaus\\\/\"},\"wordCount\":524,\"image\":{\"@id\":\"https:\\\/\\\/dietz-verlag.de\\\/blog\\\/das-glueck-bauen-die-welt-veraendern-zwei-architekten-und-die-geschichte-des-sozialen-wohnungsbaus\\\/#primaryimage\"},\"thumbnailUrl\":\"https:\\\/\\\/dietz-verlag.de\\\/blog\\\/wp-content\\\/uploads\\\/2021\\\/12\\\/Blog_Ehmann.webp\",\"keywords\":[\"Architekten\",\"Architektur 20er Jahre\",\"Architekturgeschichte\",\"demokratische Sozialisten\",\"Entspannungspolitik\",\"Hufeisensiedlung\",\"Sozialbau\",\"sozialer Wohnungsbau\",\"sozialistische Weltanschauung\",\"Stadtplaner\",\"Unesco Weltkulturerbe\",\"Weltkulturerbe\"],\"articleSection\":[\"Neuerscheinungen\"],\"inLanguage\":\"de\"},{\"@type\":\"WebPage\",\"@id\":\"https:\\\/\\\/dietz-verlag.de\\\/blog\\\/das-glueck-bauen-die-welt-veraendern-zwei-architekten-und-die-geschichte-des-sozialen-wohnungsbaus\\\/\",\"url\":\"https:\\\/\\\/dietz-verlag.de\\\/blog\\\/das-glueck-bauen-die-welt-veraendern-zwei-architekten-und-die-geschichte-des-sozialen-wohnungsbaus\\\/\",\"name\":\"\u00bbDas Gl\u00fcck bauen - die Welt ver\u00e4ndern\u00ab Zwei Architekten und die Geschichte des sozialen Wohnungsbaus - Dietz Verlag Blog\",\"isPartOf\":{\"@id\":\"https:\\\/\\\/dietz-verlag.de\\\/blog\\\/#website\"},\"primaryImageOfPage\":{\"@id\":\"https:\\\/\\\/dietz-verlag.de\\\/blog\\\/das-glueck-bauen-die-welt-veraendern-zwei-architekten-und-die-geschichte-des-sozialen-wohnungsbaus\\\/#primaryimage\"},\"image\":{\"@id\":\"https:\\\/\\\/dietz-verlag.de\\\/blog\\\/das-glueck-bauen-die-welt-veraendern-zwei-architekten-und-die-geschichte-des-sozialen-wohnungsbaus\\\/#primaryimage\"},\"thumbnailUrl\":\"https:\\\/\\\/dietz-verlag.de\\\/blog\\\/wp-content\\\/uploads\\\/2021\\\/12\\\/Blog_Ehmann.webp\",\"datePublished\":\"2021-12-21T13:40:27+00:00\",\"dateModified\":\"2022-01-10T15:51:59+00:00\",\"author\":{\"@id\":\"https:\\\/\\\/dietz-verlag.de\\\/blog\\\/#\\\/schema\\\/person\\\/7cd2cd668cf616f5c70cd54974dd6de3\"},\"description\":\"Bruno Taut und Martin Wagner trugen zur Geschichte des sozialen Wohnungsbaus bei. Ihre Berliner Gro\u00dfsiedlungen geh\u00f6ren zum Weltkulturerbe.\",\"breadcrumb\":{\"@id\":\"https:\\\/\\\/dietz-verlag.de\\\/blog\\\/das-glueck-bauen-die-welt-veraendern-zwei-architekten-und-die-geschichte-des-sozialen-wohnungsbaus\\\/#breadcrumb\"},\"inLanguage\":\"de\",\"potentialAction\":[{\"@type\":\"ReadAction\",\"target\":[\"https:\\\/\\\/dietz-verlag.de\\\/blog\\\/das-glueck-bauen-die-welt-veraendern-zwei-architekten-und-die-geschichte-des-sozialen-wohnungsbaus\\\/\"]}]},{\"@type\":\"ImageObject\",\"inLanguage\":\"de\",\"@id\":\"https:\\\/\\\/dietz-verlag.de\\\/blog\\\/das-glueck-bauen-die-welt-veraendern-zwei-architekten-und-die-geschichte-des-sozialen-wohnungsbaus\\\/#primaryimage\",\"url\":\"https:\\\/\\\/dietz-verlag.de\\\/blog\\\/wp-content\\\/uploads\\\/2021\\\/12\\\/Blog_Ehmann.webp\",\"contentUrl\":\"https:\\\/\\\/dietz-verlag.de\\\/blog\\\/wp-content\\\/uploads\\\/2021\\\/12\\\/Blog_Ehmann.webp\",\"width\":1867,\"height\":933},{\"@type\":\"BreadcrumbList\",\"@id\":\"https:\\\/\\\/dietz-verlag.de\\\/blog\\\/das-glueck-bauen-die-welt-veraendern-zwei-architekten-und-die-geschichte-des-sozialen-wohnungsbaus\\\/#breadcrumb\",\"itemListElement\":[{\"@type\":\"ListItem\",\"position\":1,\"name\":\"Startseite\",\"item\":\"https:\\\/\\\/dietz-verlag.de\\\/blog\\\/\"},{\"@type\":\"ListItem\",\"position\":2,\"name\":\"\u00bbDas Gl\u00fcck bauen &#8211; die Welt ver\u00e4ndern\u00ab Zwei Architekten und die Geschichte des sozialen Wohnungsbaus\"}]},{\"@type\":\"WebSite\",\"@id\":\"https:\\\/\\\/dietz-verlag.de\\\/blog\\\/#website\",\"url\":\"https:\\\/\\\/dietz-verlag.de\\\/blog\\\/\",\"name\":\"Dietz Verlag Blog\",\"description\":\"Politik, Gesellschaft und Geschichte\",\"potentialAction\":[{\"@type\":\"SearchAction\",\"target\":{\"@type\":\"EntryPoint\",\"urlTemplate\":\"https:\\\/\\\/dietz-verlag.de\\\/blog\\\/?s={search_term_string}\"},\"query-input\":{\"@type\":\"PropertyValueSpecification\",\"valueRequired\":true,\"valueName\":\"search_term_string\"}}],\"inLanguage\":\"de\"},{\"@type\":\"Person\",\"@id\":\"https:\\\/\\\/dietz-verlag.de\\\/blog\\\/#\\\/schema\\\/person\\\/7cd2cd668cf616f5c70cd54974dd6de3\",\"name\":\"Oh\",\"image\":{\"@type\":\"ImageObject\",\"inLanguage\":\"de\",\"@id\":\"https:\\\/\\\/secure.gravatar.com\\\/avatar\\\/2753eb960a803d4b6c0fc295b07ad7ef2d5937b5e4e3f79504212153daa57c3d?s=96&d=mm&r=g\",\"url\":\"https:\\\/\\\/secure.gravatar.com\\\/avatar\\\/2753eb960a803d4b6c0fc295b07ad7ef2d5937b5e4e3f79504212153daa57c3d?s=96&d=mm&r=g\",\"contentUrl\":\"https:\\\/\\\/secure.gravatar.com\\\/avatar\\\/2753eb960a803d4b6c0fc295b07ad7ef2d5937b5e4e3f79504212153daa57c3d?s=96&d=mm&r=g\",\"caption\":\"Oh\"},\"sameAs\":[\"http:\\\/\\\/dietz-verlag.de\"],\"url\":\"https:\\\/\\\/dietz-verlag.de\\\/blog\\\/author\\\/barbaraoh\\\/\"}]}<\/script>\n<!-- \/ Yoast SEO plugin. -->","yoast_head_json":{"title":"\u00bbDas Gl\u00fcck bauen - die Welt ver\u00e4ndern\u00ab Zwei Architekten und die Geschichte des sozialen Wohnungsbaus - Dietz Verlag Blog","description":"Bruno Taut und Martin Wagner trugen zur Geschichte des sozialen Wohnungsbaus bei. Ihre Berliner Gro\u00dfsiedlungen geh\u00f6ren zum Weltkulturerbe.","robots":{"index":"index","follow":"follow","max-snippet":"max-snippet:-1","max-image-preview":"max-image-preview:large","max-video-preview":"max-video-preview:-1"},"canonical":"https:\/\/dietz-verlag.de\/blog\/das-glueck-bauen-die-welt-veraendern-zwei-architekten-und-die-geschichte-des-sozialen-wohnungsbaus\/","og_locale":"de_DE","og_type":"article","og_title":"\u00bbDas Gl\u00fcck bauen - die Welt ver\u00e4ndern\u00ab Zwei Architekten und die Geschichte des sozialen Wohnungsbaus - Dietz Verlag Blog","og_description":"Bruno Taut und Martin Wagner trugen zur Geschichte des sozialen Wohnungsbaus bei. Ihre Berliner Gro\u00dfsiedlungen geh\u00f6ren zum Weltkulturerbe.","og_url":"https:\/\/dietz-verlag.de\/blog\/das-glueck-bauen-die-welt-veraendern-zwei-architekten-und-die-geschichte-des-sozialen-wohnungsbaus\/","og_site_name":"Dietz Verlag Blog","article_published_time":"2021-12-21T13:40:27+00:00","article_modified_time":"2022-01-10T15:51:59+00:00","og_image":[{"width":1867,"height":933,"url":"https:\/\/dietz-verlag.de\/blog\/wp-content\/uploads\/2021\/12\/Blog_Ehmann.webp","type":"image\/webp"}],"author":"Oh","twitter_card":"summary_large_image","twitter_misc":{"Verfasst von":"Oh","Gesch\u00e4tzte Lesezeit":"3\u00a0Minuten"},"schema":{"@context":"https:\/\/schema.org","@graph":[{"@type":"Article","@id":"https:\/\/dietz-verlag.de\/blog\/das-glueck-bauen-die-welt-veraendern-zwei-architekten-und-die-geschichte-des-sozialen-wohnungsbaus\/#article","isPartOf":{"@id":"https:\/\/dietz-verlag.de\/blog\/das-glueck-bauen-die-welt-veraendern-zwei-architekten-und-die-geschichte-des-sozialen-wohnungsbaus\/"},"author":{"name":"Oh","@id":"https:\/\/dietz-verlag.de\/blog\/#\/schema\/person\/7cd2cd668cf616f5c70cd54974dd6de3"},"headline":"\u00bbDas Gl\u00fcck bauen &#8211; die Welt ver\u00e4ndern\u00ab Zwei Architekten und die Geschichte des sozialen Wohnungsbaus","datePublished":"2021-12-21T13:40:27+00:00","dateModified":"2022-01-10T15:51:59+00:00","mainEntityOfPage":{"@id":"https:\/\/dietz-verlag.de\/blog\/das-glueck-bauen-die-welt-veraendern-zwei-architekten-und-die-geschichte-des-sozialen-wohnungsbaus\/"},"wordCount":524,"image":{"@id":"https:\/\/dietz-verlag.de\/blog\/das-glueck-bauen-die-welt-veraendern-zwei-architekten-und-die-geschichte-des-sozialen-wohnungsbaus\/#primaryimage"},"thumbnailUrl":"https:\/\/dietz-verlag.de\/blog\/wp-content\/uploads\/2021\/12\/Blog_Ehmann.webp","keywords":["Architekten","Architektur 20er Jahre","Architekturgeschichte","demokratische Sozialisten","Entspannungspolitik","Hufeisensiedlung","Sozialbau","sozialer Wohnungsbau","sozialistische Weltanschauung","Stadtplaner","Unesco Weltkulturerbe","Weltkulturerbe"],"articleSection":["Neuerscheinungen"],"inLanguage":"de"},{"@type":"WebPage","@id":"https:\/\/dietz-verlag.de\/blog\/das-glueck-bauen-die-welt-veraendern-zwei-architekten-und-die-geschichte-des-sozialen-wohnungsbaus\/","url":"https:\/\/dietz-verlag.de\/blog\/das-glueck-bauen-die-welt-veraendern-zwei-architekten-und-die-geschichte-des-sozialen-wohnungsbaus\/","name":"\u00bbDas Gl\u00fcck bauen - die Welt ver\u00e4ndern\u00ab Zwei Architekten und die Geschichte des sozialen Wohnungsbaus - Dietz Verlag Blog","isPartOf":{"@id":"https:\/\/dietz-verlag.de\/blog\/#website"},"primaryImageOfPage":{"@id":"https:\/\/dietz-verlag.de\/blog\/das-glueck-bauen-die-welt-veraendern-zwei-architekten-und-die-geschichte-des-sozialen-wohnungsbaus\/#primaryimage"},"image":{"@id":"https:\/\/dietz-verlag.de\/blog\/das-glueck-bauen-die-welt-veraendern-zwei-architekten-und-die-geschichte-des-sozialen-wohnungsbaus\/#primaryimage"},"thumbnailUrl":"https:\/\/dietz-verlag.de\/blog\/wp-content\/uploads\/2021\/12\/Blog_Ehmann.webp","datePublished":"2021-12-21T13:40:27+00:00","dateModified":"2022-01-10T15:51:59+00:00","author":{"@id":"https:\/\/dietz-verlag.de\/blog\/#\/schema\/person\/7cd2cd668cf616f5c70cd54974dd6de3"},"description":"Bruno Taut und Martin Wagner trugen zur Geschichte des sozialen Wohnungsbaus bei. Ihre Berliner Gro\u00dfsiedlungen geh\u00f6ren zum Weltkulturerbe.","breadcrumb":{"@id":"https:\/\/dietz-verlag.de\/blog\/das-glueck-bauen-die-welt-veraendern-zwei-architekten-und-die-geschichte-des-sozialen-wohnungsbaus\/#breadcrumb"},"inLanguage":"de","potentialAction":[{"@type":"ReadAction","target":["https:\/\/dietz-verlag.de\/blog\/das-glueck-bauen-die-welt-veraendern-zwei-architekten-und-die-geschichte-des-sozialen-wohnungsbaus\/"]}]},{"@type":"ImageObject","inLanguage":"de","@id":"https:\/\/dietz-verlag.de\/blog\/das-glueck-bauen-die-welt-veraendern-zwei-architekten-und-die-geschichte-des-sozialen-wohnungsbaus\/#primaryimage","url":"https:\/\/dietz-verlag.de\/blog\/wp-content\/uploads\/2021\/12\/Blog_Ehmann.webp","contentUrl":"https:\/\/dietz-verlag.de\/blog\/wp-content\/uploads\/2021\/12\/Blog_Ehmann.webp","width":1867,"height":933},{"@type":"BreadcrumbList","@id":"https:\/\/dietz-verlag.de\/blog\/das-glueck-bauen-die-welt-veraendern-zwei-architekten-und-die-geschichte-des-sozialen-wohnungsbaus\/#breadcrumb","itemListElement":[{"@type":"ListItem","position":1,"name":"Startseite","item":"https:\/\/dietz-verlag.de\/blog\/"},{"@type":"ListItem","position":2,"name":"\u00bbDas Gl\u00fcck bauen &#8211; die Welt ver\u00e4ndern\u00ab Zwei Architekten und die Geschichte des sozialen Wohnungsbaus"}]},{"@type":"WebSite","@id":"https:\/\/dietz-verlag.de\/blog\/#website","url":"https:\/\/dietz-verlag.de\/blog\/","name":"Dietz Verlag Blog","description":"Politik, Gesellschaft und Geschichte","potentialAction":[{"@type":"SearchAction","target":{"@type":"EntryPoint","urlTemplate":"https:\/\/dietz-verlag.de\/blog\/?s={search_term_string}"},"query-input":{"@type":"PropertyValueSpecification","valueRequired":true,"valueName":"search_term_string"}}],"inLanguage":"de"},{"@type":"Person","@id":"https:\/\/dietz-verlag.de\/blog\/#\/schema\/person\/7cd2cd668cf616f5c70cd54974dd6de3","name":"Oh","image":{"@type":"ImageObject","inLanguage":"de","@id":"https:\/\/secure.gravatar.com\/avatar\/2753eb960a803d4b6c0fc295b07ad7ef2d5937b5e4e3f79504212153daa57c3d?s=96&d=mm&r=g","url":"https:\/\/secure.gravatar.com\/avatar\/2753eb960a803d4b6c0fc295b07ad7ef2d5937b5e4e3f79504212153daa57c3d?s=96&d=mm&r=g","contentUrl":"https:\/\/secure.gravatar.com\/avatar\/2753eb960a803d4b6c0fc295b07ad7ef2d5937b5e4e3f79504212153daa57c3d?s=96&d=mm&r=g","caption":"Oh"},"sameAs":["http:\/\/dietz-verlag.de"],"url":"https:\/\/dietz-verlag.de\/blog\/author\/barbaraoh\/"}]}},"_links":{"self":[{"href":"https:\/\/dietz-verlag.de\/blog\/wp-json\/wp\/v2\/posts\/1818","targetHints":{"allow":["GET"]}}],"collection":[{"href":"https:\/\/dietz-verlag.de\/blog\/wp-json\/wp\/v2\/posts"}],"about":[{"href":"https:\/\/dietz-verlag.de\/blog\/wp-json\/wp\/v2\/types\/post"}],"author":[{"embeddable":true,"href":"https:\/\/dietz-verlag.de\/blog\/wp-json\/wp\/v2\/users\/2"}],"replies":[{"embeddable":true,"href":"https:\/\/dietz-verlag.de\/blog\/wp-json\/wp\/v2\/comments?post=1818"}],"version-history":[{"count":29,"href":"https:\/\/dietz-verlag.de\/blog\/wp-json\/wp\/v2\/posts\/1818\/revisions"}],"predecessor-version":[{"id":1899,"href":"https:\/\/dietz-verlag.de\/blog\/wp-json\/wp\/v2\/posts\/1818\/revisions\/1899"}],"wp:featuredmedia":[{"embeddable":true,"href":"https:\/\/dietz-verlag.de\/blog\/wp-json\/wp\/v2\/media\/1885"}],"wp:attachment":[{"href":"https:\/\/dietz-verlag.de\/blog\/wp-json\/wp\/v2\/media?parent=1818"}],"wp:term":[{"taxonomy":"category","embeddable":true,"href":"https:\/\/dietz-verlag.de\/blog\/wp-json\/wp\/v2\/categories?post=1818"},{"taxonomy":"post_tag","embeddable":true,"href":"https:\/\/dietz-verlag.de\/blog\/wp-json\/wp\/v2\/tags?post=1818"},{"taxonomy":"post_flag","embeddable":true,"href":"https:\/\/dietz-verlag.de\/blog\/wp-json\/wp\/v2\/post_flags?post=1818"}],"curies":[{"name":"wp","href":"https:\/\/api.w.org\/{rel}","templated":true}]}}