{"id":1637,"date":"2021-11-05T17:13:00","date_gmt":"2021-11-05T17:13:00","guid":{"rendered":"https:\/\/dietz-verlag.de\/blog\/?p=1637"},"modified":"2021-11-16T10:39:26","modified_gmt":"2021-11-16T10:39:26","slug":"niklas-frank-im-podcast-gespraech","status":"publish","type":"post","link":"https:\/\/dietz-verlag.de\/blog\/niklas-frank-im-podcast-gespraech\/","title":{"rendered":"Niklas Frank im Podcast-Gespr\u00e4ch \u00fcber sein neues Buch &#8222;Meine Familie und ihr Henker&#8220;"},"content":{"rendered":"\n<p>In der neuen Folge unseres Podcast &#8222;Dietz &amp; Das&#8220; spricht Bestseller-Autor Niklas Frank, Sohn des Nazi-Kriegsverbrechers Hans Frank, \u00fcber sein neues Buch&nbsp;<a href=\"https:\/\/dietz-verlag.de\/isbn\/9783801206109\/Meine-Familie-und-ihr-Henker-Der-Schlaechter-von-Polen-sein-Nuernberger-Prozess-und-das-Trauma-der-Verdraengung-Niklas-Frank\">\u00bbMeine Familie und ihr Henker &#8211; Der Schl\u00e4chter von Polen, sein N\u00fcrnberger Prozess und das Trauma der Verdr\u00e4ngung\u00ab.<\/a> Darin legt Niklas Frank die private Familienkorrespondenz w\u00e4hrend des N\u00fcrnberger Prozesses offen. Das Buch zeigt, wie verlogen, kalt, aber auch verzweifelt, grotesk und auf schaurige Weise komisch diese gefallene Nazi-Familie mit dem Prozess und schlie\u00dflich der Hinrichtung von Hans Frank umging. <\/p>\n\n\n\n<p>Niklas Frank, geboren 1939, war \u00fcber zwei Jahrzehnte Reporter beim STERN und vollendete nach zwei B\u00fcchern gegen seine Eltern (\u00bbDer Vater\u00ab und \u00bbMeine deutsche Mutter\u00ab) mit \u00bbBruder Norman!\u00ab eine schonungslose Trilogie \u00fcber seine Familie, die dank Hitler aufstieg. <\/p>\n\n\n\n<h3 class=\"wp-block-heading\"><a href=\"https:\/\/dietz-verlag.de\/isbn\/9783801206109\/Meine-Familie-und-ihr-Henker-Der-Schlaechter-von-Polen-sein-Nuernberger-Prozess-und-das-Trauma-der-Verdraengung-Niklas-Frank#tab-podcasts\">Podcast-Gespr\u00e4ch hier anh\u00f6ren!<\/a><\/h3>\n\n\n\n<p> \u00bb<a href=\"https:\/\/dietz-verlag.de\/podcast-dietzunddas.htm\" target=\"_blank\" rel=\"noreferrer noopener\">Dietz &amp; Das<\/a>\u00ab &#8211; so hei\u00dft unser Podcast zu Politik, Gesellschaft und Geschichte. Autor*innen aus dem Dietz-Verlag stellen hier ihre neuen B\u00fccher vor und sprechen \u00fcber politische und gesellschaftliche Themen &#8211; informativ, unterhaltsam, inspirierend. Jeden ersten Freitag im Monat gibt es eine neue Folge: spannende, offene Diskussionen und neue Sichtweisen von unterschiedlichen Expert*innen f\u00fcr alle, die sich eine differenzierte Meinung bilden wollen. \u00bbDietz &amp; Das\u00ab ist auf unserer <a href=\"https:\/\/dietz-verlag.de\/podcast-dietzunddas.htm\" target=\"_blank\" rel=\"noreferrer noopener\">Website<\/a> und auf allen Podcast-Plattformen abrufbar.  <\/p>\n","protected":false},"excerpt":{"rendered":"<p>In der neuen Folge unseres Podcast &#8222;Dietz &amp; Das&#8220; spricht Bestseller-Autor Niklas Frank, Sohn des Nazi-Kriegsverbrechers Hans Frank, \u00fcber sein neues Buch&nbsp;\u00bbMeine Familie und ihr Henker &#8211; Der Schl\u00e4chter von Polen, sein N\u00fcrnberger Prozess und das Trauma der Verdr\u00e4ngung\u00ab. Darin legt Niklas Frank die private Familienkorrespondenz w\u00e4hrend des N\u00fcrnberger Prozesses offen. Das Buch zeigt, wie [&hellip;]<\/p>\n","protected":false},"author":2,"featured_media":1662,"comment_status":"closed","ping_status":"open","sticky":false,"template":"","format":"standard","meta":{"footnotes":""},"categories":[31],"tags":[18,17,67,66,21],"post_flags":[],"class_list":["post-1637","post","type-post","status-publish","format-standard","has-post-thumbnail","hentry","category-podcast-politik-und-gesellschaft","tag-hans-frank","tag-nationalsozialismus","tag-nazi-verbrecher","tag-nuernberger-prozesse","tag-todesstrafe"],"acf":[],"yoast_head":"<!-- This site is optimized with the Yoast SEO plugin v27.5 - https:\/\/yoast.com\/product\/yoast-seo-wordpress\/ -->\n<title>Niklas Frank im Podcast-Gespr\u00e4ch \u00fcber sein neues Buch &quot;Meine Familie und ihr Henker&quot; - Dietz Verlag Blog<\/title>\n<meta name=\"description\" content=\"Niklas Frank, Sohn des Nazi-Verbrechers Hans Frank, spricht dar\u00fcber, wie seine Familie den N\u00fcrnberger Hauptkriegsverbrecher-Prozess erlebte. In seinem neuen Buch ver\u00f6ffentlicht er die private Korrespondenz zwischen Hans Frank und der Familie aus dieser Zeit.\" \/>\n<meta name=\"robots\" content=\"index, follow, max-snippet:-1, max-image-preview:large, max-video-preview:-1\" \/>\n<link rel=\"canonical\" href=\"https:\/\/dietz-verlag.de\/blog\/niklas-frank-im-podcast-gespraech\/\" \/>\n<meta property=\"og:locale\" content=\"de_DE\" \/>\n<meta property=\"og:type\" content=\"article\" \/>\n<meta property=\"og:title\" content=\"Niklas Frank im Podcast-Gespr\u00e4ch \u00fcber sein neues Buch &quot;Meine Familie und ihr Henker&quot; - Dietz Verlag Blog\" \/>\n<meta property=\"og:description\" content=\"Niklas Frank, Sohn des Nazi-Verbrechers Hans Frank, spricht dar\u00fcber, wie seine Familie den N\u00fcrnberger Hauptkriegsverbrecher-Prozess erlebte. In seinem neuen Buch ver\u00f6ffentlicht er die private Korrespondenz zwischen Hans Frank und der Familie aus dieser Zeit.\" \/>\n<meta property=\"og:url\" content=\"https:\/\/dietz-verlag.de\/blog\/niklas-frank-im-podcast-gespraech\/\" \/>\n<meta property=\"og:site_name\" content=\"Dietz Verlag Blog\" \/>\n<meta property=\"article:published_time\" content=\"2021-11-05T17:13:00+00:00\" \/>\n<meta property=\"article:modified_time\" content=\"2021-11-16T10:39:26+00:00\" \/>\n<meta property=\"og:image\" content=\"https:\/\/dietz-verlag.de\/blog\/wp-content\/uploads\/2021\/11\/Podcast_Niklas-Frank.webp\" \/>\n\t<meta property=\"og:image:width\" content=\"1867\" \/>\n\t<meta property=\"og:image:height\" content=\"933\" \/>\n\t<meta property=\"og:image:type\" content=\"image\/webp\" \/>\n<meta name=\"author\" content=\"Oh\" \/>\n<meta name=\"twitter:card\" content=\"summary_large_image\" \/>\n<meta name=\"twitter:label1\" content=\"Verfasst von\" \/>\n\t<meta name=\"twitter:data1\" content=\"Oh\" \/>\n\t<meta name=\"twitter:label2\" content=\"Gesch\u00e4tzte Lesezeit\" \/>\n\t<meta name=\"twitter:data2\" content=\"1\u00a0Minute\" \/>\n<script type=\"application\/ld+json\" class=\"yoast-schema-graph\">{\"@context\":\"https:\\\/\\\/schema.org\",\"@graph\":[{\"@type\":\"Article\",\"@id\":\"https:\\\/\\\/dietz-verlag.de\\\/blog\\\/niklas-frank-im-podcast-gespraech\\\/#article\",\"isPartOf\":{\"@id\":\"https:\\\/\\\/dietz-verlag.de\\\/blog\\\/niklas-frank-im-podcast-gespraech\\\/\"},\"author\":{\"name\":\"Oh\",\"@id\":\"https:\\\/\\\/dietz-verlag.de\\\/blog\\\/#\\\/schema\\\/person\\\/7cd2cd668cf616f5c70cd54974dd6de3\"},\"headline\":\"Niklas Frank im Podcast-Gespr\u00e4ch \u00fcber sein neues Buch &#8222;Meine Familie und ihr Henker&#8220;\",\"datePublished\":\"2021-11-05T17:13:00+00:00\",\"dateModified\":\"2021-11-16T10:39:26+00:00\",\"mainEntityOfPage\":{\"@id\":\"https:\\\/\\\/dietz-verlag.de\\\/blog\\\/niklas-frank-im-podcast-gespraech\\\/\"},\"wordCount\":224,\"image\":{\"@id\":\"https:\\\/\\\/dietz-verlag.de\\\/blog\\\/niklas-frank-im-podcast-gespraech\\\/#primaryimage\"},\"thumbnailUrl\":\"https:\\\/\\\/dietz-verlag.de\\\/blog\\\/wp-content\\\/uploads\\\/2021\\\/11\\\/Podcast_Niklas-Frank.webp\",\"keywords\":[\"Hans Frank\",\"Nationalsozialismus\",\"Nazi-Verbrecher\",\"N\u00dcrnberger Prozesse\",\"Todesstrafe\"],\"articleSection\":[\"Podcast \u00bbDietz &amp; Das\u00ab\"],\"inLanguage\":\"de\"},{\"@type\":\"WebPage\",\"@id\":\"https:\\\/\\\/dietz-verlag.de\\\/blog\\\/niklas-frank-im-podcast-gespraech\\\/\",\"url\":\"https:\\\/\\\/dietz-verlag.de\\\/blog\\\/niklas-frank-im-podcast-gespraech\\\/\",\"name\":\"Niklas Frank im Podcast-Gespr\u00e4ch \u00fcber sein neues Buch \\\"Meine Familie und ihr Henker\\\" - Dietz Verlag Blog\",\"isPartOf\":{\"@id\":\"https:\\\/\\\/dietz-verlag.de\\\/blog\\\/#website\"},\"primaryImageOfPage\":{\"@id\":\"https:\\\/\\\/dietz-verlag.de\\\/blog\\\/niklas-frank-im-podcast-gespraech\\\/#primaryimage\"},\"image\":{\"@id\":\"https:\\\/\\\/dietz-verlag.de\\\/blog\\\/niklas-frank-im-podcast-gespraech\\\/#primaryimage\"},\"thumbnailUrl\":\"https:\\\/\\\/dietz-verlag.de\\\/blog\\\/wp-content\\\/uploads\\\/2021\\\/11\\\/Podcast_Niklas-Frank.webp\",\"datePublished\":\"2021-11-05T17:13:00+00:00\",\"dateModified\":\"2021-11-16T10:39:26+00:00\",\"author\":{\"@id\":\"https:\\\/\\\/dietz-verlag.de\\\/blog\\\/#\\\/schema\\\/person\\\/7cd2cd668cf616f5c70cd54974dd6de3\"},\"description\":\"Niklas Frank, Sohn des Nazi-Verbrechers Hans Frank, spricht dar\u00fcber, wie seine Familie den N\u00fcrnberger Hauptkriegsverbrecher-Prozess erlebte. In seinem neuen Buch ver\u00f6ffentlicht er die private Korrespondenz zwischen Hans Frank und der Familie aus dieser Zeit.\",\"breadcrumb\":{\"@id\":\"https:\\\/\\\/dietz-verlag.de\\\/blog\\\/niklas-frank-im-podcast-gespraech\\\/#breadcrumb\"},\"inLanguage\":\"de\",\"potentialAction\":[{\"@type\":\"ReadAction\",\"target\":[\"https:\\\/\\\/dietz-verlag.de\\\/blog\\\/niklas-frank-im-podcast-gespraech\\\/\"]}]},{\"@type\":\"ImageObject\",\"inLanguage\":\"de\",\"@id\":\"https:\\\/\\\/dietz-verlag.de\\\/blog\\\/niklas-frank-im-podcast-gespraech\\\/#primaryimage\",\"url\":\"https:\\\/\\\/dietz-verlag.de\\\/blog\\\/wp-content\\\/uploads\\\/2021\\\/11\\\/Podcast_Niklas-Frank.webp\",\"contentUrl\":\"https:\\\/\\\/dietz-verlag.de\\\/blog\\\/wp-content\\\/uploads\\\/2021\\\/11\\\/Podcast_Niklas-Frank.webp\",\"width\":1867,\"height\":933,\"caption\":\"Niklas Frank zu Gast im Podcast \\\"Dietz & Das\\\"\"},{\"@type\":\"BreadcrumbList\",\"@id\":\"https:\\\/\\\/dietz-verlag.de\\\/blog\\\/niklas-frank-im-podcast-gespraech\\\/#breadcrumb\",\"itemListElement\":[{\"@type\":\"ListItem\",\"position\":1,\"name\":\"Startseite\",\"item\":\"https:\\\/\\\/dietz-verlag.de\\\/blog\\\/\"},{\"@type\":\"ListItem\",\"position\":2,\"name\":\"Niklas Frank im Podcast-Gespr\u00e4ch \u00fcber sein neues Buch &#8222;Meine Familie und ihr Henker&#8220;\"}]},{\"@type\":\"WebSite\",\"@id\":\"https:\\\/\\\/dietz-verlag.de\\\/blog\\\/#website\",\"url\":\"https:\\\/\\\/dietz-verlag.de\\\/blog\\\/\",\"name\":\"Dietz Verlag Blog\",\"description\":\"Politik, Gesellschaft und Geschichte\",\"potentialAction\":[{\"@type\":\"SearchAction\",\"target\":{\"@type\":\"EntryPoint\",\"urlTemplate\":\"https:\\\/\\\/dietz-verlag.de\\\/blog\\\/?s={search_term_string}\"},\"query-input\":{\"@type\":\"PropertyValueSpecification\",\"valueRequired\":true,\"valueName\":\"search_term_string\"}}],\"inLanguage\":\"de\"},{\"@type\":\"Person\",\"@id\":\"https:\\\/\\\/dietz-verlag.de\\\/blog\\\/#\\\/schema\\\/person\\\/7cd2cd668cf616f5c70cd54974dd6de3\",\"name\":\"Oh\",\"image\":{\"@type\":\"ImageObject\",\"inLanguage\":\"de\",\"@id\":\"https:\\\/\\\/secure.gravatar.com\\\/avatar\\\/2753eb960a803d4b6c0fc295b07ad7ef2d5937b5e4e3f79504212153daa57c3d?s=96&d=mm&r=g\",\"url\":\"https:\\\/\\\/secure.gravatar.com\\\/avatar\\\/2753eb960a803d4b6c0fc295b07ad7ef2d5937b5e4e3f79504212153daa57c3d?s=96&d=mm&r=g\",\"contentUrl\":\"https:\\\/\\\/secure.gravatar.com\\\/avatar\\\/2753eb960a803d4b6c0fc295b07ad7ef2d5937b5e4e3f79504212153daa57c3d?s=96&d=mm&r=g\",\"caption\":\"Oh\"},\"sameAs\":[\"http:\\\/\\\/dietz-verlag.de\"],\"url\":\"https:\\\/\\\/dietz-verlag.de\\\/blog\\\/author\\\/barbaraoh\\\/\"}]}<\/script>\n<!-- \/ Yoast SEO plugin. -->","yoast_head_json":{"title":"Niklas Frank im Podcast-Gespr\u00e4ch \u00fcber sein neues Buch \"Meine Familie und ihr Henker\" - Dietz Verlag Blog","description":"Niklas Frank, Sohn des Nazi-Verbrechers Hans Frank, spricht dar\u00fcber, wie seine Familie den N\u00fcrnberger Hauptkriegsverbrecher-Prozess erlebte. In seinem neuen Buch ver\u00f6ffentlicht er die private Korrespondenz zwischen Hans Frank und der Familie aus dieser Zeit.","robots":{"index":"index","follow":"follow","max-snippet":"max-snippet:-1","max-image-preview":"max-image-preview:large","max-video-preview":"max-video-preview:-1"},"canonical":"https:\/\/dietz-verlag.de\/blog\/niklas-frank-im-podcast-gespraech\/","og_locale":"de_DE","og_type":"article","og_title":"Niklas Frank im Podcast-Gespr\u00e4ch \u00fcber sein neues Buch \"Meine Familie und ihr Henker\" - Dietz Verlag Blog","og_description":"Niklas Frank, Sohn des Nazi-Verbrechers Hans Frank, spricht dar\u00fcber, wie seine Familie den N\u00fcrnberger Hauptkriegsverbrecher-Prozess erlebte. In seinem neuen Buch ver\u00f6ffentlicht er die private Korrespondenz zwischen Hans Frank und der Familie aus dieser Zeit.","og_url":"https:\/\/dietz-verlag.de\/blog\/niklas-frank-im-podcast-gespraech\/","og_site_name":"Dietz Verlag Blog","article_published_time":"2021-11-05T17:13:00+00:00","article_modified_time":"2021-11-16T10:39:26+00:00","og_image":[{"width":1867,"height":933,"url":"https:\/\/dietz-verlag.de\/blog\/wp-content\/uploads\/2021\/11\/Podcast_Niklas-Frank.webp","type":"image\/webp"}],"author":"Oh","twitter_card":"summary_large_image","twitter_misc":{"Verfasst von":"Oh","Gesch\u00e4tzte Lesezeit":"1\u00a0Minute"},"schema":{"@context":"https:\/\/schema.org","@graph":[{"@type":"Article","@id":"https:\/\/dietz-verlag.de\/blog\/niklas-frank-im-podcast-gespraech\/#article","isPartOf":{"@id":"https:\/\/dietz-verlag.de\/blog\/niklas-frank-im-podcast-gespraech\/"},"author":{"name":"Oh","@id":"https:\/\/dietz-verlag.de\/blog\/#\/schema\/person\/7cd2cd668cf616f5c70cd54974dd6de3"},"headline":"Niklas Frank im Podcast-Gespr\u00e4ch \u00fcber sein neues Buch &#8222;Meine Familie und ihr Henker&#8220;","datePublished":"2021-11-05T17:13:00+00:00","dateModified":"2021-11-16T10:39:26+00:00","mainEntityOfPage":{"@id":"https:\/\/dietz-verlag.de\/blog\/niklas-frank-im-podcast-gespraech\/"},"wordCount":224,"image":{"@id":"https:\/\/dietz-verlag.de\/blog\/niklas-frank-im-podcast-gespraech\/#primaryimage"},"thumbnailUrl":"https:\/\/dietz-verlag.de\/blog\/wp-content\/uploads\/2021\/11\/Podcast_Niklas-Frank.webp","keywords":["Hans Frank","Nationalsozialismus","Nazi-Verbrecher","N\u00dcrnberger Prozesse","Todesstrafe"],"articleSection":["Podcast \u00bbDietz &amp; Das\u00ab"],"inLanguage":"de"},{"@type":"WebPage","@id":"https:\/\/dietz-verlag.de\/blog\/niklas-frank-im-podcast-gespraech\/","url":"https:\/\/dietz-verlag.de\/blog\/niklas-frank-im-podcast-gespraech\/","name":"Niklas Frank im Podcast-Gespr\u00e4ch \u00fcber sein neues Buch \"Meine Familie und ihr Henker\" - Dietz Verlag Blog","isPartOf":{"@id":"https:\/\/dietz-verlag.de\/blog\/#website"},"primaryImageOfPage":{"@id":"https:\/\/dietz-verlag.de\/blog\/niklas-frank-im-podcast-gespraech\/#primaryimage"},"image":{"@id":"https:\/\/dietz-verlag.de\/blog\/niklas-frank-im-podcast-gespraech\/#primaryimage"},"thumbnailUrl":"https:\/\/dietz-verlag.de\/blog\/wp-content\/uploads\/2021\/11\/Podcast_Niklas-Frank.webp","datePublished":"2021-11-05T17:13:00+00:00","dateModified":"2021-11-16T10:39:26+00:00","author":{"@id":"https:\/\/dietz-verlag.de\/blog\/#\/schema\/person\/7cd2cd668cf616f5c70cd54974dd6de3"},"description":"Niklas Frank, Sohn des Nazi-Verbrechers Hans Frank, spricht dar\u00fcber, wie seine Familie den N\u00fcrnberger Hauptkriegsverbrecher-Prozess erlebte. In seinem neuen Buch ver\u00f6ffentlicht er die private Korrespondenz zwischen Hans Frank und der Familie aus dieser Zeit.","breadcrumb":{"@id":"https:\/\/dietz-verlag.de\/blog\/niklas-frank-im-podcast-gespraech\/#breadcrumb"},"inLanguage":"de","potentialAction":[{"@type":"ReadAction","target":["https:\/\/dietz-verlag.de\/blog\/niklas-frank-im-podcast-gespraech\/"]}]},{"@type":"ImageObject","inLanguage":"de","@id":"https:\/\/dietz-verlag.de\/blog\/niklas-frank-im-podcast-gespraech\/#primaryimage","url":"https:\/\/dietz-verlag.de\/blog\/wp-content\/uploads\/2021\/11\/Podcast_Niklas-Frank.webp","contentUrl":"https:\/\/dietz-verlag.de\/blog\/wp-content\/uploads\/2021\/11\/Podcast_Niklas-Frank.webp","width":1867,"height":933,"caption":"Niklas Frank zu Gast im Podcast \"Dietz & Das\""},{"@type":"BreadcrumbList","@id":"https:\/\/dietz-verlag.de\/blog\/niklas-frank-im-podcast-gespraech\/#breadcrumb","itemListElement":[{"@type":"ListItem","position":1,"name":"Startseite","item":"https:\/\/dietz-verlag.de\/blog\/"},{"@type":"ListItem","position":2,"name":"Niklas Frank im Podcast-Gespr\u00e4ch \u00fcber sein neues Buch &#8222;Meine Familie und ihr Henker&#8220;"}]},{"@type":"WebSite","@id":"https:\/\/dietz-verlag.de\/blog\/#website","url":"https:\/\/dietz-verlag.de\/blog\/","name":"Dietz Verlag Blog","description":"Politik, Gesellschaft und Geschichte","potentialAction":[{"@type":"SearchAction","target":{"@type":"EntryPoint","urlTemplate":"https:\/\/dietz-verlag.de\/blog\/?s={search_term_string}"},"query-input":{"@type":"PropertyValueSpecification","valueRequired":true,"valueName":"search_term_string"}}],"inLanguage":"de"},{"@type":"Person","@id":"https:\/\/dietz-verlag.de\/blog\/#\/schema\/person\/7cd2cd668cf616f5c70cd54974dd6de3","name":"Oh","image":{"@type":"ImageObject","inLanguage":"de","@id":"https:\/\/secure.gravatar.com\/avatar\/2753eb960a803d4b6c0fc295b07ad7ef2d5937b5e4e3f79504212153daa57c3d?s=96&d=mm&r=g","url":"https:\/\/secure.gravatar.com\/avatar\/2753eb960a803d4b6c0fc295b07ad7ef2d5937b5e4e3f79504212153daa57c3d?s=96&d=mm&r=g","contentUrl":"https:\/\/secure.gravatar.com\/avatar\/2753eb960a803d4b6c0fc295b07ad7ef2d5937b5e4e3f79504212153daa57c3d?s=96&d=mm&r=g","caption":"Oh"},"sameAs":["http:\/\/dietz-verlag.de"],"url":"https:\/\/dietz-verlag.de\/blog\/author\/barbaraoh\/"}]}},"_links":{"self":[{"href":"https:\/\/dietz-verlag.de\/blog\/wp-json\/wp\/v2\/posts\/1637","targetHints":{"allow":["GET"]}}],"collection":[{"href":"https:\/\/dietz-verlag.de\/blog\/wp-json\/wp\/v2\/posts"}],"about":[{"href":"https:\/\/dietz-verlag.de\/blog\/wp-json\/wp\/v2\/types\/post"}],"author":[{"embeddable":true,"href":"https:\/\/dietz-verlag.de\/blog\/wp-json\/wp\/v2\/users\/2"}],"replies":[{"embeddable":true,"href":"https:\/\/dietz-verlag.de\/blog\/wp-json\/wp\/v2\/comments?post=1637"}],"version-history":[{"count":13,"href":"https:\/\/dietz-verlag.de\/blog\/wp-json\/wp\/v2\/posts\/1637\/revisions"}],"predecessor-version":[{"id":1725,"href":"https:\/\/dietz-verlag.de\/blog\/wp-json\/wp\/v2\/posts\/1637\/revisions\/1725"}],"wp:featuredmedia":[{"embeddable":true,"href":"https:\/\/dietz-verlag.de\/blog\/wp-json\/wp\/v2\/media\/1662"}],"wp:attachment":[{"href":"https:\/\/dietz-verlag.de\/blog\/wp-json\/wp\/v2\/media?parent=1637"}],"wp:term":[{"taxonomy":"category","embeddable":true,"href":"https:\/\/dietz-verlag.de\/blog\/wp-json\/wp\/v2\/categories?post=1637"},{"taxonomy":"post_tag","embeddable":true,"href":"https:\/\/dietz-verlag.de\/blog\/wp-json\/wp\/v2\/tags?post=1637"},{"taxonomy":"post_flag","embeddable":true,"href":"https:\/\/dietz-verlag.de\/blog\/wp-json\/wp\/v2\/post_flags?post=1637"}],"curies":[{"name":"wp","href":"https:\/\/api.w.org\/{rel}","templated":true}]}}