{"id":1501,"date":"2021-10-04T08:27:38","date_gmt":"2021-10-04T08:27:38","guid":{"rendered":"https:\/\/dietz-verlag.de\/blog\/?p=1501"},"modified":"2022-03-21T09:58:35","modified_gmt":"2022-03-21T09:58:35","slug":"neue-podcast-folge-stephan-schmauke-promotionsratgeber","status":"publish","type":"post","link":"https:\/\/dietz-verlag.de\/blog\/neue-podcast-folge-stephan-schmauke-promotionsratgeber\/","title":{"rendered":"Neues Podcast-Gespr\u00e4ch mit Stephan Schmauke \u00fcber seinen Promotionsratgeber"},"content":{"rendered":"\n<p>In unserer neuen Podcast-Folge unterh\u00e4lt sich der Verfasser des Promotionsratgebers \u00bb<a href=\"https:\/\/dietz-verlag.de\/isbn\/9783801205850\/Der-Weg-zur-Promotion-Strukturiert-und-gelassen-zum-Doktortitel-Stephan-Schmauke\" target=\"_blank\" rel=\"noreferrer noopener\">Der Weg zur Promotion. Strukturiert und gelassen zum Doktortitel<\/a>\u00ab Stephan Schmauke mit seiner Tochter Emma \u00fcber die Herausforderungen, vor denen Promovierende heutzutage stehen. Sie wollen z\u00fcgig vorankommen, ohne aber den \u00dcberblick zu verlieren, m\u00fcssen den Anforderungen eines verschulten Wissenschaftsbetriebes gen\u00fcgen, ohne die Anspr\u00fcche an wissenschaftliches Arbeiten aufzugeben. Wie bew\u00e4ltigt man diese Probleme und bewahrt zugleich Durchhalteverm\u00f6gen und Motivation? Diesen Fragen widmet sich Stephan Schmauke in seinem Ratgeber wie auch in unserer neuen Podcast-Folge.<\/p>\n\n\n\n<p><strong>Stephan Schmauke<\/strong>, geb. 1970, ist promovierter Philosoph, freier Wissenschaftsautor und Dozent. Seit 2012 leitet er interdisziplin\u00e4re Seminare der Promotionsf\u00f6rderung der Friedrich-Ebert-Stiftung. <\/p>\n\n\n\n<h3 class=\"wp-block-heading\"><a href=\"https:\/\/dietz-verlag.de\/isbn\/9783801205850\/Der-Weg-zur-Promotion-Strukturiert-und-gelassen-zum-Doktortitel-Stephan-Schmauke#tab-podcasts\" target=\"_blank\" rel=\"noreferrer noopener\">Podcast-Gespr\u00e4ch hier anh\u00f6ren!<\/a><\/h3>\n\n\n\n<p> \u00bb<a href=\"https:\/\/dietz-verlag.de\/podcast-dietzunddas.htm\" target=\"_blank\" rel=\"noreferrer noopener\">Dietz &amp; Das<\/a>\u00ab &#8211; so hei\u00dft unser Podcast zu Politik, Gesellschaft und Geschichte. Autor*innen aus dem Dietz-Verlag stellen hier ihre neuen B\u00fccher vor und sprechen \u00fcber politische und gesellschaftliche Themen &#8211; informativ, unterhaltsam, inspirierend. Jeden ersten Freitag im Monat gibt es eine neue Folge: spannende, offene Diskussionen und neue Sichtweisen von unterschiedlichen Expert*innen f\u00fcr alle, die sich eine differenzierte Meinung bilden wollen. \u00bbDietz &amp; Das\u00ab ist auf unserer <a href=\"https:\/\/dietz-verlag.de\/podcast-dietzunddas.htm\" target=\"_blank\" rel=\"noreferrer noopener\">Website<\/a> und auf allen Podcast-Plattformen abrufbar. <\/p>\n","protected":false},"excerpt":{"rendered":"<p>In unserer neuen Podcast-Folge unterh\u00e4lt sich der Verfasser des Promotionsratgebers \u00bbDer Weg zur Promotion. Strukturiert und gelassen zum Doktortitel\u00ab Stephan Schmauke mit seiner Tochter Emma \u00fcber die Herausforderungen, vor denen Promovierende heutzutage stehen. Sie wollen z\u00fcgig vorankommen, ohne aber den \u00dcberblick zu verlieren, m\u00fcssen den Anforderungen eines verschulten Wissenschaftsbetriebes gen\u00fcgen, ohne die Anspr\u00fcche an wissenschaftliches [&hellip;]<\/p>\n","protected":false},"author":2,"featured_media":1711,"comment_status":"open","ping_status":"open","sticky":false,"template":"","format":"standard","meta":{"footnotes":""},"categories":[31],"tags":[57,58,53],"post_flags":[],"class_list":["post-1501","post","type-post","status-publish","format-standard","has-post-thumbnail","hentry","category-podcast-politik-und-gesellschaft","tag-doktorarbeit","tag-promovieren","tag-ratgeber"],"acf":[],"yoast_head":"<!-- This site is optimized with the Yoast SEO plugin v27.5 - https:\/\/yoast.com\/product\/yoast-seo-wordpress\/ -->\n<title>Neues Podcast-Gespr\u00e4ch mit Stephan Schmauke \u00fcber seinen Promotionsratgeber - Dietz Verlag Blog<\/title>\n<meta name=\"description\" content=\"\u00dcber seinen etwas anderen Promotionsratgeber spricht Stephan Schmauke in der neuen Folge unseres Podcast \u00bbDietz &amp; Das\u00ab\" \/>\n<meta name=\"robots\" content=\"index, follow, max-snippet:-1, max-image-preview:large, max-video-preview:-1\" \/>\n<link rel=\"canonical\" href=\"https:\/\/dietz-verlag.de\/blog\/neue-podcast-folge-stephan-schmauke-promotionsratgeber\/\" \/>\n<meta property=\"og:locale\" content=\"de_DE\" \/>\n<meta property=\"og:type\" content=\"article\" \/>\n<meta property=\"og:title\" content=\"Neues Podcast-Gespr\u00e4ch mit Stephan Schmauke \u00fcber seinen Promotionsratgeber - Dietz Verlag Blog\" \/>\n<meta property=\"og:description\" content=\"\u00dcber seinen etwas anderen Promotionsratgeber spricht Stephan Schmauke in der neuen Folge unseres Podcast \u00bbDietz &amp; Das\u00ab\" \/>\n<meta property=\"og:url\" content=\"https:\/\/dietz-verlag.de\/blog\/neue-podcast-folge-stephan-schmauke-promotionsratgeber\/\" \/>\n<meta property=\"og:site_name\" content=\"Dietz Verlag Blog\" \/>\n<meta property=\"article:published_time\" content=\"2021-10-04T08:27:38+00:00\" \/>\n<meta property=\"article:modified_time\" content=\"2022-03-21T09:58:35+00:00\" \/>\n<meta property=\"og:image\" content=\"https:\/\/dietz-verlag.de\/blog\/wp-content\/uploads\/2021\/10\/Blog_Schmauke.webp\" \/>\n\t<meta property=\"og:image:width\" content=\"1867\" \/>\n\t<meta property=\"og:image:height\" content=\"933\" \/>\n\t<meta property=\"og:image:type\" content=\"image\/webp\" \/>\n<meta name=\"author\" content=\"Oh\" \/>\n<meta name=\"twitter:card\" content=\"summary_large_image\" \/>\n<meta name=\"twitter:label1\" content=\"Verfasst von\" \/>\n\t<meta name=\"twitter:data1\" content=\"Oh\" \/>\n\t<meta name=\"twitter:label2\" content=\"Gesch\u00e4tzte Lesezeit\" \/>\n\t<meta name=\"twitter:data2\" content=\"1\u00a0Minute\" \/>\n<script type=\"application\/ld+json\" class=\"yoast-schema-graph\">{\"@context\":\"https:\\\/\\\/schema.org\",\"@graph\":[{\"@type\":\"Article\",\"@id\":\"https:\\\/\\\/dietz-verlag.de\\\/blog\\\/neue-podcast-folge-stephan-schmauke-promotionsratgeber\\\/#article\",\"isPartOf\":{\"@id\":\"https:\\\/\\\/dietz-verlag.de\\\/blog\\\/neue-podcast-folge-stephan-schmauke-promotionsratgeber\\\/\"},\"author\":{\"name\":\"Oh\",\"@id\":\"https:\\\/\\\/dietz-verlag.de\\\/blog\\\/#\\\/schema\\\/person\\\/7cd2cd668cf616f5c70cd54974dd6de3\"},\"headline\":\"Neues Podcast-Gespr\u00e4ch mit Stephan Schmauke \u00fcber seinen Promotionsratgeber\",\"datePublished\":\"2021-10-04T08:27:38+00:00\",\"dateModified\":\"2022-03-21T09:58:35+00:00\",\"mainEntityOfPage\":{\"@id\":\"https:\\\/\\\/dietz-verlag.de\\\/blog\\\/neue-podcast-folge-stephan-schmauke-promotionsratgeber\\\/\"},\"wordCount\":204,\"commentCount\":0,\"image\":{\"@id\":\"https:\\\/\\\/dietz-verlag.de\\\/blog\\\/neue-podcast-folge-stephan-schmauke-promotionsratgeber\\\/#primaryimage\"},\"thumbnailUrl\":\"https:\\\/\\\/dietz-verlag.de\\\/blog\\\/wp-content\\\/uploads\\\/2021\\\/10\\\/Blog_Schmauke.webp\",\"keywords\":[\"Doktorarbeit\",\"Promovieren\",\"Ratgeber\"],\"articleSection\":[\"Podcast \u00bbDietz &amp; Das\u00ab\"],\"inLanguage\":\"de\",\"potentialAction\":[{\"@type\":\"CommentAction\",\"name\":\"Comment\",\"target\":[\"https:\\\/\\\/dietz-verlag.de\\\/blog\\\/neue-podcast-folge-stephan-schmauke-promotionsratgeber\\\/#respond\"]}]},{\"@type\":\"WebPage\",\"@id\":\"https:\\\/\\\/dietz-verlag.de\\\/blog\\\/neue-podcast-folge-stephan-schmauke-promotionsratgeber\\\/\",\"url\":\"https:\\\/\\\/dietz-verlag.de\\\/blog\\\/neue-podcast-folge-stephan-schmauke-promotionsratgeber\\\/\",\"name\":\"Neues Podcast-Gespr\u00e4ch mit Stephan Schmauke \u00fcber seinen Promotionsratgeber - Dietz Verlag Blog\",\"isPartOf\":{\"@id\":\"https:\\\/\\\/dietz-verlag.de\\\/blog\\\/#website\"},\"primaryImageOfPage\":{\"@id\":\"https:\\\/\\\/dietz-verlag.de\\\/blog\\\/neue-podcast-folge-stephan-schmauke-promotionsratgeber\\\/#primaryimage\"},\"image\":{\"@id\":\"https:\\\/\\\/dietz-verlag.de\\\/blog\\\/neue-podcast-folge-stephan-schmauke-promotionsratgeber\\\/#primaryimage\"},\"thumbnailUrl\":\"https:\\\/\\\/dietz-verlag.de\\\/blog\\\/wp-content\\\/uploads\\\/2021\\\/10\\\/Blog_Schmauke.webp\",\"datePublished\":\"2021-10-04T08:27:38+00:00\",\"dateModified\":\"2022-03-21T09:58:35+00:00\",\"author\":{\"@id\":\"https:\\\/\\\/dietz-verlag.de\\\/blog\\\/#\\\/schema\\\/person\\\/7cd2cd668cf616f5c70cd54974dd6de3\"},\"description\":\"\u00dcber seinen etwas anderen Promotionsratgeber spricht Stephan Schmauke in der neuen Folge unseres Podcast \u00bbDietz & Das\u00ab\",\"breadcrumb\":{\"@id\":\"https:\\\/\\\/dietz-verlag.de\\\/blog\\\/neue-podcast-folge-stephan-schmauke-promotionsratgeber\\\/#breadcrumb\"},\"inLanguage\":\"de\",\"potentialAction\":[{\"@type\":\"ReadAction\",\"target\":[\"https:\\\/\\\/dietz-verlag.de\\\/blog\\\/neue-podcast-folge-stephan-schmauke-promotionsratgeber\\\/\"]}]},{\"@type\":\"ImageObject\",\"inLanguage\":\"de\",\"@id\":\"https:\\\/\\\/dietz-verlag.de\\\/blog\\\/neue-podcast-folge-stephan-schmauke-promotionsratgeber\\\/#primaryimage\",\"url\":\"https:\\\/\\\/dietz-verlag.de\\\/blog\\\/wp-content\\\/uploads\\\/2021\\\/10\\\/Blog_Schmauke.webp\",\"contentUrl\":\"https:\\\/\\\/dietz-verlag.de\\\/blog\\\/wp-content\\\/uploads\\\/2021\\\/10\\\/Blog_Schmauke.webp\",\"width\":1867,\"height\":933,\"caption\":\"Podcast-Gespr\u00e4ch mit Stephan Schmauke zu seinem Promotionsratgeber\"},{\"@type\":\"BreadcrumbList\",\"@id\":\"https:\\\/\\\/dietz-verlag.de\\\/blog\\\/neue-podcast-folge-stephan-schmauke-promotionsratgeber\\\/#breadcrumb\",\"itemListElement\":[{\"@type\":\"ListItem\",\"position\":1,\"name\":\"Startseite\",\"item\":\"https:\\\/\\\/dietz-verlag.de\\\/blog\\\/\"},{\"@type\":\"ListItem\",\"position\":2,\"name\":\"Neues Podcast-Gespr\u00e4ch mit Stephan Schmauke \u00fcber seinen Promotionsratgeber\"}]},{\"@type\":\"WebSite\",\"@id\":\"https:\\\/\\\/dietz-verlag.de\\\/blog\\\/#website\",\"url\":\"https:\\\/\\\/dietz-verlag.de\\\/blog\\\/\",\"name\":\"Dietz Verlag Blog\",\"description\":\"Politik, Gesellschaft und Geschichte\",\"potentialAction\":[{\"@type\":\"SearchAction\",\"target\":{\"@type\":\"EntryPoint\",\"urlTemplate\":\"https:\\\/\\\/dietz-verlag.de\\\/blog\\\/?s={search_term_string}\"},\"query-input\":{\"@type\":\"PropertyValueSpecification\",\"valueRequired\":true,\"valueName\":\"search_term_string\"}}],\"inLanguage\":\"de\"},{\"@type\":\"Person\",\"@id\":\"https:\\\/\\\/dietz-verlag.de\\\/blog\\\/#\\\/schema\\\/person\\\/7cd2cd668cf616f5c70cd54974dd6de3\",\"name\":\"Oh\",\"image\":{\"@type\":\"ImageObject\",\"inLanguage\":\"de\",\"@id\":\"https:\\\/\\\/secure.gravatar.com\\\/avatar\\\/2753eb960a803d4b6c0fc295b07ad7ef2d5937b5e4e3f79504212153daa57c3d?s=96&d=mm&r=g\",\"url\":\"https:\\\/\\\/secure.gravatar.com\\\/avatar\\\/2753eb960a803d4b6c0fc295b07ad7ef2d5937b5e4e3f79504212153daa57c3d?s=96&d=mm&r=g\",\"contentUrl\":\"https:\\\/\\\/secure.gravatar.com\\\/avatar\\\/2753eb960a803d4b6c0fc295b07ad7ef2d5937b5e4e3f79504212153daa57c3d?s=96&d=mm&r=g\",\"caption\":\"Oh\"},\"sameAs\":[\"http:\\\/\\\/dietz-verlag.de\"],\"url\":\"https:\\\/\\\/dietz-verlag.de\\\/blog\\\/author\\\/barbaraoh\\\/\"}]}<\/script>\n<!-- \/ Yoast SEO plugin. -->","yoast_head_json":{"title":"Neues Podcast-Gespr\u00e4ch mit Stephan Schmauke \u00fcber seinen Promotionsratgeber - Dietz Verlag Blog","description":"\u00dcber seinen etwas anderen Promotionsratgeber spricht Stephan Schmauke in der neuen Folge unseres Podcast \u00bbDietz & Das\u00ab","robots":{"index":"index","follow":"follow","max-snippet":"max-snippet:-1","max-image-preview":"max-image-preview:large","max-video-preview":"max-video-preview:-1"},"canonical":"https:\/\/dietz-verlag.de\/blog\/neue-podcast-folge-stephan-schmauke-promotionsratgeber\/","og_locale":"de_DE","og_type":"article","og_title":"Neues Podcast-Gespr\u00e4ch mit Stephan Schmauke \u00fcber seinen Promotionsratgeber - Dietz Verlag Blog","og_description":"\u00dcber seinen etwas anderen Promotionsratgeber spricht Stephan Schmauke in der neuen Folge unseres Podcast \u00bbDietz & Das\u00ab","og_url":"https:\/\/dietz-verlag.de\/blog\/neue-podcast-folge-stephan-schmauke-promotionsratgeber\/","og_site_name":"Dietz Verlag Blog","article_published_time":"2021-10-04T08:27:38+00:00","article_modified_time":"2022-03-21T09:58:35+00:00","og_image":[{"width":1867,"height":933,"url":"https:\/\/dietz-verlag.de\/blog\/wp-content\/uploads\/2021\/10\/Blog_Schmauke.webp","type":"image\/webp"}],"author":"Oh","twitter_card":"summary_large_image","twitter_misc":{"Verfasst von":"Oh","Gesch\u00e4tzte Lesezeit":"1\u00a0Minute"},"schema":{"@context":"https:\/\/schema.org","@graph":[{"@type":"Article","@id":"https:\/\/dietz-verlag.de\/blog\/neue-podcast-folge-stephan-schmauke-promotionsratgeber\/#article","isPartOf":{"@id":"https:\/\/dietz-verlag.de\/blog\/neue-podcast-folge-stephan-schmauke-promotionsratgeber\/"},"author":{"name":"Oh","@id":"https:\/\/dietz-verlag.de\/blog\/#\/schema\/person\/7cd2cd668cf616f5c70cd54974dd6de3"},"headline":"Neues Podcast-Gespr\u00e4ch mit Stephan Schmauke \u00fcber seinen Promotionsratgeber","datePublished":"2021-10-04T08:27:38+00:00","dateModified":"2022-03-21T09:58:35+00:00","mainEntityOfPage":{"@id":"https:\/\/dietz-verlag.de\/blog\/neue-podcast-folge-stephan-schmauke-promotionsratgeber\/"},"wordCount":204,"commentCount":0,"image":{"@id":"https:\/\/dietz-verlag.de\/blog\/neue-podcast-folge-stephan-schmauke-promotionsratgeber\/#primaryimage"},"thumbnailUrl":"https:\/\/dietz-verlag.de\/blog\/wp-content\/uploads\/2021\/10\/Blog_Schmauke.webp","keywords":["Doktorarbeit","Promovieren","Ratgeber"],"articleSection":["Podcast \u00bbDietz &amp; Das\u00ab"],"inLanguage":"de","potentialAction":[{"@type":"CommentAction","name":"Comment","target":["https:\/\/dietz-verlag.de\/blog\/neue-podcast-folge-stephan-schmauke-promotionsratgeber\/#respond"]}]},{"@type":"WebPage","@id":"https:\/\/dietz-verlag.de\/blog\/neue-podcast-folge-stephan-schmauke-promotionsratgeber\/","url":"https:\/\/dietz-verlag.de\/blog\/neue-podcast-folge-stephan-schmauke-promotionsratgeber\/","name":"Neues Podcast-Gespr\u00e4ch mit Stephan Schmauke \u00fcber seinen Promotionsratgeber - Dietz Verlag Blog","isPartOf":{"@id":"https:\/\/dietz-verlag.de\/blog\/#website"},"primaryImageOfPage":{"@id":"https:\/\/dietz-verlag.de\/blog\/neue-podcast-folge-stephan-schmauke-promotionsratgeber\/#primaryimage"},"image":{"@id":"https:\/\/dietz-verlag.de\/blog\/neue-podcast-folge-stephan-schmauke-promotionsratgeber\/#primaryimage"},"thumbnailUrl":"https:\/\/dietz-verlag.de\/blog\/wp-content\/uploads\/2021\/10\/Blog_Schmauke.webp","datePublished":"2021-10-04T08:27:38+00:00","dateModified":"2022-03-21T09:58:35+00:00","author":{"@id":"https:\/\/dietz-verlag.de\/blog\/#\/schema\/person\/7cd2cd668cf616f5c70cd54974dd6de3"},"description":"\u00dcber seinen etwas anderen Promotionsratgeber spricht Stephan Schmauke in der neuen Folge unseres Podcast \u00bbDietz & Das\u00ab","breadcrumb":{"@id":"https:\/\/dietz-verlag.de\/blog\/neue-podcast-folge-stephan-schmauke-promotionsratgeber\/#breadcrumb"},"inLanguage":"de","potentialAction":[{"@type":"ReadAction","target":["https:\/\/dietz-verlag.de\/blog\/neue-podcast-folge-stephan-schmauke-promotionsratgeber\/"]}]},{"@type":"ImageObject","inLanguage":"de","@id":"https:\/\/dietz-verlag.de\/blog\/neue-podcast-folge-stephan-schmauke-promotionsratgeber\/#primaryimage","url":"https:\/\/dietz-verlag.de\/blog\/wp-content\/uploads\/2021\/10\/Blog_Schmauke.webp","contentUrl":"https:\/\/dietz-verlag.de\/blog\/wp-content\/uploads\/2021\/10\/Blog_Schmauke.webp","width":1867,"height":933,"caption":"Podcast-Gespr\u00e4ch mit Stephan Schmauke zu seinem Promotionsratgeber"},{"@type":"BreadcrumbList","@id":"https:\/\/dietz-verlag.de\/blog\/neue-podcast-folge-stephan-schmauke-promotionsratgeber\/#breadcrumb","itemListElement":[{"@type":"ListItem","position":1,"name":"Startseite","item":"https:\/\/dietz-verlag.de\/blog\/"},{"@type":"ListItem","position":2,"name":"Neues Podcast-Gespr\u00e4ch mit Stephan Schmauke \u00fcber seinen Promotionsratgeber"}]},{"@type":"WebSite","@id":"https:\/\/dietz-verlag.de\/blog\/#website","url":"https:\/\/dietz-verlag.de\/blog\/","name":"Dietz Verlag Blog","description":"Politik, Gesellschaft und Geschichte","potentialAction":[{"@type":"SearchAction","target":{"@type":"EntryPoint","urlTemplate":"https:\/\/dietz-verlag.de\/blog\/?s={search_term_string}"},"query-input":{"@type":"PropertyValueSpecification","valueRequired":true,"valueName":"search_term_string"}}],"inLanguage":"de"},{"@type":"Person","@id":"https:\/\/dietz-verlag.de\/blog\/#\/schema\/person\/7cd2cd668cf616f5c70cd54974dd6de3","name":"Oh","image":{"@type":"ImageObject","inLanguage":"de","@id":"https:\/\/secure.gravatar.com\/avatar\/2753eb960a803d4b6c0fc295b07ad7ef2d5937b5e4e3f79504212153daa57c3d?s=96&d=mm&r=g","url":"https:\/\/secure.gravatar.com\/avatar\/2753eb960a803d4b6c0fc295b07ad7ef2d5937b5e4e3f79504212153daa57c3d?s=96&d=mm&r=g","contentUrl":"https:\/\/secure.gravatar.com\/avatar\/2753eb960a803d4b6c0fc295b07ad7ef2d5937b5e4e3f79504212153daa57c3d?s=96&d=mm&r=g","caption":"Oh"},"sameAs":["http:\/\/dietz-verlag.de"],"url":"https:\/\/dietz-verlag.de\/blog\/author\/barbaraoh\/"}]}},"_links":{"self":[{"href":"https:\/\/dietz-verlag.de\/blog\/wp-json\/wp\/v2\/posts\/1501","targetHints":{"allow":["GET"]}}],"collection":[{"href":"https:\/\/dietz-verlag.de\/blog\/wp-json\/wp\/v2\/posts"}],"about":[{"href":"https:\/\/dietz-verlag.de\/blog\/wp-json\/wp\/v2\/types\/post"}],"author":[{"embeddable":true,"href":"https:\/\/dietz-verlag.de\/blog\/wp-json\/wp\/v2\/users\/2"}],"replies":[{"embeddable":true,"href":"https:\/\/dietz-verlag.de\/blog\/wp-json\/wp\/v2\/comments?post=1501"}],"version-history":[{"count":15,"href":"https:\/\/dietz-verlag.de\/blog\/wp-json\/wp\/v2\/posts\/1501\/revisions"}],"predecessor-version":[{"id":1726,"href":"https:\/\/dietz-verlag.de\/blog\/wp-json\/wp\/v2\/posts\/1501\/revisions\/1726"}],"wp:featuredmedia":[{"embeddable":true,"href":"https:\/\/dietz-verlag.de\/blog\/wp-json\/wp\/v2\/media\/1711"}],"wp:attachment":[{"href":"https:\/\/dietz-verlag.de\/blog\/wp-json\/wp\/v2\/media?parent=1501"}],"wp:term":[{"taxonomy":"category","embeddable":true,"href":"https:\/\/dietz-verlag.de\/blog\/wp-json\/wp\/v2\/categories?post=1501"},{"taxonomy":"post_tag","embeddable":true,"href":"https:\/\/dietz-verlag.de\/blog\/wp-json\/wp\/v2\/tags?post=1501"},{"taxonomy":"post_flag","embeddable":true,"href":"https:\/\/dietz-verlag.de\/blog\/wp-json\/wp\/v2\/post_flags?post=1501"}],"curies":[{"name":"wp","href":"https:\/\/api.w.org\/{rel}","templated":true}]}}