{"id":1373,"date":"2021-10-05T09:59:44","date_gmt":"2021-10-05T09:59:44","guid":{"rendered":"https:\/\/dietz-verlag.de\/blog\/?p=1373"},"modified":"2022-03-21T09:58:53","modified_gmt":"2022-03-21T09:58:53","slug":"die-spd-zwischen-krise-und-neuaufang","status":"publish","type":"post","link":"https:\/\/dietz-verlag.de\/blog\/die-spd-zwischen-krise-und-neuaufang\/","title":{"rendered":"Die SPD zwischen Krise und Neuaufang"},"content":{"rendered":"\n<p>Noch vor wenigen Monaten stand die Frage im Raum, ob die \u00e4lteste demokratische Partei Deutschlands \u00fcberhaupt noch in der Lage ist, ein breites gesellschaftliches B\u00fcndnis f\u00fcr mehr Gerechtigkeit zusammenzuf\u00fchren. Die SPD-Insider und Wissenschaftler Gerd Mielke und Fedor Ruhose ziehen in ihrem Buch &#8222;<a href=\"https:\/\/dietz-verlag.de\/isbn\/9783801206161\/Zwischen-Selbstaufgabe-und-Selbstfindung-Wo-steht-die-SPD-Gerd-Mielke-Fedor-Ruhose\" target=\"_blank\" rel=\"noreferrer noopener\">Zwischen Selbstaufgabe und Selbstfindung. Wo steht die SPD?<\/a>&#8220; eine ehrliche und schmerzhafte Bilanz: Die wahren Ursachen der Krise liegen in der Partei selbst. Indem sie auf Distanz zur eigenen Tradition gegangen sind, haben die Sozialdemokraten ihren Kompass verloren, und ihre klassische Rolle als linke Volkspartei ist in Gefahr. Doch noch hat die SPD alle Chancen, wieder zur treibenden politischen Kraft in Deutschland aufzusteigen &#8211; das Ergebnis der Bundestagswahl best\u00e4tigt dies deutlich. Daf\u00fcr m\u00fcssen die Weichen jetzt gestellt werden. Auch diese zeigen die Autoren auf.<\/p>\n\n\n\n<p><\/p>\n\n\n\n<p><strong>Gerd Mielke<\/strong>, geb. 1947, ist Professor f\u00fcr Politikwissenschaft an der Johannes-Gutenberg-Universit\u00e4t Mainz. Unter den Ministerpr\u00e4sidenten Rudolf Scharping und Kurt Beck war er Abteilungsleiter und Leiter der Stabsstelle f\u00fcr Grundsatzfragen in der Staatskanzlei Rheinland-Pfalz in Mainz.<\/p>\n\n\n\n<p><\/p>\n\n\n\n<p><strong>Fedor Ruhose<\/strong>, geb. 1982, ist hauptberuflich Staatssekret\u00e4r im Ministerium f\u00fcr Arbeit, Soziales, Transformation und Digitalisierung Rheinland-Pfalz. Dar\u00fcber hinaus ist er Policy Fellow am Berliner Think Tank \u00bbDas Progressive Zentrum\u00ab. Zwischen 2014 und 2021 arbeitete er als Gesch\u00e4ftsf\u00fchrer der SPD-Fraktion im Landtag Rheinland-Pfalz und wirkte dabei sowohl in einer rot-gr\u00fcnen als auch in einer Ampel-Koalition.<\/p>\n","protected":false},"excerpt":{"rendered":"<p>Noch vor wenigen Monaten stand die Frage im Raum, ob die \u00e4lteste demokratische Partei Deutschlands \u00fcberhaupt noch in der Lage ist, ein breites gesellschaftliches B\u00fcndnis f\u00fcr mehr Gerechtigkeit zusammenzuf\u00fchren. Die SPD-Insider und Wissenschaftler Gerd Mielke und Fedor Ruhose ziehen in ihrem Buch &#8222;Zwischen Selbstaufgabe und Selbstfindung. Wo steht die SPD?&#8220; eine ehrliche und schmerzhafte Bilanz: [&hellip;]<\/p>\n","protected":false},"author":2,"featured_media":1603,"comment_status":"closed","ping_status":"open","sticky":false,"template":"","format":"standard","meta":{"footnotes":""},"categories":[16],"tags":[55,12,13,15],"post_flags":[],"class_list":["post-1373","post","type-post","status-publish","format-standard","has-post-thumbnail","hentry","category-neue-buecher-politik","tag-bundestagswahl-2021","tag-parteien","tag-parteienkrise","tag-sozialdemokratische-partei-deutschland"],"acf":[],"yoast_head":"<!-- This site is optimized with the Yoast SEO plugin v27.5 - https:\/\/yoast.com\/product\/yoast-seo-wordpress\/ -->\n<title>Die SPD zwischen Krise und Neuaufang - Dietz Verlag Blog<\/title>\n<meta name=\"description\" content=\"Wo steht die SPD? Dieser Frage gehen Gerd Mielke und Fedor Ruhose als Partei-Insider in ihrem neuen Buch auf den Grund.\" \/>\n<meta name=\"robots\" content=\"index, follow, max-snippet:-1, max-image-preview:large, max-video-preview:-1\" \/>\n<link rel=\"canonical\" href=\"https:\/\/dietz-verlag.de\/blog\/die-spd-zwischen-krise-und-neuaufang\/\" \/>\n<meta property=\"og:locale\" content=\"de_DE\" \/>\n<meta property=\"og:type\" content=\"article\" \/>\n<meta property=\"og:title\" content=\"Die SPD zwischen Krise und Neuaufang - Dietz Verlag Blog\" \/>\n<meta property=\"og:description\" content=\"Wo steht die SPD? Dieser Frage gehen Gerd Mielke und Fedor Ruhose als Partei-Insider in ihrem neuen Buch auf den Grund.\" \/>\n<meta property=\"og:url\" content=\"https:\/\/dietz-verlag.de\/blog\/die-spd-zwischen-krise-und-neuaufang\/\" \/>\n<meta property=\"og:site_name\" content=\"Dietz Verlag Blog\" \/>\n<meta property=\"article:published_time\" content=\"2021-10-05T09:59:44+00:00\" \/>\n<meta property=\"article:modified_time\" content=\"2022-03-21T09:58:53+00:00\" \/>\n<meta property=\"og:image\" content=\"https:\/\/dietz-verlag.de\/blog\/wp-content\/uploads\/2021\/10\/Blog_Ruhose.webp\" \/>\n\t<meta property=\"og:image:width\" content=\"1867\" \/>\n\t<meta property=\"og:image:height\" content=\"933\" \/>\n\t<meta property=\"og:image:type\" content=\"image\/webp\" \/>\n<meta name=\"author\" content=\"Oh\" \/>\n<meta name=\"twitter:card\" content=\"summary_large_image\" \/>\n<meta name=\"twitter:title\" content=\"Test %\" \/>\n<meta name=\"twitter:description\" content=\"Test Test Test\" \/>\n<meta name=\"twitter:label1\" content=\"Verfasst von\" \/>\n\t<meta name=\"twitter:data1\" content=\"Oh\" \/>\n\t<meta name=\"twitter:label2\" content=\"Gesch\u00e4tzte Lesezeit\" \/>\n\t<meta name=\"twitter:data2\" content=\"1\u00a0Minute\" \/>\n<script type=\"application\/ld+json\" class=\"yoast-schema-graph\">{\"@context\":\"https:\\\/\\\/schema.org\",\"@graph\":[{\"@type\":\"Article\",\"@id\":\"https:\\\/\\\/dietz-verlag.de\\\/blog\\\/die-spd-zwischen-krise-und-neuaufang\\\/#article\",\"isPartOf\":{\"@id\":\"https:\\\/\\\/dietz-verlag.de\\\/blog\\\/die-spd-zwischen-krise-und-neuaufang\\\/\"},\"author\":{\"name\":\"Oh\",\"@id\":\"https:\\\/\\\/dietz-verlag.de\\\/blog\\\/#\\\/schema\\\/person\\\/7cd2cd668cf616f5c70cd54974dd6de3\"},\"headline\":\"Die SPD zwischen Krise und Neuaufang\",\"datePublished\":\"2021-10-05T09:59:44+00:00\",\"dateModified\":\"2022-03-21T09:58:53+00:00\",\"mainEntityOfPage\":{\"@id\":\"https:\\\/\\\/dietz-verlag.de\\\/blog\\\/die-spd-zwischen-krise-und-neuaufang\\\/\"},\"wordCount\":233,\"image\":{\"@id\":\"https:\\\/\\\/dietz-verlag.de\\\/blog\\\/die-spd-zwischen-krise-und-neuaufang\\\/#primaryimage\"},\"thumbnailUrl\":\"https:\\\/\\\/dietz-verlag.de\\\/blog\\\/wp-content\\\/uploads\\\/2021\\\/10\\\/Blog_Ruhose.webp\",\"keywords\":[\"Bundestagswahl 2021\",\"Parteien\",\"Parteienkrise\",\"Sozialdemokratische Partei Deutschland\"],\"articleSection\":[\"Neuerscheinungen\"],\"inLanguage\":\"de\"},{\"@type\":\"WebPage\",\"@id\":\"https:\\\/\\\/dietz-verlag.de\\\/blog\\\/die-spd-zwischen-krise-und-neuaufang\\\/\",\"url\":\"https:\\\/\\\/dietz-verlag.de\\\/blog\\\/die-spd-zwischen-krise-und-neuaufang\\\/\",\"name\":\"Die SPD zwischen Krise und Neuaufang - Dietz Verlag Blog\",\"isPartOf\":{\"@id\":\"https:\\\/\\\/dietz-verlag.de\\\/blog\\\/#website\"},\"primaryImageOfPage\":{\"@id\":\"https:\\\/\\\/dietz-verlag.de\\\/blog\\\/die-spd-zwischen-krise-und-neuaufang\\\/#primaryimage\"},\"image\":{\"@id\":\"https:\\\/\\\/dietz-verlag.de\\\/blog\\\/die-spd-zwischen-krise-und-neuaufang\\\/#primaryimage\"},\"thumbnailUrl\":\"https:\\\/\\\/dietz-verlag.de\\\/blog\\\/wp-content\\\/uploads\\\/2021\\\/10\\\/Blog_Ruhose.webp\",\"datePublished\":\"2021-10-05T09:59:44+00:00\",\"dateModified\":\"2022-03-21T09:58:53+00:00\",\"author\":{\"@id\":\"https:\\\/\\\/dietz-verlag.de\\\/blog\\\/#\\\/schema\\\/person\\\/7cd2cd668cf616f5c70cd54974dd6de3\"},\"description\":\"Wo steht die SPD? Dieser Frage gehen Gerd Mielke und Fedor Ruhose als Partei-Insider in ihrem neuen Buch auf den Grund.\",\"breadcrumb\":{\"@id\":\"https:\\\/\\\/dietz-verlag.de\\\/blog\\\/die-spd-zwischen-krise-und-neuaufang\\\/#breadcrumb\"},\"inLanguage\":\"de\",\"potentialAction\":[{\"@type\":\"ReadAction\",\"target\":[\"https:\\\/\\\/dietz-verlag.de\\\/blog\\\/die-spd-zwischen-krise-und-neuaufang\\\/\"]}]},{\"@type\":\"ImageObject\",\"inLanguage\":\"de\",\"@id\":\"https:\\\/\\\/dietz-verlag.de\\\/blog\\\/die-spd-zwischen-krise-und-neuaufang\\\/#primaryimage\",\"url\":\"https:\\\/\\\/dietz-verlag.de\\\/blog\\\/wp-content\\\/uploads\\\/2021\\\/10\\\/Blog_Ruhose.webp\",\"contentUrl\":\"https:\\\/\\\/dietz-verlag.de\\\/blog\\\/wp-content\\\/uploads\\\/2021\\\/10\\\/Blog_Ruhose.webp\",\"width\":1867,\"height\":933,\"caption\":\"Cover des Buches \\\"Zwischen Selbstaufgabe und Selbstfindung. Wo steht die SPD?\\\" von Gerd Mielke und Fedor Ruhose\"},{\"@type\":\"BreadcrumbList\",\"@id\":\"https:\\\/\\\/dietz-verlag.de\\\/blog\\\/die-spd-zwischen-krise-und-neuaufang\\\/#breadcrumb\",\"itemListElement\":[{\"@type\":\"ListItem\",\"position\":1,\"name\":\"Startseite\",\"item\":\"https:\\\/\\\/dietz-verlag.de\\\/blog\\\/\"},{\"@type\":\"ListItem\",\"position\":2,\"name\":\"Die SPD zwischen Krise und Neuaufang\"}]},{\"@type\":\"WebSite\",\"@id\":\"https:\\\/\\\/dietz-verlag.de\\\/blog\\\/#website\",\"url\":\"https:\\\/\\\/dietz-verlag.de\\\/blog\\\/\",\"name\":\"Dietz Verlag Blog\",\"description\":\"Politik, Gesellschaft und Geschichte\",\"potentialAction\":[{\"@type\":\"SearchAction\",\"target\":{\"@type\":\"EntryPoint\",\"urlTemplate\":\"https:\\\/\\\/dietz-verlag.de\\\/blog\\\/?s={search_term_string}\"},\"query-input\":{\"@type\":\"PropertyValueSpecification\",\"valueRequired\":true,\"valueName\":\"search_term_string\"}}],\"inLanguage\":\"de\"},{\"@type\":\"Person\",\"@id\":\"https:\\\/\\\/dietz-verlag.de\\\/blog\\\/#\\\/schema\\\/person\\\/7cd2cd668cf616f5c70cd54974dd6de3\",\"name\":\"Oh\",\"image\":{\"@type\":\"ImageObject\",\"inLanguage\":\"de\",\"@id\":\"https:\\\/\\\/secure.gravatar.com\\\/avatar\\\/2753eb960a803d4b6c0fc295b07ad7ef2d5937b5e4e3f79504212153daa57c3d?s=96&d=mm&r=g\",\"url\":\"https:\\\/\\\/secure.gravatar.com\\\/avatar\\\/2753eb960a803d4b6c0fc295b07ad7ef2d5937b5e4e3f79504212153daa57c3d?s=96&d=mm&r=g\",\"contentUrl\":\"https:\\\/\\\/secure.gravatar.com\\\/avatar\\\/2753eb960a803d4b6c0fc295b07ad7ef2d5937b5e4e3f79504212153daa57c3d?s=96&d=mm&r=g\",\"caption\":\"Oh\"},\"sameAs\":[\"http:\\\/\\\/dietz-verlag.de\"],\"url\":\"https:\\\/\\\/dietz-verlag.de\\\/blog\\\/author\\\/barbaraoh\\\/\"}]}<\/script>\n<!-- \/ Yoast SEO plugin. -->","yoast_head_json":{"title":"Die SPD zwischen Krise und Neuaufang - Dietz Verlag Blog","description":"Wo steht die SPD? Dieser Frage gehen Gerd Mielke und Fedor Ruhose als Partei-Insider in ihrem neuen Buch auf den Grund.","robots":{"index":"index","follow":"follow","max-snippet":"max-snippet:-1","max-image-preview":"max-image-preview:large","max-video-preview":"max-video-preview:-1"},"canonical":"https:\/\/dietz-verlag.de\/blog\/die-spd-zwischen-krise-und-neuaufang\/","og_locale":"de_DE","og_type":"article","og_title":"Die SPD zwischen Krise und Neuaufang - Dietz Verlag Blog","og_description":"Wo steht die SPD? Dieser Frage gehen Gerd Mielke und Fedor Ruhose als Partei-Insider in ihrem neuen Buch auf den Grund.","og_url":"https:\/\/dietz-verlag.de\/blog\/die-spd-zwischen-krise-und-neuaufang\/","og_site_name":"Dietz Verlag Blog","article_published_time":"2021-10-05T09:59:44+00:00","article_modified_time":"2022-03-21T09:58:53+00:00","og_image":[{"width":1867,"height":933,"url":"https:\/\/dietz-verlag.de\/blog\/wp-content\/uploads\/2021\/10\/Blog_Ruhose.webp","type":"image\/webp"}],"author":"Oh","twitter_card":"summary_large_image","twitter_title":"Test %","twitter_description":"Test Test Test","twitter_misc":{"Verfasst von":"Oh","Gesch\u00e4tzte Lesezeit":"1\u00a0Minute"},"schema":{"@context":"https:\/\/schema.org","@graph":[{"@type":"Article","@id":"https:\/\/dietz-verlag.de\/blog\/die-spd-zwischen-krise-und-neuaufang\/#article","isPartOf":{"@id":"https:\/\/dietz-verlag.de\/blog\/die-spd-zwischen-krise-und-neuaufang\/"},"author":{"name":"Oh","@id":"https:\/\/dietz-verlag.de\/blog\/#\/schema\/person\/7cd2cd668cf616f5c70cd54974dd6de3"},"headline":"Die SPD zwischen Krise und Neuaufang","datePublished":"2021-10-05T09:59:44+00:00","dateModified":"2022-03-21T09:58:53+00:00","mainEntityOfPage":{"@id":"https:\/\/dietz-verlag.de\/blog\/die-spd-zwischen-krise-und-neuaufang\/"},"wordCount":233,"image":{"@id":"https:\/\/dietz-verlag.de\/blog\/die-spd-zwischen-krise-und-neuaufang\/#primaryimage"},"thumbnailUrl":"https:\/\/dietz-verlag.de\/blog\/wp-content\/uploads\/2021\/10\/Blog_Ruhose.webp","keywords":["Bundestagswahl 2021","Parteien","Parteienkrise","Sozialdemokratische Partei Deutschland"],"articleSection":["Neuerscheinungen"],"inLanguage":"de"},{"@type":"WebPage","@id":"https:\/\/dietz-verlag.de\/blog\/die-spd-zwischen-krise-und-neuaufang\/","url":"https:\/\/dietz-verlag.de\/blog\/die-spd-zwischen-krise-und-neuaufang\/","name":"Die SPD zwischen Krise und Neuaufang - Dietz Verlag Blog","isPartOf":{"@id":"https:\/\/dietz-verlag.de\/blog\/#website"},"primaryImageOfPage":{"@id":"https:\/\/dietz-verlag.de\/blog\/die-spd-zwischen-krise-und-neuaufang\/#primaryimage"},"image":{"@id":"https:\/\/dietz-verlag.de\/blog\/die-spd-zwischen-krise-und-neuaufang\/#primaryimage"},"thumbnailUrl":"https:\/\/dietz-verlag.de\/blog\/wp-content\/uploads\/2021\/10\/Blog_Ruhose.webp","datePublished":"2021-10-05T09:59:44+00:00","dateModified":"2022-03-21T09:58:53+00:00","author":{"@id":"https:\/\/dietz-verlag.de\/blog\/#\/schema\/person\/7cd2cd668cf616f5c70cd54974dd6de3"},"description":"Wo steht die SPD? Dieser Frage gehen Gerd Mielke und Fedor Ruhose als Partei-Insider in ihrem neuen Buch auf den Grund.","breadcrumb":{"@id":"https:\/\/dietz-verlag.de\/blog\/die-spd-zwischen-krise-und-neuaufang\/#breadcrumb"},"inLanguage":"de","potentialAction":[{"@type":"ReadAction","target":["https:\/\/dietz-verlag.de\/blog\/die-spd-zwischen-krise-und-neuaufang\/"]}]},{"@type":"ImageObject","inLanguage":"de","@id":"https:\/\/dietz-verlag.de\/blog\/die-spd-zwischen-krise-und-neuaufang\/#primaryimage","url":"https:\/\/dietz-verlag.de\/blog\/wp-content\/uploads\/2021\/10\/Blog_Ruhose.webp","contentUrl":"https:\/\/dietz-verlag.de\/blog\/wp-content\/uploads\/2021\/10\/Blog_Ruhose.webp","width":1867,"height":933,"caption":"Cover des Buches \"Zwischen Selbstaufgabe und Selbstfindung. Wo steht die SPD?\" von Gerd Mielke und Fedor Ruhose"},{"@type":"BreadcrumbList","@id":"https:\/\/dietz-verlag.de\/blog\/die-spd-zwischen-krise-und-neuaufang\/#breadcrumb","itemListElement":[{"@type":"ListItem","position":1,"name":"Startseite","item":"https:\/\/dietz-verlag.de\/blog\/"},{"@type":"ListItem","position":2,"name":"Die SPD zwischen Krise und Neuaufang"}]},{"@type":"WebSite","@id":"https:\/\/dietz-verlag.de\/blog\/#website","url":"https:\/\/dietz-verlag.de\/blog\/","name":"Dietz Verlag Blog","description":"Politik, Gesellschaft und Geschichte","potentialAction":[{"@type":"SearchAction","target":{"@type":"EntryPoint","urlTemplate":"https:\/\/dietz-verlag.de\/blog\/?s={search_term_string}"},"query-input":{"@type":"PropertyValueSpecification","valueRequired":true,"valueName":"search_term_string"}}],"inLanguage":"de"},{"@type":"Person","@id":"https:\/\/dietz-verlag.de\/blog\/#\/schema\/person\/7cd2cd668cf616f5c70cd54974dd6de3","name":"Oh","image":{"@type":"ImageObject","inLanguage":"de","@id":"https:\/\/secure.gravatar.com\/avatar\/2753eb960a803d4b6c0fc295b07ad7ef2d5937b5e4e3f79504212153daa57c3d?s=96&d=mm&r=g","url":"https:\/\/secure.gravatar.com\/avatar\/2753eb960a803d4b6c0fc295b07ad7ef2d5937b5e4e3f79504212153daa57c3d?s=96&d=mm&r=g","contentUrl":"https:\/\/secure.gravatar.com\/avatar\/2753eb960a803d4b6c0fc295b07ad7ef2d5937b5e4e3f79504212153daa57c3d?s=96&d=mm&r=g","caption":"Oh"},"sameAs":["http:\/\/dietz-verlag.de"],"url":"https:\/\/dietz-verlag.de\/blog\/author\/barbaraoh\/"}]}},"_links":{"self":[{"href":"https:\/\/dietz-verlag.de\/blog\/wp-json\/wp\/v2\/posts\/1373","targetHints":{"allow":["GET"]}}],"collection":[{"href":"https:\/\/dietz-verlag.de\/blog\/wp-json\/wp\/v2\/posts"}],"about":[{"href":"https:\/\/dietz-verlag.de\/blog\/wp-json\/wp\/v2\/types\/post"}],"author":[{"embeddable":true,"href":"https:\/\/dietz-verlag.de\/blog\/wp-json\/wp\/v2\/users\/2"}],"replies":[{"embeddable":true,"href":"https:\/\/dietz-verlag.de\/blog\/wp-json\/wp\/v2\/comments?post=1373"}],"version-history":[{"count":21,"href":"https:\/\/dietz-verlag.de\/blog\/wp-json\/wp\/v2\/posts\/1373\/revisions"}],"predecessor-version":[{"id":2209,"href":"https:\/\/dietz-verlag.de\/blog\/wp-json\/wp\/v2\/posts\/1373\/revisions\/2209"}],"wp:featuredmedia":[{"embeddable":true,"href":"https:\/\/dietz-verlag.de\/blog\/wp-json\/wp\/v2\/media\/1603"}],"wp:attachment":[{"href":"https:\/\/dietz-verlag.de\/blog\/wp-json\/wp\/v2\/media?parent=1373"}],"wp:term":[{"taxonomy":"category","embeddable":true,"href":"https:\/\/dietz-verlag.de\/blog\/wp-json\/wp\/v2\/categories?post=1373"},{"taxonomy":"post_tag","embeddable":true,"href":"https:\/\/dietz-verlag.de\/blog\/wp-json\/wp\/v2\/tags?post=1373"},{"taxonomy":"post_flag","embeddable":true,"href":"https:\/\/dietz-verlag.de\/blog\/wp-json\/wp\/v2\/post_flags?post=1373"}],"curies":[{"name":"wp","href":"https:\/\/api.w.org\/{rel}","templated":true}]}}